{"id":58681,"date":"2025-09-03T11:58:03","date_gmt":"2025-09-03T14:58:03","guid":{"rendered":"https:\/\/radiorevelacionfm.cl\/?p=58681"},"modified":"2025-09-03T11:58:03","modified_gmt":"2025-09-03T14:58:03","slug":"actores-del-sistema-judicial-participan-en-taller-que-busca-fortalecer-la-mediacion-penal-juvenil","status":"publish","type":"post","link":"https:\/\/radiorevelacionfm.cl\/?p=58681","title":{"rendered":"Actores del Sistema Judicial participan en taller que busca fortalecer la Mediaci\u00f3n Penal Juvenil"},"content":{"rendered":"<div class=\"flex_column av_one_full  flex_column_div av-zero-column-padding first  avia-builder-el-0  el_before_av_one_full  avia-builder-el-first  \" style='border-radius:0px; '><div  class='avia-image-container  av-styling-    avia-builder-el-1  avia-builder-el-no-sibling  avia-align-center '  itemprop=\"image\" itemscope=\"itemscope\" itemtype=\"https:\/\/schema.org\/ImageObject\"  ><div class='avia-image-container-inner'><div class='avia-image-overlay-wrap'><img decoding=\"async\" class='wp-image-58682 avia-img-lazy-loading-not-58682 avia_image' src=\"https:\/\/radiorevelacionfm.cl\/wp-content\/uploads\/2025\/09\/taller-2-4-1-1.jpg\" alt='' title='taller 2 (4) (1) (1)' height=\"600\" width=\"800\"  itemprop=\"thumbnailUrl\" srcset=\"https:\/\/radiorevelacionfm.cl\/wp-content\/uploads\/2025\/09\/taller-2-4-1-1.jpg 800w, https:\/\/radiorevelacionfm.cl\/wp-content\/uploads\/2025\/09\/taller-2-4-1-1-300x225.jpg 300w, https:\/\/radiorevelacionfm.cl\/wp-content\/uploads\/2025\/09\/taller-2-4-1-1-768x576.jpg 768w, https:\/\/radiorevelacionfm.cl\/wp-content\/uploads\/2025\/09\/taller-2-4-1-1-705x529.jpg 705w, https:\/\/radiorevelacionfm.cl\/wp-content\/uploads\/2025\/09\/taller-2-4-1-1-450x338.jpg 450w, https:\/\/radiorevelacionfm.cl\/wp-content\/uploads\/2025\/09\/taller-2-4-1-1-600x450.jpg 600w\" sizes=\"(max-width: 800px) 100vw, 800px\" \/><\/div><\/div><\/div><\/div><div class=\"flex_column av_one_full  flex_column_div av-zero-column-padding first  avia-builder-el-2  el_after_av_one_full  el_before_av_one_full  column-top-margin\" style='border-radius:0px; '><section class=\"av_textblock_section \"  itemscope=\"itemscope\" itemtype=\"https:\/\/schema.org\/BlogPosting\" itemprop=\"blogPost\" ><div class='avia_textblock  '   itemprop=\"text\" ><p style=\"text-align: center;\"><strong><span style=\"font-size: 18pt;\">Actores del Sistema Judicial participan en taller que busca fortalecer la Mediaci\u00f3n Penal Juvenil<\/span><\/strong><\/p>\n<div id=\"gtx-trans\" style=\"position: absolute; left: -50px; top: 4.31534px;\">\n<div class=\"gtx-trans-icon\"><\/div>\n<\/div>\n<\/div><\/section><\/div><div class=\"flex_column av_one_full  flex_column_div av-zero-column-padding first  avia-builder-el-4  el_after_av_one_full  el_before_av_hr  column-top-margin\" style='border-radius:0px; '><section class=\"av_textblock_section \"  itemscope=\"itemscope\" itemtype=\"https:\/\/schema.org\/BlogPosting\" itemprop=\"blogPost\" ><div class='avia_textblock  '   itemprop=\"text\" ><p style=\"text-align: justify;\"><em>Se\u00f1alar que la Mediaci\u00f3n Penal Juvenil, es uno de los elementos m\u00e1s innovadores que trae la reforma de la ley 20.084, las modificaciones y la ley que crea el nuevo servicio de Reinserci\u00f3n Social Juvenil.<\/em><\/p>\n<p style=\"text-align: justify;\">Este lunes en dependencias de la Defensor\u00eda Penal P\u00fablica, se llev\u00f3 a cabo un taller de fortalecimiento de capacidades en Mediaci\u00f3n Penal Juvenil dirigido a actores del sistema de Justicia a nivel regional, la instancia cont\u00f3 con la presencia del seremi de Justicia y Derechos Humanos Samuel Navarro Castro, el defensor regional Jorge Moraga Torres y el director del Servicio de Reinserci\u00f3n Social Juvenil Israel Villavicencio.<\/p>\n<p style=\"text-align: justify;\">Cabe mencionar que esta instancia es parte de un ciclo de capacitaciones sobre Mediaci\u00f3n Penal Juvenil en regiones de la macrozona sur, dirigida a magistrados del Poder Judicial, profesionales del Ministerio P\u00fablico, la Defensor\u00eda Penal P\u00fablica y el Servicio de Reinserci\u00f3n Social Juvenil. Dicha capacitaci\u00f3n fue posible gracias a la colaboraci\u00f3n de Unicef, siendo la abogada experta Andrea Collel qui\u00e9n estuvo a cargo de este taller, el que viene a potenciar el trabajo de coordinaci\u00f3n interinstitucional que desarrollan las mesas regionales de mediaci\u00f3n, cuyo principal objetivo es promover la adecuada implementaci\u00f3n de la mediaci\u00f3n penal juvenil mediante la difusi\u00f3n y\/o capacitaci\u00f3n de los actores interesados, la coordinaci\u00f3n de actores y la revisi\u00f3n permanente de las pr\u00e1cticas profesionales para implementar y levantar mejoras al protocolo interinstitucional que establece las condiciones personales y procesales para derivar a mediaci\u00f3n, de acuerdo a lo dispuesto por la ley N\u00b0 20.084.<\/p>\n<p style=\"text-align: justify;\">Respecto a este taller, la abogada y consultora de Unicef, Andrea Collel se\u00f1al\u00f3 que \u201cla idea era hacer una sensibilizaci\u00f3n en toda la macrozona sur donde se pueda ir trabajando el tema de mediaci\u00f3n penal juvenil, que es uno de los elementos m\u00e1s innovadores que trae la reforma de la ley 20.084, las modificaciones y la ley que crea el nuevo servicio de Reinserci\u00f3n Social Juvenil, se convoc\u00f3 principalmente a los actores del sistema que trabajan en materia de Responsabilidad Penal Juvenil, y \u00a0donde se explic\u00f3 \u00a0el contexto general de lo que es la Justicia Restaurativa que es el gran paraguas donde se incorpora o est\u00e1 incluido la mediaci\u00f3n penal juvenil, se revis\u00f3 el marco conceptual, los aspectos m\u00e1s relevantes que tienen que ver con un nuevo enfoque de entender el delito y sus consecuencias pasando desde una l\u00f3gica retributiva que es lo que trabaja el sistema tradicional a esta \u00f3ptica o enfoque m\u00e1s restaurativo que se centra principalmente en preguntarse quien ha sido da\u00f1ado, qui\u00e9n tiene la responsabilidad de hacerse cargo, de reparar ese da\u00f1o, cuales son las necesidades y como podemos terminar el conflicto, apuntando a levantar las causas subyacentes de ese conflicto y darle una soluci\u00f3n, entonces mira el aspecto m\u00e1s relacional del delito que hay detr\u00e1s, fue una jornada de mucha participaci\u00f3n, esta es una regi\u00f3n altamente comprometida y sensible a las necesidades de las y los adolescentes, un gran equipo humano, fue una de las regiones que particip\u00f3 mucho en el taller con aportes muy interesantes, y con una mediadora que est\u00e1 a cargo del programa de mediaci\u00f3n que est\u00e1 dentro del servicio que es una persona que tiene mucho recurso, mucha experiencia y que ha comenzado a mediar los primeros casos ac\u00e1 en la regi\u00f3n, as\u00ed que terminamos la jornada con compromisos puntuales de los actores del sistema, para poder facilitar la implementaci\u00f3n de la mediaci\u00f3n penal en la regi\u00f3n y con una evaluaci\u00f3n muy positiva del grupo, as\u00ed que me parece fue muy exitoso\u201d.<\/p>\n<p style=\"text-align: justify;\">Por su parte, el seremi de Justicia y Derechos Humanos Samuel Navarro Castro indic\u00f3 que \u201cNos parece importante seguir relevando el rol que cumple cada una de las instituciones para que esta importante reforma de la creaci\u00f3n del Servicio de Reinserci\u00f3n Social Juvenil y de las instituciones que est\u00e1n dentro de esta reforma, como la mediaci\u00f3n penal juvenil puedan desarrollarse para favorecer el trabajo colaborativo, la coordinaci\u00f3n con las instituciones y aquel aspecto m\u00e1s sustantivo que es favorecer la reinserci\u00f3n social de adolescentes y j\u00f3venes, dentro de un proceso donde adem\u00e1s se escucha a las v\u00edctimas y que son parte integrante de este mecanismo y tiene un protagonismo in\u00e9dito en el sistema de justicia penal\u201d.<\/p>\n<p style=\"text-align: justify;\">En tanto, el director del Servicio de Reinserci\u00f3n Social Juvenil Israel Villavicencio explic\u00f3 que \u201ces de mucha importancia, estamos muy contentos de que se haya realizado este taller, nos permite acercar la mediaci\u00f3n penal juvenil a la regi\u00f3n, es una instituci\u00f3n nueva que si bien se conoc\u00eda en otras \u00e1reas, la mediaci\u00f3n en el sistema de justicia penal juvenil es muy distinta, tiene aristas diferentes y consideraciones que son del todo pertinente para la resoluci\u00f3n de conflicto de los j\u00f3venes por lo tanto esta capacitaci\u00f3n que viene de Unicef donde tuvimos como exponente a do\u00f1a Andrea Collel y tambi\u00e9n del Servicio de Reinserci\u00f3n Social Juvenil y ciertamente del Ministerio de Justicia y Derechos Humanos es muy provechosa, porque permite a todos los actores del sistema penal tener pleno conocimiento de c\u00f3mo funciona la mediaci\u00f3n penal juvenil, cuando es procedente, como se debe derivar, cuales son los resultados, ayer tuvimos la posibilidad de tener datos duros, del \u00e9xito de la mediaci\u00f3n penal juvenil, no solo en Europa en el contexto de los pa\u00edses desarrollados, sino que tambi\u00e9n de la experiencia a nivel nacional tanto en los pilotajes o en la puesta en marcha de la macrozona norte que es la que nos antecede a nosotros, as\u00ed que es muy positiva y muy agradecido de todas las instituciones que participaron\u201d.<\/p>\n<p style=\"text-align: justify;\">Finalmente, indicar que esta actividad busca dar continuidad al trabajo colaborativo y de coordinaci\u00f3n entre instituciones, con miras a favorecer la reinserci\u00f3n social de adolescentes y j\u00f3venes, y dar visibilidad dentro del proceso al sentir de justicia de las v\u00edctimas, a quienes este mecanismo, les entrega un protagonismo in\u00e9dito dentro del sistema de justicia penal.<\/p>\n<\/div><\/section><\/div><div  style='height:50px' class='hr hr-invisible   avia-builder-el-6  el_after_av_one_full  el_before_av_social_share '><span class='hr-inner ' ><span class='hr-inner-style'><\/span><\/span><\/div><\/p>\n<div  class='av-social-sharing-box  avia-builder-el-7  el_after_av_hr  el_before_av_hr  '><div class='av-share-box'><h5 class='av-share-link-description av-no-toc '>Compartir esta noticia<\/h5><ul class='av-share-box-list noLightbox'><li class='av-share-link av-social-link-facebook' ><a target=\"_blank\" aria-label=\"Compartir en Facebook\" href='https:\/\/www.facebook.com\/sharer.php?u=https:\/\/radiorevelacionfm.cl\/?p=58681&#038;t=Actores%20del%20Sistema%20Judicial%20participan%20en%20taller%20que%20busca%20fortalecer%20la%20Mediaci%C3%B3n%20Penal%20Juvenil' aria-hidden='false' data-av_icon='\ue8f3' data-av_iconfont='entypo-fontello' title='' data-avia-related-tooltip='Compartir en Facebook' rel=\"noopener\"><span class='avia_hidden_link_text'>Compartir en Facebook<\/span><\/a><\/li><li class='av-share-link av-social-link-twitter' ><a target=\"_blank\" aria-label=\"Compartir en Twitter\" href='https:\/\/twitter.com\/share?text=Actores%20del%20Sistema%20Judicial%20participan%20en%20taller%20que%20busca%20fortalecer%20la%20Mediaci%C3%B3n%20Penal%20Juvenil&#038;url=https:\/\/radiorevelacionfm.cl\/?p=58681' aria-hidden='false' data-av_icon='\ue8f1' data-av_iconfont='entypo-fontello' title='' data-avia-related-tooltip='Compartir en Twitter' rel=\"noopener\"><span class='avia_hidden_link_text'>Compartir en Twitter<\/span><\/a><\/li><li class='av-share-link av-social-link-whatsapp' ><a target=\"_blank\" aria-label=\"Compartir en Whatsapp\" href='https:\/\/api.whatsapp.com\/send?text=https:\/\/radiorevelacionfm.cl\/?p=58681' aria-hidden='false' data-av_icon='\uf232' data-av_iconfont='entypo-fontello' title='' data-avia-related-tooltip='Compartir en Whatsapp' rel=\"noopener\"><span class='avia_hidden_link_text'>Compartir en Whatsapp<\/span><\/a><\/li><li class='av-share-link av-social-link-linkedin' ><a target=\"_blank\" aria-label=\"Compartir en LinkedIn\" href='https:\/\/linkedin.com\/shareArticle?mini=true&#038;title=Actores%20del%20Sistema%20Judicial%20participan%20en%20taller%20que%20busca%20fortalecer%20la%20Mediaci%C3%B3n%20Penal%20Juvenil&#038;url=https:\/\/radiorevelacionfm.cl\/?p=58681' aria-hidden='false' data-av_icon='\ue8fc' data-av_iconfont='entypo-fontello' title='' data-avia-related-tooltip='Compartir en LinkedIn' rel=\"noopener\"><span class='avia_hidden_link_text'>Compartir en LinkedIn<\/span><\/a><\/li><li class='av-share-link av-social-link-mail' ><a  aria-label=\"Compartir por correo\" href='mailto:?subject=Actores%20del%20Sistema%20Judicial%20participan%20en%20taller%20que%20busca%20fortalecer%20la%20Mediaci%C3%B3n%20Penal%20Juvenil&#038;body=https:\/\/radiorevelacionfm.cl\/?p=58681' aria-hidden='false' data-av_icon='\ue805' data-av_iconfont='entypo-fontello' title='' data-avia-related-tooltip='Compartir por correo'><span class='avia_hidden_link_text'>Compartir por correo<\/span><\/a><\/li><\/ul><\/div><\/div>\n<div  style='height:50px' class='hr hr-invisible   avia-builder-el-8  el_after_av_social_share  el_before_av_comments_list '><span class='hr-inner ' ><span class='hr-inner-style'><\/span><\/span><\/div>\n<div  class='av-buildercomment  av-blog-meta-html-info-disabled av-blog-meta-tag-disabled  '><\/div>\n","protected":false},"excerpt":{"rendered":"","protected":false},"author":1,"featured_media":58682,"comment_status":"closed","ping_status":"closed","sticky":false,"template":"","format":"standard","meta":{"footnotes":""},"categories":[55],"tags":[],"class_list":["post-58681","post","type-post","status-publish","format-standard","has-post-thumbnail","hentry","category-justicia"],"jetpack_featured_media_url":"https:\/\/radiorevelacionfm.cl\/wp-content\/uploads\/2025\/09\/taller-2-4-1-1.jpg","_links":{"self":[{"href":"https:\/\/radiorevelacionfm.cl\/index.php?rest_route=\/wp\/v2\/posts\/58681","targetHints":{"allow":["GET"]}}],"collection":[{"href":"https:\/\/radiorevelacionfm.cl\/index.php?rest_route=\/wp\/v2\/posts"}],"about":[{"href":"https:\/\/radiorevelacionfm.cl\/index.php?rest_route=\/wp\/v2\/types\/post"}],"author":[{"embeddable":true,"href":"https:\/\/radiorevelacionfm.cl\/index.php?rest_route=\/wp\/v2\/users\/1"}],"replies":[{"embeddable":true,"href":"https:\/\/radiorevelacionfm.cl\/index.php?rest_route=%2Fwp%2Fv2%2Fcomments&post=58681"}],"version-history":[{"count":2,"href":"https:\/\/radiorevelacionfm.cl\/index.php?rest_route=\/wp\/v2\/posts\/58681\/revisions"}],"predecessor-version":[{"id":58684,"href":"https:\/\/radiorevelacionfm.cl\/index.php?rest_route=\/wp\/v2\/posts\/58681\/revisions\/58684"}],"wp:featuredmedia":[{"embeddable":true,"href":"https:\/\/radiorevelacionfm.cl\/index.php?rest_route=\/wp\/v2\/media\/58682"}],"wp:attachment":[{"href":"https:\/\/radiorevelacionfm.cl\/index.php?rest_route=%2Fwp%2Fv2%2Fmedia&parent=58681"}],"wp:term":[{"taxonomy":"category","embeddable":true,"href":"https:\/\/radiorevelacionfm.cl\/index.php?rest_route=%2Fwp%2Fv2%2Fcategories&post=58681"},{"taxonomy":"post_tag","embeddable":true,"href":"https:\/\/radiorevelacionfm.cl\/index.php?rest_route=%2Fwp%2Fv2%2Ftags&post=58681"}],"curies":[{"name":"wp","href":"https:\/\/api.w.org\/{rel}","templated":true}]}}