{"id":58670,"date":"2025-09-04T10:29:38","date_gmt":"2025-09-04T13:29:38","guid":{"rendered":"https:\/\/radiorevelacionfm.cl\/?p=58670"},"modified":"2025-09-04T10:29:38","modified_gmt":"2025-09-04T13:29:38","slug":"opinion-una-ley-en-nombre-de-todas-los-avances-de-la-ley-integral-para-prevenir-sancionar-y-erradicar-la-violencia-contra-las-mujeres","status":"publish","type":"post","link":"https:\/\/radiorevelacionfm.cl\/?p=58670","title":{"rendered":"Opini\u00f3n: Una Ley en nombre de Todas. Los avances de la Ley Integral para Prevenir, Sancionar y Erradicar la violencia contra las mujeres"},"content":{"rendered":"<div class=\"flex_column av_one_full  flex_column_div av-zero-column-padding first  avia-builder-el-0  el_before_av_one_full  avia-builder-el-first  \" style='border-radius:0px; '><div  class='avia-image-container  av-styling-    avia-builder-el-1  avia-builder-el-no-sibling  avia-align-center '  itemprop=\"image\" itemscope=\"itemscope\" itemtype=\"https:\/\/schema.org\/ImageObject\"  ><div class='avia-image-container-inner'><div class='avia-image-overlay-wrap'><img decoding=\"async\" class='wp-image-58671 avia-img-lazy-loading-not-58671 avia_image' src=\"https:\/\/radiorevelacionfm.cl\/wp-content\/uploads\/2025\/09\/seremis_mujer-y-gobierno-1_optimized.jpeg\" alt='' title='seremis_mujer-y-gobierno-(1)_optimized' height=\"662\" width=\"802\"  itemprop=\"thumbnailUrl\" srcset=\"https:\/\/radiorevelacionfm.cl\/wp-content\/uploads\/2025\/09\/seremis_mujer-y-gobierno-1_optimized.jpeg 802w, https:\/\/radiorevelacionfm.cl\/wp-content\/uploads\/2025\/09\/seremis_mujer-y-gobierno-1_optimized-300x248.jpeg 300w, https:\/\/radiorevelacionfm.cl\/wp-content\/uploads\/2025\/09\/seremis_mujer-y-gobierno-1_optimized-768x634.jpeg 768w, https:\/\/radiorevelacionfm.cl\/wp-content\/uploads\/2025\/09\/seremis_mujer-y-gobierno-1_optimized-705x582.jpeg 705w, https:\/\/radiorevelacionfm.cl\/wp-content\/uploads\/2025\/09\/seremis_mujer-y-gobierno-1_optimized-450x371.jpeg 450w, https:\/\/radiorevelacionfm.cl\/wp-content\/uploads\/2025\/09\/seremis_mujer-y-gobierno-1_optimized-600x495.jpeg 600w\" sizes=\"(max-width: 802px) 100vw, 802px\" \/><\/div><\/div><\/div><\/div><div class=\"flex_column av_one_full  flex_column_div av-zero-column-padding first  avia-builder-el-2  el_after_av_one_full  el_before_av_one_full  column-top-margin\" style='border-radius:0px; '><section class=\"av_textblock_section \"  itemscope=\"itemscope\" itemtype=\"https:\/\/schema.org\/BlogPosting\" itemprop=\"blogPost\" ><div class='avia_textblock  '   itemprop=\"text\" ><p style=\"text-align: center;\"><strong><span style=\"font-size: 18pt;\">Opini\u00f3n: Una Ley en nombre de Todas. Los avances de la Ley Integral para Prevenir, Sancionar y Erradicar la violencia contra las mujeres<\/span><\/strong><\/p>\n<div id=\"gtx-trans\" style=\"position: absolute; left: -50px; top: 4.31534px;\">\n<div class=\"gtx-trans-icon\"><\/div>\n<\/div>\n<\/div><\/section><\/div><div class=\"flex_column av_one_full  flex_column_div av-zero-column-padding first  avia-builder-el-4  el_after_av_one_full  el_before_av_hr  column-top-margin\" style='border-radius:0px; '><section class=\"av_textblock_section \"  itemscope=\"itemscope\" itemtype=\"https:\/\/schema.org\/BlogPosting\" itemprop=\"blogPost\" ><div class='avia_textblock  '   itemprop=\"text\" ><p style=\"text-align: justify;\">Luego de una espera de siete a\u00f1os de tramitaci\u00f3n, la Ley Integral para Prevenir, Sancionar y Erradicar la violencia contra las mujeres, logr\u00f3, en marzo de 2024, su aprobaci\u00f3n en el Congreso. Tras pasar por el Tribunal Constitucional, la normativa pudo entrar en vigencia en junio de 2024, estableciendo un cambio estructural en la estrategia para enfrentar y prevenir la violencia contra las mujeres.<\/p>\n<p style=\"text-align: justify;\">Con la campa\u00f1a \u201cUna Ley en nombre de todas\u201d el Ministerio de la Mujer y la Equidad de G\u00e9nero busca que las personas conozcan y exijan el cumplimiento de la ley, dando a conocer cinco cambios fundamentales: el fortalecimiento de las medidas cautelares, mandatando la supervisi\u00f3n judicial para que efectivamente se cumplan; la incorporaci\u00f3n de la violencia digital, estableciendo sanciones a quienes exhiban, difundan o publiquen contenido \u00edntimo sin consentimiento; la creaci\u00f3n de un Sistema Integrado de Informaci\u00f3n para los casos de Violencia de G\u00e9nero, para no revictimizar a las v\u00edctimas; el reconocimiento de la violencia gineco-obst\u00e9trica, que ahora es tipificada como un agravante; y la provisi\u00f3n de servicios y acompa\u00f1amiento para la reparaci\u00f3n f\u00edsica, psicol\u00f3gica y social de las v\u00edctimas.<\/p>\n<p style=\"text-align: justify;\">La Ley Integral reconoce la violencia contra las mujeres como una vulneraci\u00f3n a los derechos humanos y obliga a que las instituciones del Estado protejan a las v\u00edctimas, exigiendo una respuesta eficaz y garantizando acciones coordinadas de prevenci\u00f3n, protecci\u00f3n, atenci\u00f3n y reparaci\u00f3n.<\/p>\n<p style=\"text-align: justify;\">Hemos avanzado en la consecuci\u00f3n de diferentes derechos para las mujeres, pero la violencia de g\u00e9nero es un problema que a\u00fan no resolvemos como sociedad y hemos visto como se ha incrementado en diferentes espacios, afectando de manera transversal a todas las mujeres.<\/p>\n<p style=\"text-align: justify;\">Como gobierno debemos llegar a todas y todos, difundiendo la Ley Integral para que la sociedad tenga las herramientas que permitan prevenir y denunciar cualquier tipo de violencia de la que sean v\u00edctimas las mujeres en la regi\u00f3n de Ays\u00e9n. Es por esta raz\u00f3n y con motivo de la campa\u00f1a 2025 del Ministerio de la Mujer y la Equidad de G\u00e9nero \u201cUna Ley en nombre de todas\u201d, la semana pasada comenzamos un recorrido informativo que nos llev\u00f3 por Chile Chico, Cochrane, Tortel y Puerto Tranquilo, en donde las mujeres y la comunidad, pudieron escuchar de primera fuente, a trav\u00e9s de reuniones o por medios de comunicaci\u00f3n, los alcances de esta iniciativa legal, adem\u00e1s de resolver dudas e inquietudes. Esperamos seguir siendo las portavoces de estos importantes avances que cambian y protegen vidas, y as\u00ed llegar a todas las comunas, localidades y a las mujeres de nuestra regi\u00f3n.<\/p>\n<p style=\"text-align: justify;\"><em>Por: \u00darsula Mix, Seremi de Gobierno Regi\u00f3n de Ays\u00e9n e <\/em><em>Isidora Gacit\u00faa Goles, Seremi de la Mujer y la Equidad de G\u00e9nero Regi\u00f3n de Ays\u00e9n<\/em><\/p>\n<p style=\"text-align: justify;\"><strong>\u00a0<\/strong><\/p>\n<\/div><\/section><\/div><div  style='height:50px' class='hr hr-invisible   avia-builder-el-6  el_after_av_one_full  el_before_av_social_share '><span class='hr-inner ' ><span class='hr-inner-style'><\/span><\/span><\/div><\/p>\n<div  class='av-social-sharing-box  avia-builder-el-7  el_after_av_hr  el_before_av_hr  '><div class='av-share-box'><h5 class='av-share-link-description av-no-toc '>Compartir esta noticia<\/h5><ul class='av-share-box-list noLightbox'><li class='av-share-link av-social-link-facebook' ><a target=\"_blank\" aria-label=\"Compartir en Facebook\" href='https:\/\/www.facebook.com\/sharer.php?u=https:\/\/radiorevelacionfm.cl\/?p=58670&#038;t=Opini%C3%B3n%3A%20Una%20Ley%20en%20nombre%20de%20Todas.%20Los%20avances%20de%20la%20Ley%20Integral%20para%20Prevenir%2C%20Sancionar%20y%20Erradicar%20la%20violencia%20contra%20las%20mujeres' aria-hidden='false' data-av_icon='\ue8f3' data-av_iconfont='entypo-fontello' title='' data-avia-related-tooltip='Compartir en Facebook' rel=\"noopener\"><span class='avia_hidden_link_text'>Compartir en Facebook<\/span><\/a><\/li><li class='av-share-link av-social-link-twitter' ><a target=\"_blank\" aria-label=\"Compartir en Twitter\" href='https:\/\/twitter.com\/share?text=Opini%C3%B3n%3A%20Una%20Ley%20en%20nombre%20de%20Todas.%20Los%20avances%20de%20la%20Ley%20Integral%20para%20Prevenir%2C%20Sancionar%20y%20Erradicar%20la%20violencia%20contra%20las%20mujeres&#038;url=https:\/\/radiorevelacionfm.cl\/?p=58670' aria-hidden='false' data-av_icon='\ue8f1' data-av_iconfont='entypo-fontello' title='' data-avia-related-tooltip='Compartir en Twitter' rel=\"noopener\"><span class='avia_hidden_link_text'>Compartir en Twitter<\/span><\/a><\/li><li class='av-share-link av-social-link-whatsapp' ><a target=\"_blank\" aria-label=\"Compartir en Whatsapp\" href='https:\/\/api.whatsapp.com\/send?text=https:\/\/radiorevelacionfm.cl\/?p=58670' aria-hidden='false' data-av_icon='\uf232' data-av_iconfont='entypo-fontello' title='' data-avia-related-tooltip='Compartir en Whatsapp' rel=\"noopener\"><span class='avia_hidden_link_text'>Compartir en Whatsapp<\/span><\/a><\/li><li class='av-share-link av-social-link-linkedin' ><a target=\"_blank\" aria-label=\"Compartir en LinkedIn\" href='https:\/\/linkedin.com\/shareArticle?mini=true&#038;title=Opini%C3%B3n%3A%20Una%20Ley%20en%20nombre%20de%20Todas.%20Los%20avances%20de%20la%20Ley%20Integral%20para%20Prevenir%2C%20Sancionar%20y%20Erradicar%20la%20violencia%20contra%20las%20mujeres&#038;url=https:\/\/radiorevelacionfm.cl\/?p=58670' aria-hidden='false' data-av_icon='\ue8fc' data-av_iconfont='entypo-fontello' title='' data-avia-related-tooltip='Compartir en LinkedIn' rel=\"noopener\"><span class='avia_hidden_link_text'>Compartir en LinkedIn<\/span><\/a><\/li><li class='av-share-link av-social-link-mail' ><a  aria-label=\"Compartir por correo\" href='mailto:?subject=Opini%C3%B3n%3A%20Una%20Ley%20en%20nombre%20de%20Todas.%20Los%20avances%20de%20la%20Ley%20Integral%20para%20Prevenir%2C%20Sancionar%20y%20Erradicar%20la%20violencia%20contra%20las%20mujeres&#038;body=https:\/\/radiorevelacionfm.cl\/?p=58670' aria-hidden='false' data-av_icon='\ue805' data-av_iconfont='entypo-fontello' title='' data-avia-related-tooltip='Compartir por correo'><span class='avia_hidden_link_text'>Compartir por correo<\/span><\/a><\/li><\/ul><\/div><\/div>\n<div  style='height:50px' class='hr hr-invisible   avia-builder-el-8  el_after_av_social_share  el_before_av_comments_list '><span class='hr-inner ' ><span class='hr-inner-style'><\/span><\/span><\/div>\n<div  class='av-buildercomment  av-blog-meta-html-info-disabled av-blog-meta-tag-disabled  '><\/div>\n","protected":false},"excerpt":{"rendered":"","protected":false},"author":1,"featured_media":58671,"comment_status":"closed","ping_status":"closed","sticky":false,"template":"","format":"standard","meta":{"footnotes":""},"categories":[50],"tags":[],"class_list":["post-58670","post","type-post","status-publish","format-standard","has-post-thumbnail","hentry","category-cartas-y-opinion"],"jetpack_featured_media_url":"https:\/\/radiorevelacionfm.cl\/wp-content\/uploads\/2025\/09\/seremis_mujer-y-gobierno-1_optimized.jpeg","_links":{"self":[{"href":"https:\/\/radiorevelacionfm.cl\/index.php?rest_route=\/wp\/v2\/posts\/58670","targetHints":{"allow":["GET"]}}],"collection":[{"href":"https:\/\/radiorevelacionfm.cl\/index.php?rest_route=\/wp\/v2\/posts"}],"about":[{"href":"https:\/\/radiorevelacionfm.cl\/index.php?rest_route=\/wp\/v2\/types\/post"}],"author":[{"embeddable":true,"href":"https:\/\/radiorevelacionfm.cl\/index.php?rest_route=\/wp\/v2\/users\/1"}],"replies":[{"embeddable":true,"href":"https:\/\/radiorevelacionfm.cl\/index.php?rest_route=%2Fwp%2Fv2%2Fcomments&post=58670"}],"version-history":[{"count":2,"href":"https:\/\/radiorevelacionfm.cl\/index.php?rest_route=\/wp\/v2\/posts\/58670\/revisions"}],"predecessor-version":[{"id":58733,"href":"https:\/\/radiorevelacionfm.cl\/index.php?rest_route=\/wp\/v2\/posts\/58670\/revisions\/58733"}],"wp:featuredmedia":[{"embeddable":true,"href":"https:\/\/radiorevelacionfm.cl\/index.php?rest_route=\/wp\/v2\/media\/58671"}],"wp:attachment":[{"href":"https:\/\/radiorevelacionfm.cl\/index.php?rest_route=%2Fwp%2Fv2%2Fmedia&parent=58670"}],"wp:term":[{"taxonomy":"category","embeddable":true,"href":"https:\/\/radiorevelacionfm.cl\/index.php?rest_route=%2Fwp%2Fv2%2Fcategories&post=58670"},{"taxonomy":"post_tag","embeddable":true,"href":"https:\/\/radiorevelacionfm.cl\/index.php?rest_route=%2Fwp%2Fv2%2Ftags&post=58670"}],"curies":[{"name":"wp","href":"https:\/\/api.w.org\/{rel}","templated":true}]}}