{"id":5867,"date":"2021-07-02T15:48:51","date_gmt":"2021-07-02T18:48:51","guid":{"rendered":"https:\/\/radiorevelacionfm.cl\/?p=5867"},"modified":"2021-07-02T15:52:38","modified_gmt":"2021-07-02T18:52:38","slug":"doce-organizaciones-sociales-de-coyhaique-y-aysen-reciben-apoyo-para-mitigar-efectos-de-la-pandemia","status":"publish","type":"post","link":"https:\/\/radiorevelacionfm.cl\/?p=5867","title":{"rendered":"Doce organizaciones sociales de Coyhaique y Ays\u00e9n reciben apoyo para mitigar efectos de la pandemia"},"content":{"rendered":"<div class=\"flex_column av_one_full  flex_column_div av-zero-column-padding first  avia-builder-el-0  el_before_av_one_full  avia-builder-el-first  \" style='border-radius:0px; '><div  class='avia-image-container  av-styling-    avia-builder-el-1  avia-builder-el-no-sibling  avia-align-center '  itemprop=\"image\" itemscope=\"itemscope\" itemtype=\"https:\/\/schema.org\/ImageObject\"  ><div class='avia-image-container-inner'><div class='avia-image-overlay-wrap'><img decoding=\"async\" class='wp-image-0 avia-img-lazy-loading-not-0 avia_image' src=\"https:\/\/radiorevelacionfm.cl\/wp-content\/uploads\/2021\/07\/1c1-1_optimized.jpg\" alt='' title=''   itemprop=\"thumbnailUrl\"  \/><\/div><\/div><\/div><\/div>\n<div class=\"flex_column av_one_full  flex_column_div av-zero-column-padding first  avia-builder-el-2  el_after_av_one_full  el_before_av_one_full  column-top-margin\" style='border-radius:0px; '><section class=\"av_textblock_section \"  itemscope=\"itemscope\" itemtype=\"https:\/\/schema.org\/BlogPosting\" itemprop=\"blogPost\" ><div class='avia_textblock  '   itemprop=\"text\" ><p style=\"text-align: center;\"><strong><span style=\"font-size: 18pt;\">Doce organizaciones sociales de Coyhaique y Ays\u00e9n reciben apoyo para mitigar efectos de la pandemia<\/span><\/strong><\/p>\n<div id=\"gtx-trans\" style=\"position: absolute; left: -50px; top: 4.31534px;\">\n<div class=\"gtx-trans-icon\"><\/div>\n<\/div>\n<\/div><\/section><\/div>\n<div class=\"flex_column av_one_full  flex_column_div av-zero-column-padding first  avia-builder-el-4  el_after_av_one_full  el_before_av_hr  column-top-margin\" style='border-radius:0px; '><section class=\"av_textblock_section \"  itemscope=\"itemscope\" itemtype=\"https:\/\/schema.org\/BlogPosting\" itemprop=\"blogPost\" ><div class='avia_textblock  '   itemprop=\"text\" ><p style=\"text-align: justify;\">Las organizaciones de las comunas de Coyhaique y Ays\u00e9n que participaron de este programa, que cont\u00f3 con la ejecuci\u00f3n del Hogar de Cristo y Corp Ays\u00e9n, pudieron acceder a la compra de insumos b\u00e1sicos de primera necesidad, como alimentos y mercader\u00eda, gas, art\u00edculos de aseo, higiene, protecci\u00f3n y ayudas t\u00e9cnicas auditivas, visuales y de movilidad.<\/p>\n<p style=\"text-align: justify;\">En la comuna de Coyhaique el Hogar de Cristo trabaj\u00f3 con las agrupaciones: Uni\u00f3n Comunal de Juntas de Vecinos Pampa del Corral, Agrupaci\u00f3n de Discapacitados Caminando por Ays\u00e9n, Club de Adultos Mayores Yo quiero un nuevo amanecer, Junta de Vecinos de Villa Ortega, Comit\u00e9 de pavimentaci\u00f3n participativa Pateando Piedras y Junta de Vecinos de Balmaceda.<\/p>\n<p style=\"text-align: justify;\">La Corporaci\u00f3n de Desarrollo del Litoral de Ays\u00e9n, Corp Ays\u00e9n, llev\u00f3 a cabo la intervenci\u00f3n en la comuna de Ays\u00e9n, donde se entreg\u00f3 apoyo al Club de Adulto Mayor Cerros Nevados, Agrupaci\u00f3n Social de Patolog\u00edas diferentes de la comuna de Ays\u00e9n, Junta de Vecinos Camino Viejo, Club de Adultos Mayores Los Laureles, Agrupaci\u00f3n Conferencia de San Vicente de Paul y Agrupaci\u00f3n de No Videntes, Social y Cultural, Visi\u00f3n de Futuro.<\/p>\n<p style=\"text-align: justify;\">Isabel Huichalao, Presidenta de la Junta de Vecinos de Villa Ortega, agradeci\u00f3 la oportunidad de participar de esta iniciativa y coment\u00f3 que \u201chace un tiempo atr\u00e1s sali\u00f3 la oportunidad de hacer un mejoramiento en la sede vecinal donde hay un espacio que vamos a dejar exclusivamente para los adultos mayores, es por esto que us\u00e9 los fondos que nos dio FOSIS como ayuda para empezar a armar un gimnasio. Compramos implementaci\u00f3n, nos asesoramos y estamos haciendo un gimnasio para que use el kinesi\u00f3logo de la atenci\u00f3n rural con nuestros adultos mayores y puedan trabajar tranquilamente. Les agradezco eternamente y de todo coraz\u00f3n porque si no hubiese sido por este proyecto no hubiese tenido la fuerza de ir comprando los implementos\u00bb.<\/p>\n<p style=\"text-align: justify;\">La Directora Regional del FOSIS en Ays\u00e9n, Dominique Br\u00e4utigam, destac\u00f3 \u201cla colaboraci\u00f3n y participaci\u00f3n de distintos actores que permitieron ejecutar en el territorio el programa Organizaciones en Acci\u00f3n, trabajando directamente con la Fundaci\u00f3n Hogar de Cristo en la comuna de Coyhaique y con Corp Ays\u00e9n en la comuna de Ays\u00e9n. En ambos territorios pudimos apoyar y trabajar directamente con 6 organizaciones sociales y as\u00ed llegar con distintas ayudas a cada uno de sus socios, enfocados en entregar alimentos e insumos de protecci\u00f3n principalmente ante esta pandemia. Este trabajo mancomunado y colaborativo permiti\u00f3 fortalecer una red de acci\u00f3n y protecci\u00f3n ante familias vulnerables en el territorio. Queremos agradecer a todos los actores que participaron y a las organizaciones sociales que se atrevieron a postular a estos fondos de FOSIS.\u201d<\/p>\n<p style=\"text-align: justify;\">Margarita Quinchen de la Agrupaci\u00f3n Visi\u00f3n de Futuro de Puerto Ays\u00e9n, expres\u00f3 que \u201cel beneficio que nos entregaron fue muy importante para la gente de nuestra agrupaci\u00f3n, somos 15 y todos estaban muy contentos por la tremenda canasta que nos entregaron y sirvi\u00f3 mucho a todos. Agradecemos a quienes nos ayudaron, porque a nosotros personas con discapacidad visual nos cuesta mucho participar en reuniones remotas. Agradecemos porque estuvieron siempre dispuesto a apoyarnos con todas las dudas. Gracia a la agrupaci\u00f3n tambi\u00e9n ya que sin ellos no podr\u00edamos haber obtenido este beneficio que nos entrega FOSIS.\u201d<\/p>\n<p style=\"text-align: justify;\">El Seremi de Desarrollo Social y Familia en Ays\u00e9n, Marcelo J\u00e9lvez, recalc\u00f3 que \u201cel programa Organizaciones en Acci\u00f3n del FOSIS es una iniciativa muy atingente a los tiempos de pandemia y en la regi\u00f3n de Ays\u00e9n ha venido a entregar un apoyo importante y significativo para 12 organizaciones sociales de las comunas de Coyhaique y Ays\u00e9n, quienes postularon y se adjudicaron proyectos para el financiamiento de ayudas b\u00e1sicas como canastas con alimentos, insumos de higiene y protecci\u00f3n y ayudas t\u00e9cnicas para sus asociados. Entendemos que las organizaciones sociales cumplen un rol fundamental en nuestra comunidad y siempre est\u00e1n al servicio de quienes m\u00e1s lo necesitan, por este motivo hemos querido estar presentes impulsando esta iniciativa que sabemos que ha sido de gran ayuda para muchas familias vulnerables de nuestro territorio, quienes no han estado exentas de los efectos adversos y dificultades de la pandemia.\u201d<\/p>\n<p style=\"text-align: justify;\">El programa Organizaciones en Acci\u00f3n se enmarca en el Acuerdo de Protecci\u00f3n Social y Recuperaci\u00f3n de Empleos, que entrega apoyo a organizaciones de la sociedad civil que cumplen un rol fundamental en ayudar a sectores vulnerables afectados por la pandemia.<\/p>\n<p style=\"text-align: justify;\"><strong>\u00a0<\/strong><\/p>\n<\/div><\/section><\/div><div  style='height:50px' class='hr hr-invisible   avia-builder-el-6  el_after_av_one_full  el_before_av_social_share '><span class='hr-inner ' ><span class='hr-inner-style'><\/span><\/span><\/div><\/p>\n<div  class='av-social-sharing-box  avia-builder-el-7  el_after_av_hr  el_before_av_hr  '><div class='av-share-box'><h5 class='av-share-link-description av-no-toc '>Compartir esta noticia<\/h5><ul class='av-share-box-list noLightbox'><li class='av-share-link av-social-link-facebook' ><a target=\"_blank\" aria-label=\"Compartir en Facebook\" href='https:\/\/www.facebook.com\/sharer.php?u=https:\/\/radiorevelacionfm.cl\/?p=5867&#038;t=Doce%20organizaciones%20sociales%20de%20Coyhaique%20y%20Ays%C3%A9n%20reciben%20apoyo%20para%20mitigar%20efectos%20de%20la%20pandemia' aria-hidden='false' data-av_icon='\ue8f3' data-av_iconfont='entypo-fontello' title='' data-avia-related-tooltip='Compartir en Facebook' rel=\"noopener\"><span class='avia_hidden_link_text'>Compartir en Facebook<\/span><\/a><\/li><li class='av-share-link av-social-link-twitter' ><a target=\"_blank\" aria-label=\"Compartir en Twitter\" href='https:\/\/twitter.com\/share?text=Doce%20organizaciones%20sociales%20de%20Coyhaique%20y%20Ays%C3%A9n%20reciben%20apoyo%20para%20mitigar%20efectos%20de%20la%20pandemia&#038;url=https:\/\/radiorevelacionfm.cl\/?p=5867' aria-hidden='false' data-av_icon='\ue8f1' data-av_iconfont='entypo-fontello' title='' data-avia-related-tooltip='Compartir en Twitter' rel=\"noopener\"><span class='avia_hidden_link_text'>Compartir en Twitter<\/span><\/a><\/li><li class='av-share-link av-social-link-whatsapp' ><a target=\"_blank\" aria-label=\"Compartir en Whatsapp\" href='https:\/\/api.whatsapp.com\/send?text=https:\/\/radiorevelacionfm.cl\/?p=5867' aria-hidden='false' data-av_icon='\uf232' data-av_iconfont='entypo-fontello' title='' data-avia-related-tooltip='Compartir en Whatsapp' rel=\"noopener\"><span class='avia_hidden_link_text'>Compartir en Whatsapp<\/span><\/a><\/li><li class='av-share-link av-social-link-linkedin' ><a target=\"_blank\" aria-label=\"Compartir en LinkedIn\" href='https:\/\/linkedin.com\/shareArticle?mini=true&#038;title=Doce%20organizaciones%20sociales%20de%20Coyhaique%20y%20Ays%C3%A9n%20reciben%20apoyo%20para%20mitigar%20efectos%20de%20la%20pandemia&#038;url=https:\/\/radiorevelacionfm.cl\/?p=5867' aria-hidden='false' data-av_icon='\ue8fc' data-av_iconfont='entypo-fontello' title='' data-avia-related-tooltip='Compartir en LinkedIn' rel=\"noopener\"><span class='avia_hidden_link_text'>Compartir en LinkedIn<\/span><\/a><\/li><li class='av-share-link av-social-link-mail' ><a  aria-label=\"Compartir por correo\" href='mailto:?subject=Doce%20organizaciones%20sociales%20de%20Coyhaique%20y%20Ays%C3%A9n%20reciben%20apoyo%20para%20mitigar%20efectos%20de%20la%20pandemia&#038;body=https:\/\/radiorevelacionfm.cl\/?p=5867' aria-hidden='false' data-av_icon='\ue805' data-av_iconfont='entypo-fontello' title='' data-avia-related-tooltip='Compartir por correo'><span class='avia_hidden_link_text'>Compartir por correo<\/span><\/a><\/li><\/ul><\/div><\/div>\n<div  style='height:50px' class='hr hr-invisible   avia-builder-el-8  el_after_av_social_share  el_before_av_comments_list '><span class='hr-inner ' ><span class='hr-inner-style'><\/span><\/span><\/div>\n<div  class='av-buildercomment  av-blog-meta-html-info-disabled av-blog-meta-tag-disabled  '><\/div>\n","protected":false},"excerpt":{"rendered":"","protected":false},"author":1,"featured_media":0,"comment_status":"open","ping_status":"open","sticky":false,"template":"","format":"standard","meta":{"footnotes":""},"categories":[38],"tags":[],"class_list":["post-5867","post","type-post","status-publish","format-standard","hentry","category-regional"],"jetpack_featured_media_url":"","_links":{"self":[{"href":"https:\/\/radiorevelacionfm.cl\/index.php?rest_route=\/wp\/v2\/posts\/5867","targetHints":{"allow":["GET"]}}],"collection":[{"href":"https:\/\/radiorevelacionfm.cl\/index.php?rest_route=\/wp\/v2\/posts"}],"about":[{"href":"https:\/\/radiorevelacionfm.cl\/index.php?rest_route=\/wp\/v2\/types\/post"}],"author":[{"embeddable":true,"href":"https:\/\/radiorevelacionfm.cl\/index.php?rest_route=\/wp\/v2\/users\/1"}],"replies":[{"embeddable":true,"href":"https:\/\/radiorevelacionfm.cl\/index.php?rest_route=%2Fwp%2Fv2%2Fcomments&post=5867"}],"version-history":[{"count":2,"href":"https:\/\/radiorevelacionfm.cl\/index.php?rest_route=\/wp\/v2\/posts\/5867\/revisions"}],"predecessor-version":[{"id":5871,"href":"https:\/\/radiorevelacionfm.cl\/index.php?rest_route=\/wp\/v2\/posts\/5867\/revisions\/5871"}],"wp:attachment":[{"href":"https:\/\/radiorevelacionfm.cl\/index.php?rest_route=%2Fwp%2Fv2%2Fmedia&parent=5867"}],"wp:term":[{"taxonomy":"category","embeddable":true,"href":"https:\/\/radiorevelacionfm.cl\/index.php?rest_route=%2Fwp%2Fv2%2Fcategories&post=5867"},{"taxonomy":"post_tag","embeddable":true,"href":"https:\/\/radiorevelacionfm.cl\/index.php?rest_route=%2Fwp%2Fv2%2Ftags&post=5867"}],"curies":[{"name":"wp","href":"https:\/\/api.w.org\/{rel}","templated":true}]}}