{"id":58667,"date":"2025-09-03T10:21:54","date_gmt":"2025-09-03T13:21:54","guid":{"rendered":"https:\/\/radiorevelacionfm.cl\/?p=58667"},"modified":"2025-09-03T10:21:54","modified_gmt":"2025-09-03T13:21:54","slug":"expolanas-2025-una-invitacion-al-encuentro-con-el-patrimonio-textil-y-la-identidad-campesina-de-aysen","status":"publish","type":"post","link":"https:\/\/radiorevelacionfm.cl\/?p=58667","title":{"rendered":"Expolanas 2025: una invitaci\u00f3n al encuentro con el patrimonio textil y la identidad campesina de Ays\u00e9n"},"content":{"rendered":"<div class=\"flex_column av_one_full  flex_column_div av-zero-column-padding first  avia-builder-el-0  el_before_av_one_full  avia-builder-el-first  \" style='border-radius:0px; '><div  class='avia-image-container  av-styling-    avia-builder-el-1  avia-builder-el-no-sibling  avia-align-center '  itemprop=\"image\" itemscope=\"itemscope\" itemtype=\"https:\/\/schema.org\/ImageObject\"  ><div class='avia-image-container-inner'><div class='avia-image-overlay-wrap'><img decoding=\"async\" class='wp-image-58668 avia-img-lazy-loading-not-58668 avia_image' src=\"https:\/\/radiorevelacionfm.cl\/wp-content\/uploads\/2025\/09\/grafica-expolana-2025-vertical-1-1-1_optimized-1.jpg\" alt='' title='grafica-expolana-2025-vertical-(1)-(1)-(1)_optimized (1)' height=\"1130\" width=\"799\"  itemprop=\"thumbnailUrl\" srcset=\"https:\/\/radiorevelacionfm.cl\/wp-content\/uploads\/2025\/09\/grafica-expolana-2025-vertical-1-1-1_optimized-1.jpg 799w, https:\/\/radiorevelacionfm.cl\/wp-content\/uploads\/2025\/09\/grafica-expolana-2025-vertical-1-1-1_optimized-1-212x300.jpg 212w, https:\/\/radiorevelacionfm.cl\/wp-content\/uploads\/2025\/09\/grafica-expolana-2025-vertical-1-1-1_optimized-1-728x1030.jpg 728w, https:\/\/radiorevelacionfm.cl\/wp-content\/uploads\/2025\/09\/grafica-expolana-2025-vertical-1-1-1_optimized-1-768x1086.jpg 768w, https:\/\/radiorevelacionfm.cl\/wp-content\/uploads\/2025\/09\/grafica-expolana-2025-vertical-1-1-1_optimized-1-498x705.jpg 498w, https:\/\/radiorevelacionfm.cl\/wp-content\/uploads\/2025\/09\/grafica-expolana-2025-vertical-1-1-1_optimized-1-450x636.jpg 450w, https:\/\/radiorevelacionfm.cl\/wp-content\/uploads\/2025\/09\/grafica-expolana-2025-vertical-1-1-1_optimized-1-600x849.jpg 600w\" sizes=\"(max-width: 799px) 100vw, 799px\" \/><\/div><\/div><\/div><\/div><div class=\"flex_column av_one_full  flex_column_div av-zero-column-padding first  avia-builder-el-2  el_after_av_one_full  el_before_av_one_full  column-top-margin\" style='border-radius:0px; '><section class=\"av_textblock_section \"  itemscope=\"itemscope\" itemtype=\"https:\/\/schema.org\/BlogPosting\" itemprop=\"blogPost\" ><div class='avia_textblock  '   itemprop=\"text\" ><p style=\"text-align: center;\"><strong><span style=\"font-size: 18pt;\">Expolanas 2025: una invitaci\u00f3n al encuentro con el patrimonio textil y la identidad campesina de Ays\u00e9n<\/span><\/strong><\/p>\n<div id=\"gtx-trans\" style=\"position: absolute; left: -50px; top: 4.31534px;\">\n<div class=\"gtx-trans-icon\"><\/div>\n<\/div>\n<\/div><\/section><\/div><div class=\"flex_column av_one_full  flex_column_div av-zero-column-padding first  avia-builder-el-4  el_after_av_one_full  el_before_av_hr  column-top-margin\" style='border-radius:0px; '><section class=\"av_textblock_section \"  itemscope=\"itemscope\" itemtype=\"https:\/\/schema.org\/BlogPosting\" itemprop=\"blogPost\" ><div class='avia_textblock  '   itemprop=\"text\" ><p style=\"text-align: justify;\">En el marco del Mes de la Patria, INDAP Ays\u00e9n del Ministerio de Agricultura invita a toda la comunidad a participar de la quinta versi\u00f3n de la EXPOLANAS 2025. En un mundo marcado por la inmediatez y el consumo r\u00e1pido, esta feria textil referente de INDAP llega para recordarnos el valor de lo aut\u00e9ntico, lo duradero y lo hecho con manos campesinas. Este 5 y 6 de septiembre, en calle Bilbao (entre Prat y Cochrane), m\u00e1s de 30 artesanas y artesanos de la regi\u00f3n presentar\u00e1n piezas hechas a mano que rescatan la nobleza de las fibras naturales y el patrimonio textil de la Patagonia.<\/p>\n<p style=\"text-align: justify;\">La directora regional de INDAP Ays\u00e9n, Yessica Lagos C\u00e1rdenas, destac\u00f3 que \u201cesta feria es un homenaje al trabajo silencioso y perseverante de las familias campesinas que transforman la lana en piezas de gran valor cultural y econ\u00f3mico. Queremos que la comunidad venga, conozca, y se lleve a casa un pedacito de la historia y el patrimonio textil de Ays\u00e9n. Cada producto cuenta una historia, y al comprar directamente a las artesanas y artesanos, estamos apoyando a la agricultura familiar y fortaleciendo nuestras ra\u00edces\u201d.<\/p>\n<p style=\"text-align: justify;\">La feria reunir\u00e1 a cerca de 30 artesanas y artesanos de distintos puntos de la regi\u00f3n (Coyhaique, Ays\u00e9n, Lago Verde, Puyuhuapi, Queulat, La Junta y Puerto Ib\u00e1\u00f1ez, entre otros) quienes pondr\u00e1n a disposici\u00f3n del p\u00fablico piezas \u00fanicas y que, con la calidez y calidad de la lana natural, acompa\u00f1ar\u00e1n a sus due\u00f1os por toda una vida. Mantas, pieceras, echarpes y artesan\u00edas en lana ovina ser\u00e1n las protagonistas de un encuentro donde tradici\u00f3n y creatividad se unen para dar vida a productos aut\u00e9nticos que son parte de la identidad cultural local.<\/p>\n<p style=\"text-align: justify;\">Adem\u00e1s de la muestra y venta de artesan\u00edas, EXPOLANAS 2025 es un espacio para celebrar la asociatividad campesina, el desarrollo sustentable y los circuitos cortos de comercializaci\u00f3n, que conectan directamente a productores con consumidores a trav\u00e9s del trabajo de fibras nobles, no pl\u00e1sticas ni da\u00f1inas para las personas ni el medio ambiente.<\/p>\n<p style=\"text-align: justify;\">La EXPOLANAS 2025 es tambi\u00e9n un espacio de encuentro entre lo rural y lo urbano, donde se reconoce la creatividad de las manos campesinas y se fortalece el v\u00ednculo con la comunidad local. Aqu\u00ed, el patrimonio textil se presenta no como un recuerdo del pasado, sino como una apuesta viva para el futuro, donde tradici\u00f3n, identidad y sostenibilidad se entrelazan en cada pieza.<\/p>\n<p style=\"text-align: justify;\">INDAP refuerza su compromiso con la Agricultura Familiar Campesina e Ind\u00edgena, invitando a todas las familias de Coyhaique y alrededores a disfrutar de una feria que celebra nuestras tradiciones y proyecta al mismo tiempo nuevas oportunidades de desarrollo rural.<\/p>\n<p style=\"text-align: justify;\">Cu\u00e1ndo: 5 y 6 de septiembre, de 10:00 a 19:00 hrs.<\/p>\n<p style=\"text-align: justify;\">D\u00f3nde: Calle Bilbao, entre Prat y Cochrane, Coyhaique.<\/p>\n<p style=\"text-align: justify;\">Entrada liberada.<\/p>\n<\/div><\/section><\/div><div  style='height:50px' class='hr hr-invisible   avia-builder-el-6  el_after_av_one_full  el_before_av_social_share '><span class='hr-inner ' ><span class='hr-inner-style'><\/span><\/span><\/div><\/p>\n<div  class='av-social-sharing-box  avia-builder-el-7  el_after_av_hr  el_before_av_hr  '><div class='av-share-box'><h5 class='av-share-link-description av-no-toc '>Compartir esta noticia<\/h5><ul class='av-share-box-list noLightbox'><li class='av-share-link av-social-link-facebook' ><a target=\"_blank\" aria-label=\"Compartir en Facebook\" href='https:\/\/www.facebook.com\/sharer.php?u=https:\/\/radiorevelacionfm.cl\/?p=58667&#038;t=Expolanas%202025%3A%20una%20invitaci%C3%B3n%20al%20encuentro%20con%20el%20patrimonio%20textil%20y%20la%20identidad%20campesina%20de%20Ays%C3%A9n' aria-hidden='false' data-av_icon='\ue8f3' data-av_iconfont='entypo-fontello' title='' data-avia-related-tooltip='Compartir en Facebook' rel=\"noopener\"><span class='avia_hidden_link_text'>Compartir en Facebook<\/span><\/a><\/li><li class='av-share-link av-social-link-twitter' ><a target=\"_blank\" aria-label=\"Compartir en Twitter\" href='https:\/\/twitter.com\/share?text=Expolanas%202025%3A%20una%20invitaci%C3%B3n%20al%20encuentro%20con%20el%20patrimonio%20textil%20y%20la%20identidad%20campesina%20de%20Ays%C3%A9n&#038;url=https:\/\/radiorevelacionfm.cl\/?p=58667' aria-hidden='false' data-av_icon='\ue8f1' data-av_iconfont='entypo-fontello' title='' data-avia-related-tooltip='Compartir en Twitter' rel=\"noopener\"><span class='avia_hidden_link_text'>Compartir en Twitter<\/span><\/a><\/li><li class='av-share-link av-social-link-whatsapp' ><a target=\"_blank\" aria-label=\"Compartir en Whatsapp\" href='https:\/\/api.whatsapp.com\/send?text=https:\/\/radiorevelacionfm.cl\/?p=58667' aria-hidden='false' data-av_icon='\uf232' data-av_iconfont='entypo-fontello' title='' data-avia-related-tooltip='Compartir en Whatsapp' rel=\"noopener\"><span class='avia_hidden_link_text'>Compartir en Whatsapp<\/span><\/a><\/li><li class='av-share-link av-social-link-linkedin' ><a target=\"_blank\" aria-label=\"Compartir en LinkedIn\" href='https:\/\/linkedin.com\/shareArticle?mini=true&#038;title=Expolanas%202025%3A%20una%20invitaci%C3%B3n%20al%20encuentro%20con%20el%20patrimonio%20textil%20y%20la%20identidad%20campesina%20de%20Ays%C3%A9n&#038;url=https:\/\/radiorevelacionfm.cl\/?p=58667' aria-hidden='false' data-av_icon='\ue8fc' data-av_iconfont='entypo-fontello' title='' data-avia-related-tooltip='Compartir en LinkedIn' rel=\"noopener\"><span class='avia_hidden_link_text'>Compartir en LinkedIn<\/span><\/a><\/li><li class='av-share-link av-social-link-mail' ><a  aria-label=\"Compartir por correo\" href='mailto:?subject=Expolanas%202025%3A%20una%20invitaci%C3%B3n%20al%20encuentro%20con%20el%20patrimonio%20textil%20y%20la%20identidad%20campesina%20de%20Ays%C3%A9n&#038;body=https:\/\/radiorevelacionfm.cl\/?p=58667' aria-hidden='false' data-av_icon='\ue805' data-av_iconfont='entypo-fontello' title='' data-avia-related-tooltip='Compartir por correo'><span class='avia_hidden_link_text'>Compartir por correo<\/span><\/a><\/li><\/ul><\/div><\/div>\n<div  style='height:50px' class='hr hr-invisible   avia-builder-el-8  el_after_av_social_share  el_before_av_comments_list '><span class='hr-inner ' ><span class='hr-inner-style'><\/span><\/span><\/div>\n<div  class='av-buildercomment  av-blog-meta-html-info-disabled av-blog-meta-tag-disabled  '><\/div>\n","protected":false},"excerpt":{"rendered":"","protected":false},"author":1,"featured_media":58668,"comment_status":"closed","ping_status":"closed","sticky":false,"template":"","format":"standard","meta":{"footnotes":""},"categories":[38],"tags":[],"class_list":["post-58667","post","type-post","status-publish","format-standard","has-post-thumbnail","hentry","category-regional"],"jetpack_featured_media_url":"https:\/\/radiorevelacionfm.cl\/wp-content\/uploads\/2025\/09\/grafica-expolana-2025-vertical-1-1-1_optimized-1.jpg","_links":{"self":[{"href":"https:\/\/radiorevelacionfm.cl\/index.php?rest_route=\/wp\/v2\/posts\/58667","targetHints":{"allow":["GET"]}}],"collection":[{"href":"https:\/\/radiorevelacionfm.cl\/index.php?rest_route=\/wp\/v2\/posts"}],"about":[{"href":"https:\/\/radiorevelacionfm.cl\/index.php?rest_route=\/wp\/v2\/types\/post"}],"author":[{"embeddable":true,"href":"https:\/\/radiorevelacionfm.cl\/index.php?rest_route=\/wp\/v2\/users\/1"}],"replies":[{"embeddable":true,"href":"https:\/\/radiorevelacionfm.cl\/index.php?rest_route=%2Fwp%2Fv2%2Fcomments&post=58667"}],"version-history":[{"count":2,"href":"https:\/\/radiorevelacionfm.cl\/index.php?rest_route=\/wp\/v2\/posts\/58667\/revisions"}],"predecessor-version":[{"id":58675,"href":"https:\/\/radiorevelacionfm.cl\/index.php?rest_route=\/wp\/v2\/posts\/58667\/revisions\/58675"}],"wp:featuredmedia":[{"embeddable":true,"href":"https:\/\/radiorevelacionfm.cl\/index.php?rest_route=\/wp\/v2\/media\/58668"}],"wp:attachment":[{"href":"https:\/\/radiorevelacionfm.cl\/index.php?rest_route=%2Fwp%2Fv2%2Fmedia&parent=58667"}],"wp:term":[{"taxonomy":"category","embeddable":true,"href":"https:\/\/radiorevelacionfm.cl\/index.php?rest_route=%2Fwp%2Fv2%2Fcategories&post=58667"},{"taxonomy":"post_tag","embeddable":true,"href":"https:\/\/radiorevelacionfm.cl\/index.php?rest_route=%2Fwp%2Fv2%2Ftags&post=58667"}],"curies":[{"name":"wp","href":"https:\/\/api.w.org\/{rel}","templated":true}]}}