{"id":58657,"date":"2025-09-03T13:56:06","date_gmt":"2025-09-03T16:56:06","guid":{"rendered":"https:\/\/radiorevelacionfm.cl\/?p=58657"},"modified":"2025-09-03T13:56:06","modified_gmt":"2025-09-03T16:56:06","slug":"senadora-ordenes-por-aniversario-de-la-ley-del-cancer-se-han-hecho-avances-muy-importantes-en-el-pais-y-en-la-region-de-aysen","status":"publish","type":"post","link":"https:\/\/radiorevelacionfm.cl\/?p=58657","title":{"rendered":"Senadora \u00d3rdenes por aniversario de la Ley del C\u00e1ncer: Se han hecho avances muy importantes en el pa\u00eds y en la regi\u00f3n de Ays\u00e9n"},"content":{"rendered":"<div class=\"flex_column av_one_full  flex_column_div av-zero-column-padding first  avia-builder-el-0  el_before_av_one_full  avia-builder-el-first  \" style='border-radius:0px; '><div  class='avia-image-container  av-styling-    avia-builder-el-1  avia-builder-el-no-sibling  avia-align-center '  itemprop=\"image\" itemscope=\"itemscope\" itemtype=\"https:\/\/schema.org\/ImageObject\"  ><div class='avia-image-container-inner'><div class='avia-image-overlay-wrap'><img decoding=\"async\" class='wp-image-58658 avia-img-lazy-loading-not-58658 avia_image' src=\"https:\/\/radiorevelacionfm.cl\/wp-content\/uploads\/2025\/09\/foto-senadora-25_optimized.jpg\" alt='' title='foto-senadora-(25)_optimized' height=\"600\" width=\"900\"  itemprop=\"thumbnailUrl\" srcset=\"https:\/\/radiorevelacionfm.cl\/wp-content\/uploads\/2025\/09\/foto-senadora-25_optimized.jpg 900w, https:\/\/radiorevelacionfm.cl\/wp-content\/uploads\/2025\/09\/foto-senadora-25_optimized-300x200.jpg 300w, https:\/\/radiorevelacionfm.cl\/wp-content\/uploads\/2025\/09\/foto-senadora-25_optimized-768x512.jpg 768w, https:\/\/radiorevelacionfm.cl\/wp-content\/uploads\/2025\/09\/foto-senadora-25_optimized-705x470.jpg 705w, https:\/\/radiorevelacionfm.cl\/wp-content\/uploads\/2025\/09\/foto-senadora-25_optimized-450x300.jpg 450w, https:\/\/radiorevelacionfm.cl\/wp-content\/uploads\/2025\/09\/foto-senadora-25_optimized-600x400.jpg 600w\" sizes=\"(max-width: 900px) 100vw, 900px\" \/><\/div><\/div><\/div><\/div><div class=\"flex_column av_one_full  flex_column_div av-zero-column-padding first  avia-builder-el-2  el_after_av_one_full  el_before_av_one_full  column-top-margin\" style='border-radius:0px; '><section class=\"av_textblock_section \"  itemscope=\"itemscope\" itemtype=\"https:\/\/schema.org\/BlogPosting\" itemprop=\"blogPost\" ><div class='avia_textblock  '   itemprop=\"text\" ><p style=\"text-align: center;\"><strong><span style=\"font-size: 18pt;\">Senadora \u00d3rdenes por aniversario de la Ley del C\u00e1ncer: Se han hecho avances muy importantes en el pa\u00eds y en la regi\u00f3n de Ays\u00e9n<\/span><\/strong><\/p>\n<div id=\"gtx-trans\" style=\"position: absolute; left: -50px; top: 4.31534px;\">\n<div class=\"gtx-trans-icon\"><\/div>\n<\/div>\n<\/div><\/section><\/div><div class=\"flex_column av_one_full  flex_column_div av-zero-column-padding first  avia-builder-el-4  el_after_av_one_full  el_before_av_hr  column-top-margin\" style='border-radius:0px; '><section class=\"av_textblock_section \"  itemscope=\"itemscope\" itemtype=\"https:\/\/schema.org\/BlogPosting\" itemprop=\"blogPost\" ><div class='avia_textblock  '   itemprop=\"text\" ><p style=\"text-align: justify;\">En el quinto aniversario de la Ley del C\u00e1ncer, la senadora por la regi\u00f3n de Ays\u00e9n, Ximena \u00d3rdenes Neira, represent\u00f3 la necesidad de avanzar en el proyecto de un Centro Oncol\u00f3gico para la regi\u00f3n, valorando los avances en la materia, a nivel nacional y tambi\u00e9n en la regi\u00f3n de Ays\u00e9n.<\/p>\n<p style=\"text-align: justify;\">El c\u00e1ncer es reconocida como una de las principales causas de muerte en Chile y la ley tiene como objetivo reconocer este problema de salud p\u00fablica, visibilizarlo y fortalecer la prevenci\u00f3n para un diagn\u00f3stico y tratamiento oportuno. Fue fruto de un esfuerzo transversal que cont\u00f3 con la participaci\u00f3n de pacientes, familias, organizaciones sociales, m\u00e9dicos y parlamentarios.<\/p>\n<p style=\"text-align: justify;\">Ximena \u00d3rdenes, representante aysenina en el Senado, recalc\u00f3 que ya son cinco a\u00f1os desde que fue publicada. \u201cEsta ley integral es un hito hist\u00f3rico que nos permiti\u00f3 hablar de prevenci\u00f3n, de un Plan Nacional del C\u00e1ncer y sobre todo, de la habilitaci\u00f3n y construcci\u00f3n de centros oncol\u00f3gicos a lo largo del territorio del pa\u00eds\u201d, se\u00f1al\u00f3 desde el Congreso Nacional, donde se trabaj\u00f3 la iniciativa.<\/p>\n<p style=\"text-align: justify;\">\u201cEn Ays\u00e9n, hace una d\u00e9cada, siendo intendente regional, formamos la primera Unidad de Oncolog\u00eda, que permiti\u00f3 que los pacientes que necesitan quimioterapia no tengan que salir de la regi\u00f3n\u201d, destac\u00f3 \u00d3rdenes, quien ha sido parte no solo de la tramitaci\u00f3n de la celebrada ley, sino tambi\u00e9n de los avances en acceso y tratamiento oportuno en Ays\u00e9n.<\/p>\n<p style=\"text-align: justify;\">Sin embargo, los desaf\u00edos en la materia han crecido a nivel pa\u00eds, con un aumento en la cantidad de pacientes que hoy esperan un tratamiento. \u201cHoy d\u00eda tenemos el desaf\u00edo de contar con un Centro Transitorio de C\u00e1ncer\u201d, manifest\u00f3 la senadora \u00d3rdenes, con una mirada positiva ante el futuro, al se\u00f1alar tambi\u00e9n que, \u201csi bien los desaf\u00edos contin\u00faan, quiero valorar que a partir de una ley se han hecho avances muy importantes en el pa\u00eds y en la regi\u00f3n de Ays\u00e9n\u201d.<\/p>\n<p style=\"text-align: justify;\">Entre los avances logrados por esta ley destacan la creaci\u00f3n de la Red Oncol\u00f3gica Nacional, que articula hospitales y centros especializados en distintas regiones, tambi\u00e9n el Fondo Nacional del C\u00e1ncer, que financia proyectos de investigaci\u00f3n, innovaci\u00f3n y formaci\u00f3n de especialistas y tambi\u00e9n los esfuerzos por dar una mayor equidad territorial, al reconocer que no todos los pacientes reciben el mismo acceso a tratamientos seg\u00fan la regi\u00f3n, adem\u00e1s de una mayor conciencia social sobre el autocuidado y la detecci\u00f3n temprana.<\/p>\n<\/div><\/section><\/div><div  style='height:50px' class='hr hr-invisible   avia-builder-el-6  el_after_av_one_full  el_before_av_social_share '><span class='hr-inner ' ><span class='hr-inner-style'><\/span><\/span><\/div><\/p>\n<div  class='av-social-sharing-box  avia-builder-el-7  el_after_av_hr  el_before_av_hr  '><div class='av-share-box'><h5 class='av-share-link-description av-no-toc '>Compartir esta noticia<\/h5><ul class='av-share-box-list noLightbox'><li class='av-share-link av-social-link-facebook' ><a target=\"_blank\" aria-label=\"Compartir en Facebook\" href='https:\/\/www.facebook.com\/sharer.php?u=https:\/\/radiorevelacionfm.cl\/?p=58657&#038;t=Senadora%20%C3%93rdenes%20por%20aniversario%20de%20la%20Ley%20del%20C%C3%A1ncer%3A%20Se%20han%20hecho%20avances%20muy%20importantes%20en%20el%20pa%C3%ADs%20y%20en%20la%20regi%C3%B3n%20de%20Ays%C3%A9n' aria-hidden='false' data-av_icon='\ue8f3' data-av_iconfont='entypo-fontello' title='' data-avia-related-tooltip='Compartir en Facebook' rel=\"noopener\"><span class='avia_hidden_link_text'>Compartir en Facebook<\/span><\/a><\/li><li class='av-share-link av-social-link-twitter' ><a target=\"_blank\" aria-label=\"Compartir en Twitter\" href='https:\/\/twitter.com\/share?text=Senadora%20%C3%93rdenes%20por%20aniversario%20de%20la%20Ley%20del%20C%C3%A1ncer%3A%20Se%20han%20hecho%20avances%20muy%20importantes%20en%20el%20pa%C3%ADs%20y%20en%20la%20regi%C3%B3n%20de%20Ays%C3%A9n&#038;url=https:\/\/radiorevelacionfm.cl\/?p=58657' aria-hidden='false' data-av_icon='\ue8f1' data-av_iconfont='entypo-fontello' title='' data-avia-related-tooltip='Compartir en Twitter' rel=\"noopener\"><span class='avia_hidden_link_text'>Compartir en Twitter<\/span><\/a><\/li><li class='av-share-link av-social-link-whatsapp' ><a target=\"_blank\" aria-label=\"Compartir en Whatsapp\" href='https:\/\/api.whatsapp.com\/send?text=https:\/\/radiorevelacionfm.cl\/?p=58657' aria-hidden='false' data-av_icon='\uf232' data-av_iconfont='entypo-fontello' title='' data-avia-related-tooltip='Compartir en Whatsapp' rel=\"noopener\"><span class='avia_hidden_link_text'>Compartir en Whatsapp<\/span><\/a><\/li><li class='av-share-link av-social-link-linkedin' ><a target=\"_blank\" aria-label=\"Compartir en LinkedIn\" href='https:\/\/linkedin.com\/shareArticle?mini=true&#038;title=Senadora%20%C3%93rdenes%20por%20aniversario%20de%20la%20Ley%20del%20C%C3%A1ncer%3A%20Se%20han%20hecho%20avances%20muy%20importantes%20en%20el%20pa%C3%ADs%20y%20en%20la%20regi%C3%B3n%20de%20Ays%C3%A9n&#038;url=https:\/\/radiorevelacionfm.cl\/?p=58657' aria-hidden='false' data-av_icon='\ue8fc' data-av_iconfont='entypo-fontello' title='' data-avia-related-tooltip='Compartir en LinkedIn' rel=\"noopener\"><span class='avia_hidden_link_text'>Compartir en LinkedIn<\/span><\/a><\/li><li class='av-share-link av-social-link-mail' ><a  aria-label=\"Compartir por correo\" href='mailto:?subject=Senadora%20%C3%93rdenes%20por%20aniversario%20de%20la%20Ley%20del%20C%C3%A1ncer%3A%20Se%20han%20hecho%20avances%20muy%20importantes%20en%20el%20pa%C3%ADs%20y%20en%20la%20regi%C3%B3n%20de%20Ays%C3%A9n&#038;body=https:\/\/radiorevelacionfm.cl\/?p=58657' aria-hidden='false' data-av_icon='\ue805' data-av_iconfont='entypo-fontello' title='' data-avia-related-tooltip='Compartir por correo'><span class='avia_hidden_link_text'>Compartir por correo<\/span><\/a><\/li><\/ul><\/div><\/div>\n<div  style='height:50px' class='hr hr-invisible   avia-builder-el-8  el_after_av_social_share  el_before_av_comments_list '><span class='hr-inner ' ><span class='hr-inner-style'><\/span><\/span><\/div>\n<div  class='av-buildercomment  av-blog-meta-html-info-disabled av-blog-meta-tag-disabled  '><\/div>\n","protected":false},"excerpt":{"rendered":"","protected":false},"author":1,"featured_media":58658,"comment_status":"closed","ping_status":"closed","sticky":false,"template":"","format":"standard","meta":{"footnotes":""},"categories":[35],"tags":[],"class_list":["post-58657","post","type-post","status-publish","format-standard","has-post-thumbnail","hentry","category-politica"],"jetpack_featured_media_url":"https:\/\/radiorevelacionfm.cl\/wp-content\/uploads\/2025\/09\/foto-senadora-25_optimized.jpg","_links":{"self":[{"href":"https:\/\/radiorevelacionfm.cl\/index.php?rest_route=\/wp\/v2\/posts\/58657","targetHints":{"allow":["GET"]}}],"collection":[{"href":"https:\/\/radiorevelacionfm.cl\/index.php?rest_route=\/wp\/v2\/posts"}],"about":[{"href":"https:\/\/radiorevelacionfm.cl\/index.php?rest_route=\/wp\/v2\/types\/post"}],"author":[{"embeddable":true,"href":"https:\/\/radiorevelacionfm.cl\/index.php?rest_route=\/wp\/v2\/users\/1"}],"replies":[{"embeddable":true,"href":"https:\/\/radiorevelacionfm.cl\/index.php?rest_route=%2Fwp%2Fv2%2Fcomments&post=58657"}],"version-history":[{"count":2,"href":"https:\/\/radiorevelacionfm.cl\/index.php?rest_route=\/wp\/v2\/posts\/58657\/revisions"}],"predecessor-version":[{"id":58690,"href":"https:\/\/radiorevelacionfm.cl\/index.php?rest_route=\/wp\/v2\/posts\/58657\/revisions\/58690"}],"wp:featuredmedia":[{"embeddable":true,"href":"https:\/\/radiorevelacionfm.cl\/index.php?rest_route=\/wp\/v2\/media\/58658"}],"wp:attachment":[{"href":"https:\/\/radiorevelacionfm.cl\/index.php?rest_route=%2Fwp%2Fv2%2Fmedia&parent=58657"}],"wp:term":[{"taxonomy":"category","embeddable":true,"href":"https:\/\/radiorevelacionfm.cl\/index.php?rest_route=%2Fwp%2Fv2%2Fcategories&post=58657"},{"taxonomy":"post_tag","embeddable":true,"href":"https:\/\/radiorevelacionfm.cl\/index.php?rest_route=%2Fwp%2Fv2%2Ftags&post=58657"}],"curies":[{"name":"wp","href":"https:\/\/api.w.org\/{rel}","templated":true}]}}