{"id":58654,"date":"2025-09-02T21:01:14","date_gmt":"2025-09-03T00:01:14","guid":{"rendered":"https:\/\/radiorevelacionfm.cl\/?p=58654"},"modified":"2025-09-02T21:01:14","modified_gmt":"2025-09-03T00:01:14","slug":"ampliacion-del-parque-eolico-alto-baguales-inversion-estrategica-que-fortalece-el-sistema-electrico","status":"publish","type":"post","link":"https:\/\/radiorevelacionfm.cl\/?p=58654","title":{"rendered":"Ampliaci\u00f3n del Parque E\u00f3lico Alto Baguales inversi\u00f3n estrat\u00e9gica que fortalece el sistema el\u00e9ctrico"},"content":{"rendered":"<div class=\"flex_column av_one_full  flex_column_div av-zero-column-padding first  avia-builder-el-0  el_before_av_one_full  avia-builder-el-first  \" style='border-radius:0px; '><div  class='avia-image-container  av-styling-    avia-builder-el-1  avia-builder-el-no-sibling  avia-align-center '  itemprop=\"image\" itemscope=\"itemscope\" itemtype=\"https:\/\/schema.org\/ImageObject\"  ><div class='avia-image-container-inner'><div class='avia-image-overlay-wrap'><img decoding=\"async\" class='wp-image-58655 avia-img-lazy-loading-not-58655 avia_image' src=\"https:\/\/radiorevelacionfm.cl\/wp-content\/uploads\/2025\/09\/foto-2-56-1-1_optimized-1.jpeg\" alt='' title='foto-2-(56)-(1)-(1)_optimized (1)' height=\"625\" width=\"804\"  itemprop=\"thumbnailUrl\" srcset=\"https:\/\/radiorevelacionfm.cl\/wp-content\/uploads\/2025\/09\/foto-2-56-1-1_optimized-1.jpeg 804w, https:\/\/radiorevelacionfm.cl\/wp-content\/uploads\/2025\/09\/foto-2-56-1-1_optimized-1-300x233.jpeg 300w, https:\/\/radiorevelacionfm.cl\/wp-content\/uploads\/2025\/09\/foto-2-56-1-1_optimized-1-768x597.jpeg 768w, https:\/\/radiorevelacionfm.cl\/wp-content\/uploads\/2025\/09\/foto-2-56-1-1_optimized-1-705x548.jpeg 705w, https:\/\/radiorevelacionfm.cl\/wp-content\/uploads\/2025\/09\/foto-2-56-1-1_optimized-1-450x350.jpeg 450w, https:\/\/radiorevelacionfm.cl\/wp-content\/uploads\/2025\/09\/foto-2-56-1-1_optimized-1-600x466.jpeg 600w\" sizes=\"(max-width: 804px) 100vw, 804px\" \/><\/div><\/div><\/div><\/div><div class=\"flex_column av_one_full  flex_column_div av-zero-column-padding first  avia-builder-el-2  el_after_av_one_full  el_before_av_one_full  column-top-margin\" style='border-radius:0px; '><section class=\"av_textblock_section \"  itemscope=\"itemscope\" itemtype=\"https:\/\/schema.org\/BlogPosting\" itemprop=\"blogPost\" ><div class='avia_textblock  '   itemprop=\"text\" ><p style=\"text-align: center;\"><strong><span style=\"font-size: 18pt;\">Ampliaci\u00f3n del Parque E\u00f3lico Alto Baguales inversi\u00f3n estrat\u00e9gica que fortalece el sistema el\u00e9ctrico<\/span><\/strong><\/p>\n<div id=\"gtx-trans\" style=\"position: absolute; left: -50px; top: 4.31534px;\">\n<div class=\"gtx-trans-icon\"><\/div>\n<\/div>\n<\/div><\/section><\/div><div class=\"flex_column av_one_full  flex_column_div av-zero-column-padding first  avia-builder-el-4  el_after_av_one_full  el_before_av_hr  column-top-margin\" style='border-radius:0px; '><section class=\"av_textblock_section \"  itemscope=\"itemscope\" itemtype=\"https:\/\/schema.org\/BlogPosting\" itemprop=\"blogPost\" ><div class='avia_textblock  '   itemprop=\"text\" ><p style=\"text-align: justify;\"><em>La ampliaci\u00f3n del parque e\u00f3lico Alto Baguales aportar\u00e1 15MW adicionales al sistema el\u00e9ctrico de Ays\u00e9n. <\/em><\/p>\n<p style=\"text-align: justify;\">En el Sitio 1 del Muelle EMPORCHA se realiz\u00f3 el Hito de Arribo y Desembarque de los aerogeneradores que conformar\u00e1n la ampliaci\u00f3n del Parque E\u00f3lico Alto Baguales, iniciativa del Grupo Saesa a trav\u00e9s de Edelaysen que consolida una de las inversiones privadas m\u00e1s relevantes en energ\u00edas limpias de la regi\u00f3n de Ays\u00e9n.<\/p>\n<p style=\"text-align: justify;\">La actividad cont\u00f3 con la participaci\u00f3n de autoridades regionales y directivos de \u00a0EMPORCHA, Aduanas, la Gobernaci\u00f3n Mar\u00edtima entre otros, quienes relevaron el trabajo colaborativo y la coordinaci\u00f3n institucional necesaria para concretar este tipo de proyectos estrat\u00e9gicos para el desarrollo de la regi\u00f3n. En este contexto el proyecto de Ampliaci\u00f3n de Capacidad Parque E\u00f3lico Alto Baguales es una iniciativa de alta inversi\u00f3n que forma parte de la Mesa Regional de Inversi\u00f3n Privada, liderada desde la Seremi de Econom\u00eda y\u00a0 que a su vez, es la antesala del Gabinete Pro Crecimiento y Empleo, donde el proyecto de Edelaysen, estuvo presente y recibi\u00f3\u00a0 apoyo en la tramitaci\u00f3n y aceleraci\u00f3n de diversos permisos con el objetivo de lograr concretar esta robusta inversi\u00f3n que tendr\u00e1 impactos positivos para el desarrollo econ\u00f3mico regional, como as\u00ed tambi\u00e9n a la generaci\u00f3n de energ\u00eda.<\/p>\n<p style=\"text-align: justify;\">El Gobernador Regional Marcelo Santana, subray\u00f3 la importancia de la iniciativa \u201ces una inversi\u00f3n que nos permite tener mayor disponibilidad de energ\u00eda en la regi\u00f3n de Ays\u00e9n. Adem\u00e1s, que va a provenir de una fuente de energ\u00eda limpia como es de fuerza e\u00f3lica, por lo tanto, tambi\u00e9n descarboniza nuestra matriz energ\u00e9tica al dejar de depender, hoy d\u00eda &#8211; m\u00e1s que ayer &#8211; de la generaci\u00f3n di\u00e9sel que adem\u00e1s tiene distintas dificultades, entre ellas, siempre estar sometidos a los vaivenes de los precios de los combustibles a nivel nacional\u201d.<\/p>\n<p style=\"text-align: justify;\">Por su parte, el Delegado Presidencial Regional, Jorge D\u00edaz Guzm\u00e1n, destac\u00f3 que esta iniciativa aumenta la oferta de energ\u00eda en Ays\u00e9n \u201ccon esta iniciativa se est\u00e1 aumentando la oferta de energ\u00eda el\u00e9ctrica para que la gente de Ays\u00e9n, tanto del sector residencial como del sector productivo, dispongan de mayor energ\u00eda y con eso haya un mayor bienestar y mayores posibilidades de emprendimiento para todos y todas. Esto responde a una planificaci\u00f3n de la empresa Edelaysen junto con el Ministerio de Energ\u00eda y, por lo tanto, para todos es una gran noticia\u201d subray\u00f3.<\/p>\n<p style=\"text-align: justify;\">Este hito marca el inicio de una nueva etapa del proyecto, que considera la instalaci\u00f3n de cinco aerogeneradores Enercon de 3MW cada uno, sumando un total de 15 MW adicionales de capacidad instalada para el sistema el\u00e9ctrico regional, lo cual permitir\u00e1 fortalecer la seguridad y continuidad del suministro en Ays\u00e9n.<\/p>\n<p style=\"text-align: justify;\">Al respecto, el Seremi de Energ\u00eda (s) Felipe Rojas enfatiz\u00f3 el alcance hist\u00f3rico de la obra \u201ceste es un d\u00eda hist\u00f3rico para la regi\u00f3n de Ays\u00e9n, estamos recibiendo los primeros aerogeneradores con sus aspas y todos los equipos que resultan fundamentales para diversificar la matriz energ\u00e9tica y generar energ\u00eda m\u00e1s limpia. Sabemos lo importante para el sector privado de iniciativas como esta, que adem\u00e1s se enlaza con una serie de otros proyectos del sector privado que estamos empujando como Gobierno del presidente Gabriel Boric\u201d.<\/p>\n<p style=\"text-align: justify;\">Por su parte, el Gerente de Inversiones de Edelaysen, Leonardo Mor\u00e1n, se refiri\u00f3 al impacto en la resiliencia del sistema \u201cuno de sus principales beneficios, es que hace que nuestro sistema mediano de Ays\u00e9n sea m\u00e1s robusto y resiliente ante contingencias clim\u00e1ticas. Nosotros tarde o temprano vamos a volver a tener un invierno como el del 2010 con intensas nevazones o una sequ\u00eda como la del 2016 o un congelamiento como el que ocurri\u00f3 el a\u00f1o 2022, entonces el sistema tiene que ser capaz de tener robustez y resiliencia para no solo soportar en condiciones normales como ahora que hemos tenido menos cortes de suministro, donde actualmente estamos segundos o terceros a nivel nacional en menor cantidad de horas sin suministro\u201d.<\/p>\n<p style=\"text-align: justify;\">Con este proyecto fruto de la colaboraci\u00f3n p\u00fablico-privada, Ays\u00e9n refuerza el suministro el\u00e9ctrico en una de las zonas m\u00e1s aisladas y exigentes del pa\u00eds y se proyecta como un territorio pionero en energ\u00edas limpias y sostenibles, avanzando hacia una transici\u00f3n energ\u00e9tica justa y descentralizada.<\/p>\n<\/div><\/section><\/div><div  style='height:50px' class='hr hr-invisible   avia-builder-el-6  el_after_av_one_full  el_before_av_social_share '><span class='hr-inner ' ><span class='hr-inner-style'><\/span><\/span><\/div><\/p>\n<div  class='av-social-sharing-box  avia-builder-el-7  el_after_av_hr  el_before_av_hr  '><div class='av-share-box'><h5 class='av-share-link-description av-no-toc '>Compartir esta noticia<\/h5><ul class='av-share-box-list noLightbox'><li class='av-share-link av-social-link-facebook' ><a target=\"_blank\" aria-label=\"Compartir en Facebook\" href='https:\/\/www.facebook.com\/sharer.php?u=https:\/\/radiorevelacionfm.cl\/?p=58654&#038;t=Ampliaci%C3%B3n%20del%20Parque%20E%C3%B3lico%20Alto%20Baguales%20inversi%C3%B3n%20estrat%C3%A9gica%20que%20fortalece%20el%20sistema%20el%C3%A9ctrico' aria-hidden='false' data-av_icon='\ue8f3' data-av_iconfont='entypo-fontello' title='' data-avia-related-tooltip='Compartir en Facebook' rel=\"noopener\"><span class='avia_hidden_link_text'>Compartir en Facebook<\/span><\/a><\/li><li class='av-share-link av-social-link-twitter' ><a target=\"_blank\" aria-label=\"Compartir en Twitter\" href='https:\/\/twitter.com\/share?text=Ampliaci%C3%B3n%20del%20Parque%20E%C3%B3lico%20Alto%20Baguales%20inversi%C3%B3n%20estrat%C3%A9gica%20que%20fortalece%20el%20sistema%20el%C3%A9ctrico&#038;url=https:\/\/radiorevelacionfm.cl\/?p=58654' aria-hidden='false' data-av_icon='\ue8f1' data-av_iconfont='entypo-fontello' title='' data-avia-related-tooltip='Compartir en Twitter' rel=\"noopener\"><span class='avia_hidden_link_text'>Compartir en Twitter<\/span><\/a><\/li><li class='av-share-link av-social-link-whatsapp' ><a target=\"_blank\" aria-label=\"Compartir en Whatsapp\" href='https:\/\/api.whatsapp.com\/send?text=https:\/\/radiorevelacionfm.cl\/?p=58654' aria-hidden='false' data-av_icon='\uf232' data-av_iconfont='entypo-fontello' title='' data-avia-related-tooltip='Compartir en Whatsapp' rel=\"noopener\"><span class='avia_hidden_link_text'>Compartir en Whatsapp<\/span><\/a><\/li><li class='av-share-link av-social-link-linkedin' ><a target=\"_blank\" aria-label=\"Compartir en LinkedIn\" href='https:\/\/linkedin.com\/shareArticle?mini=true&#038;title=Ampliaci%C3%B3n%20del%20Parque%20E%C3%B3lico%20Alto%20Baguales%20inversi%C3%B3n%20estrat%C3%A9gica%20que%20fortalece%20el%20sistema%20el%C3%A9ctrico&#038;url=https:\/\/radiorevelacionfm.cl\/?p=58654' aria-hidden='false' data-av_icon='\ue8fc' data-av_iconfont='entypo-fontello' title='' data-avia-related-tooltip='Compartir en LinkedIn' rel=\"noopener\"><span class='avia_hidden_link_text'>Compartir en LinkedIn<\/span><\/a><\/li><li class='av-share-link av-social-link-mail' ><a  aria-label=\"Compartir por correo\" href='mailto:?subject=Ampliaci%C3%B3n%20del%20Parque%20E%C3%B3lico%20Alto%20Baguales%20inversi%C3%B3n%20estrat%C3%A9gica%20que%20fortalece%20el%20sistema%20el%C3%A9ctrico&#038;body=https:\/\/radiorevelacionfm.cl\/?p=58654' aria-hidden='false' data-av_icon='\ue805' data-av_iconfont='entypo-fontello' title='' data-avia-related-tooltip='Compartir por correo'><span class='avia_hidden_link_text'>Compartir por correo<\/span><\/a><\/li><\/ul><\/div><\/div>\n<div  style='height:50px' class='hr hr-invisible   avia-builder-el-8  el_after_av_social_share  el_before_av_comments_list '><span class='hr-inner ' ><span class='hr-inner-style'><\/span><\/span><\/div>\n<div  class='av-buildercomment  av-blog-meta-html-info-disabled av-blog-meta-tag-disabled  '><\/div>\n","protected":false},"excerpt":{"rendered":"","protected":false},"author":1,"featured_media":58655,"comment_status":"closed","ping_status":"closed","sticky":false,"template":"","format":"standard","meta":{"footnotes":""},"categories":[38],"tags":[],"class_list":["post-58654","post","type-post","status-publish","format-standard","has-post-thumbnail","hentry","category-regional"],"jetpack_featured_media_url":"https:\/\/radiorevelacionfm.cl\/wp-content\/uploads\/2025\/09\/foto-2-56-1-1_optimized-1.jpeg","_links":{"self":[{"href":"https:\/\/radiorevelacionfm.cl\/index.php?rest_route=\/wp\/v2\/posts\/58654","targetHints":{"allow":["GET"]}}],"collection":[{"href":"https:\/\/radiorevelacionfm.cl\/index.php?rest_route=\/wp\/v2\/posts"}],"about":[{"href":"https:\/\/radiorevelacionfm.cl\/index.php?rest_route=\/wp\/v2\/types\/post"}],"author":[{"embeddable":true,"href":"https:\/\/radiorevelacionfm.cl\/index.php?rest_route=\/wp\/v2\/users\/1"}],"replies":[{"embeddable":true,"href":"https:\/\/radiorevelacionfm.cl\/index.php?rest_route=%2Fwp%2Fv2%2Fcomments&post=58654"}],"version-history":[{"count":2,"href":"https:\/\/radiorevelacionfm.cl\/index.php?rest_route=\/wp\/v2\/posts\/58654\/revisions"}],"predecessor-version":[{"id":58674,"href":"https:\/\/radiorevelacionfm.cl\/index.php?rest_route=\/wp\/v2\/posts\/58654\/revisions\/58674"}],"wp:featuredmedia":[{"embeddable":true,"href":"https:\/\/radiorevelacionfm.cl\/index.php?rest_route=\/wp\/v2\/media\/58655"}],"wp:attachment":[{"href":"https:\/\/radiorevelacionfm.cl\/index.php?rest_route=%2Fwp%2Fv2%2Fmedia&parent=58654"}],"wp:term":[{"taxonomy":"category","embeddable":true,"href":"https:\/\/radiorevelacionfm.cl\/index.php?rest_route=%2Fwp%2Fv2%2Fcategories&post=58654"},{"taxonomy":"post_tag","embeddable":true,"href":"https:\/\/radiorevelacionfm.cl\/index.php?rest_route=%2Fwp%2Fv2%2Ftags&post=58654"}],"curies":[{"name":"wp","href":"https:\/\/api.w.org\/{rel}","templated":true}]}}