{"id":58650,"date":"2025-09-02T15:58:40","date_gmt":"2025-09-02T18:58:40","guid":{"rendered":"https:\/\/radiorevelacionfm.cl\/?p=58650"},"modified":"2025-09-02T15:58:40","modified_gmt":"2025-09-02T18:58:40","slug":"recuperan-vivienda-fiscal-ocupada-ilegalmente-y-que-generaba-inseguridad-en-barrio-residencial-de-coyhaique","status":"publish","type":"post","link":"https:\/\/radiorevelacionfm.cl\/?p=58650","title":{"rendered":"Recuperan vivienda fiscal ocupada ilegalmente y que generaba inseguridad en barrio residencial de Coyhaique"},"content":{"rendered":"<div class=\"flex_column av_one_full  flex_column_div av-zero-column-padding first  avia-builder-el-0  el_before_av_one_full  avia-builder-el-first  \" style='border-radius:0px; '><div  class='avia-image-container  av-styling-    avia-builder-el-1  avia-builder-el-no-sibling  avia-align-center '  itemprop=\"image\" itemscope=\"itemscope\" itemtype=\"https:\/\/schema.org\/ImageObject\"  ><div class='avia-image-container-inner'><div class='avia-image-overlay-wrap'><img decoding=\"async\" class='wp-image-58651 avia-img-lazy-loading-not-58651 avia_image' src=\"https:\/\/radiorevelacionfm.cl\/wp-content\/uploads\/2025\/09\/20250902_0938150-1-1-1_optimized-1.jpg\" alt='' title='20250902_093815(0)-(1)-(1)-(1)_optimized (1)' height=\"600\" width=\"961\"  itemprop=\"thumbnailUrl\" srcset=\"https:\/\/radiorevelacionfm.cl\/wp-content\/uploads\/2025\/09\/20250902_0938150-1-1-1_optimized-1.jpg 961w, https:\/\/radiorevelacionfm.cl\/wp-content\/uploads\/2025\/09\/20250902_0938150-1-1-1_optimized-1-300x187.jpg 300w, https:\/\/radiorevelacionfm.cl\/wp-content\/uploads\/2025\/09\/20250902_0938150-1-1-1_optimized-1-768x480.jpg 768w, https:\/\/radiorevelacionfm.cl\/wp-content\/uploads\/2025\/09\/20250902_0938150-1-1-1_optimized-1-705x440.jpg 705w, https:\/\/radiorevelacionfm.cl\/wp-content\/uploads\/2025\/09\/20250902_0938150-1-1-1_optimized-1-450x281.jpg 450w, https:\/\/radiorevelacionfm.cl\/wp-content\/uploads\/2025\/09\/20250902_0938150-1-1-1_optimized-1-600x375.jpg 600w\" sizes=\"(max-width: 961px) 100vw, 961px\" \/><\/div><\/div><\/div><\/div><div class=\"flex_column av_one_full  flex_column_div av-zero-column-padding first  avia-builder-el-2  el_after_av_one_full  el_before_av_one_full  column-top-margin\" style='border-radius:0px; '><section class=\"av_textblock_section \"  itemscope=\"itemscope\" itemtype=\"https:\/\/schema.org\/BlogPosting\" itemprop=\"blogPost\" ><div class='avia_textblock  '   itemprop=\"text\" ><p style=\"text-align: center;\"><strong><span style=\"font-size: 18pt;\">Recuperan vivienda fiscal ocupada ilegalmente y que generaba inseguridad en barrio residencial de Coyhaique<\/span><\/strong><\/p>\n<div id=\"gtx-trans\" style=\"position: absolute; left: -50px; top: 4.31534px;\">\n<div class=\"gtx-trans-icon\"><\/div>\n<\/div>\n<\/div><\/section><\/div><div class=\"flex_column av_one_full  flex_column_div av-zero-column-padding first  avia-builder-el-4  el_after_av_one_full  el_before_av_hr  column-top-margin\" style='border-radius:0px; '><section class=\"av_textblock_section \"  itemscope=\"itemscope\" itemtype=\"https:\/\/schema.org\/BlogPosting\" itemprop=\"blogPost\" ><div class='avia_textblock  '   itemprop=\"text\" ><p style=\"text-align: justify;\">Para dar cumplimiento al resguardo y uso correcto de la propiedad fiscal, en una acci\u00f3n coordinada, desde la Seremi de Bienes Nacionales de Ays\u00e9n junto a la Delegaci\u00f3n Presidencial Regional, Seremi de Seguridad P\u00fablica, Carabineros de la Primera Comisar\u00eda y la Direcci\u00f3n de Seguridad Comunitaria de la Municipalidad de Coyhaique, confirmaron la exitosa restituci\u00f3n de un inmueble fiscal ocupado \u00a0ilegalmente en plena zona residencial de la capital regional de Ays\u00e9n.<\/p>\n<p style=\"text-align: justify;\">La toma del inmueble de 134 metros cuadrados, ubicado en la poblaci\u00f3n Los Pioneros, inici\u00f3 en el a\u00f1o 2018 y respecto de la restituci\u00f3n administrativa efectuada este martes, la Seremi de Bienes Nacionales, Irina Morend Valdebenito, explic\u00f3 que, \u201chicimos la gesti\u00f3n de recuperar el inmueble fiscal, en este caso, en conjunto con la Delegaci\u00f3n Presidencial Regional, donde adem\u00e1s, ellos instruyen la ejecuci\u00f3n del proceso de restituci\u00f3n administrativa, donde tambi\u00e9n participa Carabineros de Chile y \u00a0en este caso, contamos con colaboraci\u00f3n del municipio de Coyhaique, quien nos ha apoyado tambi\u00e9n en todo el proceso de seguridad ciudadana y en lo que tiene que ver con recuperar los elementos que quedan en este inmueble fiscal\u201d, precis\u00f3 la autoridad, a\u00f1adiendo que esta acci\u00f3n fue impulsada, adem\u00e1s, por el foco de incivilidades que se hab\u00eda instaurado del sector.<\/p>\n<p style=\"text-align: justify;\"><u>Inseguridad en el Barrio<\/u><\/p>\n<p style=\"text-align: justify;\">En los procesos de recuperaci\u00f3n de inmuebles fiscales ocupados de forma ilegal, inicialmente se busca la restituci\u00f3n voluntaria. En este caso, al no existir abandono del inmueble a pesar de las notificaciones previas, el procedimiento sigui\u00f3 su curso, siendo necesaria la solicitud de auxilio de la fuerza p\u00fablica. Es as\u00ed que, en el operativo encabezado por funcionarios de Carabineros, el comisario de la Primera Comisar\u00eda, Mayor Sebasti\u00e1n Casanueva, refiri\u00f3 que, \u201ccomo dijo recientemente la seremi de Bienes Nacionales, personal de Carabineros llevamos a efecto la restituci\u00f3n administrativa de un inmueble de propiedad fiscal, con personal suficiente, territorial, con el apoyo de personal especializado, en el cual se lleg\u00f3 a lograr la internaci\u00f3n de la orden autorizada por la resoluci\u00f3n de la Delegaci\u00f3n Presidencial, realizando el servicio sin ning\u00fan inconveniente, teniendo en consideraci\u00f3n que la persona accedi\u00f3 de forma voluntaria a entregar todas sus pertenencias y posteriormente el retiro de la vivienda, para luego, personal de Carabineros entreg\u00e1rsela a Bienes Nacionales\u201d, sostuvo el Mayor.<\/p>\n<p style=\"text-align: justify;\">En el lugar tambi\u00e9n se cont\u00f3 con la presencia de funcionarios de la Direcci\u00f3n de Seguridad Comunitaria de la Municipalidad de Coyhaique, liderada por Jorge Risco, quien enfatiz\u00f3 en que estas acciones son necesarias, pues fortalecen la seguridad en los barrios de la capital regional. \u201cEstamos acompa\u00f1ando a nuestra Seremi en el desalojo de una propiedad, lo que hace m\u00e1s seguros nuestros barrios. No es llegar y tomarse un espacio y para ello, la direcci\u00f3n de Seguridad Comunitaria va a estar siempre disponible para apoyar a todos los servicios\u201d, coment\u00f3 el director, quien supervis\u00f3 los trabajos de traslado de enseres encontrados en el inmueble fiscal.<\/p>\n<p style=\"text-align: justify;\">En cuanto al futuro del inmueble que por ahora fue bloqueado, se se\u00f1al\u00f3 que, la Direcci\u00f3n Regional de Gendarmer\u00eda de la Seremi de Justicia y Derechos Humanos, habilitar\u00e1 una oficina para el Servicio de Bienestar de la instituci\u00f3n, lo que contribuir\u00e1 a la seguridad del sector y al buen uso del inmueble restituido.<\/p>\n<p style=\"text-align: justify;\">Finalmente, se inform\u00f3 que en el desarrollo del operativo y tras conocerse la identidad de la persona que ocupada el inmueble, Carabineros dio cuenta que la mujer mayor de edad, manten\u00eda \u00f3rdenes de detenci\u00f3n, por lo que se activ\u00f3 otro proceso por parte de la instituci\u00f3n policial.<\/p>\n<\/div><\/section><\/div><div  style='height:50px' class='hr hr-invisible   avia-builder-el-6  el_after_av_one_full  el_before_av_social_share '><span class='hr-inner ' ><span class='hr-inner-style'><\/span><\/span><\/div><\/p>\n<div  class='av-social-sharing-box  avia-builder-el-7  el_after_av_hr  el_before_av_hr  '><div class='av-share-box'><h5 class='av-share-link-description av-no-toc '>Compartir esta noticia<\/h5><ul class='av-share-box-list noLightbox'><li class='av-share-link av-social-link-facebook' ><a target=\"_blank\" aria-label=\"Compartir en Facebook\" href='https:\/\/www.facebook.com\/sharer.php?u=https:\/\/radiorevelacionfm.cl\/?p=58650&#038;t=Recuperan%20vivienda%20fiscal%20ocupada%20ilegalmente%20y%20que%20generaba%20inseguridad%20en%20barrio%20residencial%20de%20Coyhaique' aria-hidden='false' data-av_icon='\ue8f3' data-av_iconfont='entypo-fontello' title='' data-avia-related-tooltip='Compartir en Facebook' rel=\"noopener\"><span class='avia_hidden_link_text'>Compartir en Facebook<\/span><\/a><\/li><li class='av-share-link av-social-link-twitter' ><a target=\"_blank\" aria-label=\"Compartir en Twitter\" href='https:\/\/twitter.com\/share?text=Recuperan%20vivienda%20fiscal%20ocupada%20ilegalmente%20y%20que%20generaba%20inseguridad%20en%20barrio%20residencial%20de%20Coyhaique&#038;url=https:\/\/radiorevelacionfm.cl\/?p=58650' aria-hidden='false' data-av_icon='\ue8f1' data-av_iconfont='entypo-fontello' title='' data-avia-related-tooltip='Compartir en Twitter' rel=\"noopener\"><span class='avia_hidden_link_text'>Compartir en Twitter<\/span><\/a><\/li><li class='av-share-link av-social-link-whatsapp' ><a target=\"_blank\" aria-label=\"Compartir en Whatsapp\" href='https:\/\/api.whatsapp.com\/send?text=https:\/\/radiorevelacionfm.cl\/?p=58650' aria-hidden='false' data-av_icon='\uf232' data-av_iconfont='entypo-fontello' title='' data-avia-related-tooltip='Compartir en Whatsapp' rel=\"noopener\"><span class='avia_hidden_link_text'>Compartir en Whatsapp<\/span><\/a><\/li><li class='av-share-link av-social-link-linkedin' ><a target=\"_blank\" aria-label=\"Compartir en LinkedIn\" href='https:\/\/linkedin.com\/shareArticle?mini=true&#038;title=Recuperan%20vivienda%20fiscal%20ocupada%20ilegalmente%20y%20que%20generaba%20inseguridad%20en%20barrio%20residencial%20de%20Coyhaique&#038;url=https:\/\/radiorevelacionfm.cl\/?p=58650' aria-hidden='false' data-av_icon='\ue8fc' data-av_iconfont='entypo-fontello' title='' data-avia-related-tooltip='Compartir en LinkedIn' rel=\"noopener\"><span class='avia_hidden_link_text'>Compartir en LinkedIn<\/span><\/a><\/li><li class='av-share-link av-social-link-mail' ><a  aria-label=\"Compartir por correo\" href='mailto:?subject=Recuperan%20vivienda%20fiscal%20ocupada%20ilegalmente%20y%20que%20generaba%20inseguridad%20en%20barrio%20residencial%20de%20Coyhaique&#038;body=https:\/\/radiorevelacionfm.cl\/?p=58650' aria-hidden='false' data-av_icon='\ue805' data-av_iconfont='entypo-fontello' title='' data-avia-related-tooltip='Compartir por correo'><span class='avia_hidden_link_text'>Compartir por correo<\/span><\/a><\/li><\/ul><\/div><\/div>\n<div  style='height:50px' class='hr hr-invisible   avia-builder-el-8  el_after_av_social_share  el_before_av_comments_list '><span class='hr-inner ' ><span class='hr-inner-style'><\/span><\/span><\/div>\n<div  class='av-buildercomment  av-blog-meta-html-info-disabled av-blog-meta-tag-disabled  '><\/div>\n","protected":false},"excerpt":{"rendered":"","protected":false},"author":1,"featured_media":58651,"comment_status":"closed","ping_status":"closed","sticky":false,"template":"","format":"standard","meta":{"footnotes":""},"categories":[38],"tags":[],"class_list":["post-58650","post","type-post","status-publish","format-standard","has-post-thumbnail","hentry","category-regional"],"jetpack_featured_media_url":"https:\/\/radiorevelacionfm.cl\/wp-content\/uploads\/2025\/09\/20250902_0938150-1-1-1_optimized-1.jpg","_links":{"self":[{"href":"https:\/\/radiorevelacionfm.cl\/index.php?rest_route=\/wp\/v2\/posts\/58650","targetHints":{"allow":["GET"]}}],"collection":[{"href":"https:\/\/radiorevelacionfm.cl\/index.php?rest_route=\/wp\/v2\/posts"}],"about":[{"href":"https:\/\/radiorevelacionfm.cl\/index.php?rest_route=\/wp\/v2\/types\/post"}],"author":[{"embeddable":true,"href":"https:\/\/radiorevelacionfm.cl\/index.php?rest_route=\/wp\/v2\/users\/1"}],"replies":[{"embeddable":true,"href":"https:\/\/radiorevelacionfm.cl\/index.php?rest_route=%2Fwp%2Fv2%2Fcomments&post=58650"}],"version-history":[{"count":2,"href":"https:\/\/radiorevelacionfm.cl\/index.php?rest_route=\/wp\/v2\/posts\/58650\/revisions"}],"predecessor-version":[{"id":58653,"href":"https:\/\/radiorevelacionfm.cl\/index.php?rest_route=\/wp\/v2\/posts\/58650\/revisions\/58653"}],"wp:featuredmedia":[{"embeddable":true,"href":"https:\/\/radiorevelacionfm.cl\/index.php?rest_route=\/wp\/v2\/media\/58651"}],"wp:attachment":[{"href":"https:\/\/radiorevelacionfm.cl\/index.php?rest_route=%2Fwp%2Fv2%2Fmedia&parent=58650"}],"wp:term":[{"taxonomy":"category","embeddable":true,"href":"https:\/\/radiorevelacionfm.cl\/index.php?rest_route=%2Fwp%2Fv2%2Fcategories&post=58650"},{"taxonomy":"post_tag","embeddable":true,"href":"https:\/\/radiorevelacionfm.cl\/index.php?rest_route=%2Fwp%2Fv2%2Ftags&post=58650"}],"curies":[{"name":"wp","href":"https:\/\/api.w.org\/{rel}","templated":true}]}}