{"id":58647,"date":"2025-09-03T17:01:48","date_gmt":"2025-09-03T20:01:48","guid":{"rendered":"https:\/\/radiorevelacionfm.cl\/?p=58647"},"modified":"2025-09-03T17:01:48","modified_gmt":"2025-09-03T20:01:48","slug":"en-aysen-convocan-a-organizaciones-a-conformar-comite-estrategico-regional-de-escazu","status":"publish","type":"post","link":"https:\/\/radiorevelacionfm.cl\/?p=58647","title":{"rendered":"En Ays\u00e9n convocan a organizaciones a conformar Comit\u00e9 Estrat\u00e9gico Regional de Escaz\u00fa"},"content":{"rendered":"<div class=\"flex_column av_one_full  flex_column_div av-zero-column-padding first  avia-builder-el-0  el_before_av_one_full  avia-builder-el-first  \" style='border-radius:0px; '><div  class='avia-image-container  av-styling-    avia-builder-el-1  avia-builder-el-no-sibling  avia-align-center '  itemprop=\"image\" itemscope=\"itemscope\" itemtype=\"https:\/\/schema.org\/ImageObject\"  ><div class='avia-image-container-inner'><div class='avia-image-overlay-wrap'><img decoding=\"async\" class='wp-image-58648 avia-img-lazy-loading-not-58648 avia_image' src=\"https:\/\/radiorevelacionfm.cl\/wp-content\/uploads\/2025\/09\/1-2025-09-02T154659.148-1-1.jpg\" alt='' title='1 - 2025-09-02T154659.148 (1) (1)' height=\"600\" width=\"962\"  itemprop=\"thumbnailUrl\" srcset=\"https:\/\/radiorevelacionfm.cl\/wp-content\/uploads\/2025\/09\/1-2025-09-02T154659.148-1-1.jpg 962w, https:\/\/radiorevelacionfm.cl\/wp-content\/uploads\/2025\/09\/1-2025-09-02T154659.148-1-1-300x187.jpg 300w, https:\/\/radiorevelacionfm.cl\/wp-content\/uploads\/2025\/09\/1-2025-09-02T154659.148-1-1-768x479.jpg 768w, https:\/\/radiorevelacionfm.cl\/wp-content\/uploads\/2025\/09\/1-2025-09-02T154659.148-1-1-705x440.jpg 705w, https:\/\/radiorevelacionfm.cl\/wp-content\/uploads\/2025\/09\/1-2025-09-02T154659.148-1-1-450x281.jpg 450w, https:\/\/radiorevelacionfm.cl\/wp-content\/uploads\/2025\/09\/1-2025-09-02T154659.148-1-1-600x374.jpg 600w\" sizes=\"(max-width: 962px) 100vw, 962px\" \/><\/div><\/div><\/div><\/div><div class=\"flex_column av_one_full  flex_column_div av-zero-column-padding first  avia-builder-el-2  el_after_av_one_full  el_before_av_one_full  column-top-margin\" style='border-radius:0px; '><section class=\"av_textblock_section \"  itemscope=\"itemscope\" itemtype=\"https:\/\/schema.org\/BlogPosting\" itemprop=\"blogPost\" ><div class='avia_textblock  '   itemprop=\"text\" ><p style=\"text-align: center;\"><strong><span style=\"font-size: 18pt;\">En Ays\u00e9n convocan a organizaciones a conformar Comit\u00e9 Estrat\u00e9gico Regional de Escaz\u00fa<\/span><\/strong><\/p>\n<div id=\"gtx-trans\" style=\"position: absolute; left: -50px; top: 4.31534px;\">\n<div class=\"gtx-trans-icon\"><\/div>\n<\/div>\n<\/div><\/section><\/div><div class=\"flex_column av_one_full  flex_column_div av-zero-column-padding first  avia-builder-el-4  el_after_av_one_full  el_before_av_hr  column-top-margin\" style='border-radius:0px; '><section class=\"av_textblock_section \"  itemscope=\"itemscope\" itemtype=\"https:\/\/schema.org\/BlogPosting\" itemprop=\"blogPost\" ><div class='avia_textblock  '   itemprop=\"text\" ><ul>\n<li style=\"text-align: justify;\"><em>Hasta el 24 de septiembre se encuentra abierta la convocatoria para organizaciones de la sociedad civil que quieran participar del proceso de gobernanza.<\/em><\/li>\n<\/ul>\n<p style=\"text-align: justify;\">El Ministerio del Medio Ambiente inici\u00f3 la convocatoria nacional y regional para integrar las instancias de participaci\u00f3n de la Gobernanza de Escaz\u00fa en Chile, en el marco de la implementaci\u00f3n del Plan Nacional de este acuerdo en el pa\u00eds.<\/p>\n<p style=\"text-align: justify;\">\u201cLa Gobernanza de Escaz\u00fa se inspira en los principios de inclusi\u00f3n, transparencia, paridad, interculturalidad, enfoque de derechos y pertinencia territorial, y forma parte de los compromisos de nuestro gobierno plasmados en el Plan Nacional de Implementaci\u00f3n de este importante acuerdo que hoy nos convoca a reunir actores de diversas \u00e1reas de nuestra ciudadan\u00eda para el cumplimiento de esta hoja de ruta\u201d, declar\u00f3 el Seremi del Medio Ambiente, Yoal D\u00edaz.<\/p>\n<p style=\"text-align: justify;\">La Gobernanza de Escaz\u00fa se entiende como instancias de trabajo colaborativo multinivel y multiactor, en la que participan actores nacionales y regionales para el seguimiento del Plan Nacional de Implementaci\u00f3n Participativa de Escaz\u00fa (PIPE) en Chile.<\/p>\n<p style=\"text-align: justify;\">El llamado, que est\u00e1 abierto hasta el 24 de septiembre, est\u00e1 dirigido especialmente a las organizaciones de la sociedad civil, sector acad\u00e9mico y privado, que deseen formar parte del Consejo Nacional Estrat\u00e9gico P\u00fablico-Privado o los Comit\u00e9s Regionales por Escaz\u00fa.<\/p>\n<p style=\"text-align: justify;\">El Consejo Nacional estar\u00e1 compuesto por 31 representantes y tendr\u00e1 como funciones apoyar el seguimiento del Plan de Implementaci\u00f3n y emitir recomendaciones estrat\u00e9gicas, entre otras atribuciones.<\/p>\n<p style=\"text-align: justify;\">Ays\u00e9n es una de las cinco regiones que se decidieron a crear un\u00a0Comit\u00e9 Estrat\u00e9gico Regional para la gobernanza de Escaz\u00fa, constituy\u00e9ndose inicialmente como experiencia piloto de descentralizaci\u00f3n participativa.<\/p>\n<p style=\"text-align: justify;\">Para esta convocatoria, el Ministerio del Medio Ambiente, invita a las organizaciones a incorporarse en el Registro Nacional de organizaciones o instituciones, para participar en el proceso de elecci\u00f3n de representantes que integrar\u00e1n el Consejo Nacional de Escaz\u00fa y los Comit\u00e9s Regionales por Escaz\u00fa.<\/p>\n<p style=\"text-align: justify;\">Durante el periodo de convocatoria las organizaciones interesadas deber\u00e1n acreditar su participaci\u00f3n y postular candidaturas a trav\u00e9s del sitio web oficial <a href=\"https:\/\/escazu.mma.gob.cl\">https:\/\/escazu.mma.gob.cl<\/a>, donde adem\u00e1s podr\u00e1n descargar las reglas para la conformaci\u00f3n y funcionamiento de la Gobernanza de Escaz\u00fa en Chile (Res. Ex 4890\/2025) y realizar consultas a trav\u00e9s del correo electr\u00f3nico\u00a0 <a href=\"mailto:escazuchile@mma.gob.cl\">escazuchile@mma.gob.cl<\/a><\/p>\n<\/div><\/section><\/div><div  style='height:50px' class='hr hr-invisible   avia-builder-el-6  el_after_av_one_full  el_before_av_social_share '><span class='hr-inner ' ><span class='hr-inner-style'><\/span><\/span><\/div><\/p>\n<div  class='av-social-sharing-box  avia-builder-el-7  el_after_av_hr  el_before_av_hr  '><div class='av-share-box'><h5 class='av-share-link-description av-no-toc '>Compartir esta noticia<\/h5><ul class='av-share-box-list noLightbox'><li class='av-share-link av-social-link-facebook' ><a target=\"_blank\" aria-label=\"Compartir en Facebook\" href='https:\/\/www.facebook.com\/sharer.php?u=https:\/\/radiorevelacionfm.cl\/?p=58647&#038;t=En%20Ays%C3%A9n%20convocan%20a%20organizaciones%20a%20conformar%20Comit%C3%A9%20Estrat%C3%A9gico%20Regional%20de%20Escaz%C3%BA' aria-hidden='false' data-av_icon='\ue8f3' data-av_iconfont='entypo-fontello' title='' data-avia-related-tooltip='Compartir en Facebook' rel=\"noopener\"><span class='avia_hidden_link_text'>Compartir en Facebook<\/span><\/a><\/li><li class='av-share-link av-social-link-twitter' ><a target=\"_blank\" aria-label=\"Compartir en Twitter\" href='https:\/\/twitter.com\/share?text=En%20Ays%C3%A9n%20convocan%20a%20organizaciones%20a%20conformar%20Comit%C3%A9%20Estrat%C3%A9gico%20Regional%20de%20Escaz%C3%BA&#038;url=https:\/\/radiorevelacionfm.cl\/?p=58647' aria-hidden='false' data-av_icon='\ue8f1' data-av_iconfont='entypo-fontello' title='' data-avia-related-tooltip='Compartir en Twitter' rel=\"noopener\"><span class='avia_hidden_link_text'>Compartir en Twitter<\/span><\/a><\/li><li class='av-share-link av-social-link-whatsapp' ><a target=\"_blank\" aria-label=\"Compartir en Whatsapp\" href='https:\/\/api.whatsapp.com\/send?text=https:\/\/radiorevelacionfm.cl\/?p=58647' aria-hidden='false' data-av_icon='\uf232' data-av_iconfont='entypo-fontello' title='' data-avia-related-tooltip='Compartir en Whatsapp' rel=\"noopener\"><span class='avia_hidden_link_text'>Compartir en Whatsapp<\/span><\/a><\/li><li class='av-share-link av-social-link-linkedin' ><a target=\"_blank\" aria-label=\"Compartir en LinkedIn\" href='https:\/\/linkedin.com\/shareArticle?mini=true&#038;title=En%20Ays%C3%A9n%20convocan%20a%20organizaciones%20a%20conformar%20Comit%C3%A9%20Estrat%C3%A9gico%20Regional%20de%20Escaz%C3%BA&#038;url=https:\/\/radiorevelacionfm.cl\/?p=58647' aria-hidden='false' data-av_icon='\ue8fc' data-av_iconfont='entypo-fontello' title='' data-avia-related-tooltip='Compartir en LinkedIn' rel=\"noopener\"><span class='avia_hidden_link_text'>Compartir en LinkedIn<\/span><\/a><\/li><li class='av-share-link av-social-link-mail' ><a  aria-label=\"Compartir por correo\" href='mailto:?subject=En%20Ays%C3%A9n%20convocan%20a%20organizaciones%20a%20conformar%20Comit%C3%A9%20Estrat%C3%A9gico%20Regional%20de%20Escaz%C3%BA&#038;body=https:\/\/radiorevelacionfm.cl\/?p=58647' aria-hidden='false' data-av_icon='\ue805' data-av_iconfont='entypo-fontello' title='' data-avia-related-tooltip='Compartir por correo'><span class='avia_hidden_link_text'>Compartir por correo<\/span><\/a><\/li><\/ul><\/div><\/div>\n<div  style='height:50px' class='hr hr-invisible   avia-builder-el-8  el_after_av_social_share  el_before_av_comments_list '><span class='hr-inner ' ><span class='hr-inner-style'><\/span><\/span><\/div>\n<div  class='av-buildercomment  av-blog-meta-html-info-disabled av-blog-meta-tag-disabled  '><\/div>\n","protected":false},"excerpt":{"rendered":"","protected":false},"author":1,"featured_media":58648,"comment_status":"closed","ping_status":"closed","sticky":false,"template":"","format":"standard","meta":{"footnotes":""},"categories":[39],"tags":[],"class_list":["post-58647","post","type-post","status-publish","format-standard","has-post-thumbnail","hentry","category-medio-ambiente"],"jetpack_featured_media_url":"https:\/\/radiorevelacionfm.cl\/wp-content\/uploads\/2025\/09\/1-2025-09-02T154659.148-1-1.jpg","_links":{"self":[{"href":"https:\/\/radiorevelacionfm.cl\/index.php?rest_route=\/wp\/v2\/posts\/58647","targetHints":{"allow":["GET"]}}],"collection":[{"href":"https:\/\/radiorevelacionfm.cl\/index.php?rest_route=\/wp\/v2\/posts"}],"about":[{"href":"https:\/\/radiorevelacionfm.cl\/index.php?rest_route=\/wp\/v2\/types\/post"}],"author":[{"embeddable":true,"href":"https:\/\/radiorevelacionfm.cl\/index.php?rest_route=\/wp\/v2\/users\/1"}],"replies":[{"embeddable":true,"href":"https:\/\/radiorevelacionfm.cl\/index.php?rest_route=%2Fwp%2Fv2%2Fcomments&post=58647"}],"version-history":[{"count":2,"href":"https:\/\/radiorevelacionfm.cl\/index.php?rest_route=\/wp\/v2\/posts\/58647\/revisions"}],"predecessor-version":[{"id":58713,"href":"https:\/\/radiorevelacionfm.cl\/index.php?rest_route=\/wp\/v2\/posts\/58647\/revisions\/58713"}],"wp:featuredmedia":[{"embeddable":true,"href":"https:\/\/radiorevelacionfm.cl\/index.php?rest_route=\/wp\/v2\/media\/58648"}],"wp:attachment":[{"href":"https:\/\/radiorevelacionfm.cl\/index.php?rest_route=%2Fwp%2Fv2%2Fmedia&parent=58647"}],"wp:term":[{"taxonomy":"category","embeddable":true,"href":"https:\/\/radiorevelacionfm.cl\/index.php?rest_route=%2Fwp%2Fv2%2Fcategories&post=58647"},{"taxonomy":"post_tag","embeddable":true,"href":"https:\/\/radiorevelacionfm.cl\/index.php?rest_route=%2Fwp%2Fv2%2Ftags&post=58647"}],"curies":[{"name":"wp","href":"https:\/\/api.w.org\/{rel}","templated":true}]}}