{"id":58644,"date":"2025-09-02T15:43:25","date_gmt":"2025-09-02T18:43:25","guid":{"rendered":"https:\/\/radiorevelacionfm.cl\/?p=58644"},"modified":"2025-09-02T15:43:25","modified_gmt":"2025-09-02T18:43:25","slug":"corte-de-coyhaique-confirmo-la-prision-preventiva-de-imputados-por-homicidio-frustrado-y-robo-con-intimidacion","status":"publish","type":"post","link":"https:\/\/radiorevelacionfm.cl\/?p=58644","title":{"rendered":"Corte de Coyhaique confirm\u00f3 la prisi\u00f3n preventiva de imputados por homicidio frustrado y robo con intimidaci\u00f3n"},"content":{"rendered":"<div class=\"flex_column av_one_full  flex_column_div av-zero-column-padding first  avia-builder-el-0  el_before_av_one_full  avia-builder-el-first  \" style='border-radius:0px; '><div  class='avia-image-container  av-styling-    avia-builder-el-1  avia-builder-el-no-sibling  avia-align-center '  itemprop=\"image\" itemscope=\"itemscope\" itemtype=\"https:\/\/schema.org\/ImageObject\"  ><div class='avia-image-container-inner'><div class='avia-image-overlay-wrap'><img decoding=\"async\" class='wp-image-44831 avia-img-lazy-loading-not-44831 avia_image' src=\"https:\/\/radiorevelacionfm.cl\/wp-content\/uploads\/2024\/08\/foto-02-corte-de-apelaciones-1-1_optimized-1.jpg\" alt='' title='foto-02-corte-de-apelaciones-(1)-(1)_optimized (1)' height=\"600\" width=\"934\"  itemprop=\"thumbnailUrl\" srcset=\"https:\/\/radiorevelacionfm.cl\/wp-content\/uploads\/2024\/08\/foto-02-corte-de-apelaciones-1-1_optimized-1.jpg 934w, https:\/\/radiorevelacionfm.cl\/wp-content\/uploads\/2024\/08\/foto-02-corte-de-apelaciones-1-1_optimized-1-300x193.jpg 300w, https:\/\/radiorevelacionfm.cl\/wp-content\/uploads\/2024\/08\/foto-02-corte-de-apelaciones-1-1_optimized-1-768x493.jpg 768w, https:\/\/radiorevelacionfm.cl\/wp-content\/uploads\/2024\/08\/foto-02-corte-de-apelaciones-1-1_optimized-1-705x453.jpg 705w, https:\/\/radiorevelacionfm.cl\/wp-content\/uploads\/2024\/08\/foto-02-corte-de-apelaciones-1-1_optimized-1-450x289.jpg 450w, https:\/\/radiorevelacionfm.cl\/wp-content\/uploads\/2024\/08\/foto-02-corte-de-apelaciones-1-1_optimized-1-600x385.jpg 600w\" sizes=\"(max-width: 934px) 100vw, 934px\" \/><\/div><\/div><\/div><\/div><div class=\"flex_column av_one_full  flex_column_div av-zero-column-padding first  avia-builder-el-2  el_after_av_one_full  el_before_av_one_full  column-top-margin\" style='border-radius:0px; '><section class=\"av_textblock_section \"  itemscope=\"itemscope\" itemtype=\"https:\/\/schema.org\/BlogPosting\" itemprop=\"blogPost\" ><div class='avia_textblock  '   itemprop=\"text\" ><p style=\"text-align: center;\"><span style=\"font-size: 18pt;\"><b>Corte de Coyhaique confirm\u00f3 la prisi\u00f3n preventiva de imputados por homicidio frustrado y robo con intimidaci\u00f3n<\/b><\/span><\/p>\n<div id=\"gtx-trans\" style=\"position: absolute; left: -50px; top: 4.31534px;\">\n<div class=\"gtx-trans-icon\"><\/div>\n<\/div>\n<\/div><\/section><\/div><div class=\"flex_column av_one_full  flex_column_div av-zero-column-padding first  avia-builder-el-4  el_after_av_one_full  el_before_av_hr  column-top-margin\" style='border-radius:0px; '><section class=\"av_textblock_section \"  itemscope=\"itemscope\" itemtype=\"https:\/\/schema.org\/BlogPosting\" itemprop=\"blogPost\" ><div class='avia_textblock  '   itemprop=\"text\" ><p style=\"font-weight: 400; text-align: justify;\">La Corte de Apelaciones de Coyhaique rechaz\u00f3 hoy -martes 2 de septiembre- el recurso de apelaci\u00f3n presentado por la defensa y confirm\u00f3 la resoluci\u00f3n que dej\u00f3 en prisi\u00f3n preventiva a I.A.P.P. y O.A.S.H., imputados por el Ministerio P\u00fablico como autores de un delito de homicidio frustrado y tres delitos consumados de robo con intimidaci\u00f3n. Il\u00edcitos perpetrados entre el 16 y 17 de agosto de 2025, en diversos lugares de la comuna de Ays\u00e9n.<\/p>\n<p style=\"font-weight: 400; text-align: justify;\">En fallo un\u00e1nime (causa rol 321-2025), la Primera Sala del tribunal de alzada \u2013 integrada por los ministros Jos\u00e9 Ignacio Mora, Luis Aedo y Natalia Rencoret- confirm\u00f3 la resoluci\u00f3n apelada, dictada por el Juzgado de Garant\u00eda de Puerto Ays\u00e9n, al compartir que la libertad de los imputados constituye un peligro para la seguridad de la sociedad.<\/p>\n<p style=\"font-weight: 400; text-align: justify;\">\u201cAtendido el m\u00e9rito de autos, alegaciones de los intervinientes y teniendo presente que en esta etapa procesal se cumple con las exigencias de las letras a) y b) del art\u00edculo 140 del C\u00f3digo Procesal Penal, en cuanto aparecen antecedentes suficientes que justifican la existencia de los delitos por los que han sido formalizados los encartados, como as\u00ed mismo, permiten presumir fundadamente su participaci\u00f3n de \u00e9stos; y considerando la gravedad de las penas asignadas a los il\u00edcitos que se les atribuyen, as\u00ed como el car\u00e1cter y pluralidad de los mismos, lo que conlleva a estimar que la libertad de los imputados constituye un peligro para la seguridad de la sociedad, cumpli\u00e9ndose as\u00ed con el requisito de la letra c) de la antes citada disposici\u00f3n legal, resultando que la medida cautelar personal de prisi\u00f3n preventiva se observa como necesaria y proporcional para afianzar los fines del procedimiento; y, conforme lo dispuesto, adem\u00e1s, en los art\u00edculos 139, 140 y 367 del c\u00f3digo adjetivo ya citado, SE CONFIRMA la resoluci\u00f3n apelada de fecha 24 de agosto del a\u00f1o 2025, dictada por el Juez Titular del Juzgado de Letras, Garant\u00eda y Familia de Ays\u00e9n, en cuanto por ella impuso la medida cautelar personal de prisi\u00f3n preventiva en contra de I.A.P.P. y O.A.S.H.,\u201d.<\/p>\n<p style=\"font-weight: 400; text-align: justify;\">Seg\u00fan el ente persecutor, el primer delito ocurri\u00f3 el 16 de agosto, cerca de las 21:30 horas, cuando ambos imputados abordaron a la primera v\u00edctima en la v\u00eda p\u00fablica, agredi\u00e9ndolo con golpes de pu\u00f1o y m\u00faltiples pu\u00f1aladas en el t\u00f3rax que le ocasionaron graves lesiones, debiendo ser trasladado de urgencia al Hospital Regional de Coyhaique. Asimismo, en horas de la madrugada del 16 y 17 de agosto, los imputados, desplaz\u00e1ndose en bicicleta y utilizando cuchillos para intimidar, sustrajeron tel\u00e9fonos celulares, dinero en efectivo, una mochila, aud\u00edfonos y otros efectos personales a cuatro v\u00edctimas en la comuna.<\/p>\n<\/div><\/section><\/div><div  style='height:50px' class='hr hr-invisible   avia-builder-el-6  el_after_av_one_full  el_before_av_social_share '><span class='hr-inner ' ><span class='hr-inner-style'><\/span><\/span><\/div><\/p>\n<div  class='av-social-sharing-box  avia-builder-el-7  el_after_av_hr  el_before_av_hr  '><div class='av-share-box'><h5 class='av-share-link-description av-no-toc '>Compartir esta noticia<\/h5><ul class='av-share-box-list noLightbox'><li class='av-share-link av-social-link-facebook' ><a target=\"_blank\" aria-label=\"Compartir en Facebook\" href='https:\/\/www.facebook.com\/sharer.php?u=https:\/\/radiorevelacionfm.cl\/?p=58644&#038;t=Corte%20de%20Coyhaique%20confirm%C3%B3%20la%20prisi%C3%B3n%20preventiva%20de%20imputados%20por%20homicidio%20frustrado%20y%20robo%20con%20intimidaci%C3%B3n' aria-hidden='false' data-av_icon='\ue8f3' data-av_iconfont='entypo-fontello' title='' data-avia-related-tooltip='Compartir en Facebook' rel=\"noopener\"><span class='avia_hidden_link_text'>Compartir en Facebook<\/span><\/a><\/li><li class='av-share-link av-social-link-twitter' ><a target=\"_blank\" aria-label=\"Compartir en Twitter\" href='https:\/\/twitter.com\/share?text=Corte%20de%20Coyhaique%20confirm%C3%B3%20la%20prisi%C3%B3n%20preventiva%20de%20imputados%20por%20homicidio%20frustrado%20y%20robo%20con%20intimidaci%C3%B3n&#038;url=https:\/\/radiorevelacionfm.cl\/?p=58644' aria-hidden='false' data-av_icon='\ue8f1' data-av_iconfont='entypo-fontello' title='' data-avia-related-tooltip='Compartir en Twitter' rel=\"noopener\"><span class='avia_hidden_link_text'>Compartir en Twitter<\/span><\/a><\/li><li class='av-share-link av-social-link-whatsapp' ><a target=\"_blank\" aria-label=\"Compartir en Whatsapp\" href='https:\/\/api.whatsapp.com\/send?text=https:\/\/radiorevelacionfm.cl\/?p=58644' aria-hidden='false' data-av_icon='\uf232' data-av_iconfont='entypo-fontello' title='' data-avia-related-tooltip='Compartir en Whatsapp' rel=\"noopener\"><span class='avia_hidden_link_text'>Compartir en Whatsapp<\/span><\/a><\/li><li class='av-share-link av-social-link-linkedin' ><a target=\"_blank\" aria-label=\"Compartir en LinkedIn\" href='https:\/\/linkedin.com\/shareArticle?mini=true&#038;title=Corte%20de%20Coyhaique%20confirm%C3%B3%20la%20prisi%C3%B3n%20preventiva%20de%20imputados%20por%20homicidio%20frustrado%20y%20robo%20con%20intimidaci%C3%B3n&#038;url=https:\/\/radiorevelacionfm.cl\/?p=58644' aria-hidden='false' data-av_icon='\ue8fc' data-av_iconfont='entypo-fontello' title='' data-avia-related-tooltip='Compartir en LinkedIn' rel=\"noopener\"><span class='avia_hidden_link_text'>Compartir en LinkedIn<\/span><\/a><\/li><li class='av-share-link av-social-link-mail' ><a  aria-label=\"Compartir por correo\" href='mailto:?subject=Corte%20de%20Coyhaique%20confirm%C3%B3%20la%20prisi%C3%B3n%20preventiva%20de%20imputados%20por%20homicidio%20frustrado%20y%20robo%20con%20intimidaci%C3%B3n&#038;body=https:\/\/radiorevelacionfm.cl\/?p=58644' aria-hidden='false' data-av_icon='\ue805' data-av_iconfont='entypo-fontello' title='' data-avia-related-tooltip='Compartir por correo'><span class='avia_hidden_link_text'>Compartir por correo<\/span><\/a><\/li><\/ul><\/div><\/div>\n<div  style='height:50px' class='hr hr-invisible   avia-builder-el-8  el_after_av_social_share  el_before_av_comments_list '><span class='hr-inner ' ><span class='hr-inner-style'><\/span><\/span><\/div>\n<div  class='av-buildercomment  av-blog-meta-html-info-disabled av-blog-meta-tag-disabled  '><\/div>\n","protected":false},"excerpt":{"rendered":"","protected":false},"author":1,"featured_media":54105,"comment_status":"closed","ping_status":"closed","sticky":false,"template":"","format":"standard","meta":{"footnotes":""},"categories":[55],"tags":[],"class_list":["post-58644","post","type-post","status-publish","format-standard","has-post-thumbnail","hentry","category-justicia"],"jetpack_featured_media_url":"https:\/\/radiorevelacionfm.cl\/wp-content\/uploads\/2025\/05\/corte-dji_0133-1-1_optimized-1_optimized-1.jpg","_links":{"self":[{"href":"https:\/\/radiorevelacionfm.cl\/index.php?rest_route=\/wp\/v2\/posts\/58644","targetHints":{"allow":["GET"]}}],"collection":[{"href":"https:\/\/radiorevelacionfm.cl\/index.php?rest_route=\/wp\/v2\/posts"}],"about":[{"href":"https:\/\/radiorevelacionfm.cl\/index.php?rest_route=\/wp\/v2\/types\/post"}],"author":[{"embeddable":true,"href":"https:\/\/radiorevelacionfm.cl\/index.php?rest_route=\/wp\/v2\/users\/1"}],"replies":[{"embeddable":true,"href":"https:\/\/radiorevelacionfm.cl\/index.php?rest_route=%2Fwp%2Fv2%2Fcomments&post=58644"}],"version-history":[{"count":2,"href":"https:\/\/radiorevelacionfm.cl\/index.php?rest_route=\/wp\/v2\/posts\/58644\/revisions"}],"predecessor-version":[{"id":58646,"href":"https:\/\/radiorevelacionfm.cl\/index.php?rest_route=\/wp\/v2\/posts\/58644\/revisions\/58646"}],"wp:featuredmedia":[{"embeddable":true,"href":"https:\/\/radiorevelacionfm.cl\/index.php?rest_route=\/wp\/v2\/media\/54105"}],"wp:attachment":[{"href":"https:\/\/radiorevelacionfm.cl\/index.php?rest_route=%2Fwp%2Fv2%2Fmedia&parent=58644"}],"wp:term":[{"taxonomy":"category","embeddable":true,"href":"https:\/\/radiorevelacionfm.cl\/index.php?rest_route=%2Fwp%2Fv2%2Fcategories&post=58644"},{"taxonomy":"post_tag","embeddable":true,"href":"https:\/\/radiorevelacionfm.cl\/index.php?rest_route=%2Fwp%2Fv2%2Ftags&post=58644"}],"curies":[{"name":"wp","href":"https:\/\/api.w.org\/{rel}","templated":true}]}}