{"id":58641,"date":"2025-09-02T18:03:55","date_gmt":"2025-09-02T21:03:55","guid":{"rendered":"https:\/\/radiorevelacionfm.cl\/?p=58641"},"modified":"2025-09-02T18:03:55","modified_gmt":"2025-09-02T21:03:55","slug":"servicio-de-salud-aysen-lidera-atenciones-del-hospital-digital-rural-a-nivel-nacional","status":"publish","type":"post","link":"https:\/\/radiorevelacionfm.cl\/?p=58641","title":{"rendered":"Servicio de Salud Ays\u00e9n lidera atenciones del Hospital Digital Rural a nivel nacional"},"content":{"rendered":"<div class=\"flex_column av_one_full  flex_column_div av-zero-column-padding first  avia-builder-el-0  el_before_av_one_full  avia-builder-el-first  \" style='border-radius:0px; '><div  class='avia-image-container  av-styling-    avia-builder-el-1  avia-builder-el-no-sibling  avia-align-center '  itemprop=\"image\" itemscope=\"itemscope\" itemtype=\"https:\/\/schema.org\/ImageObject\"  ><div class='avia-image-container-inner'><div class='avia-image-overlay-wrap'><img decoding=\"async\" class='wp-image-58642 avia-img-lazy-loading-not-58642 avia_image' src=\"https:\/\/radiorevelacionfm.cl\/wp-content\/uploads\/2025\/09\/IMG_9352-1-1.jpg\" alt='' title='IMG_9352 (1) (1)' height=\"600\" width=\"900\"  itemprop=\"thumbnailUrl\" srcset=\"https:\/\/radiorevelacionfm.cl\/wp-content\/uploads\/2025\/09\/IMG_9352-1-1.jpg 900w, https:\/\/radiorevelacionfm.cl\/wp-content\/uploads\/2025\/09\/IMG_9352-1-1-300x200.jpg 300w, https:\/\/radiorevelacionfm.cl\/wp-content\/uploads\/2025\/09\/IMG_9352-1-1-768x512.jpg 768w, https:\/\/radiorevelacionfm.cl\/wp-content\/uploads\/2025\/09\/IMG_9352-1-1-705x470.jpg 705w, https:\/\/radiorevelacionfm.cl\/wp-content\/uploads\/2025\/09\/IMG_9352-1-1-450x300.jpg 450w, https:\/\/radiorevelacionfm.cl\/wp-content\/uploads\/2025\/09\/IMG_9352-1-1-600x400.jpg 600w\" sizes=\"(max-width: 900px) 100vw, 900px\" \/><\/div><\/div><\/div><\/div><div class=\"flex_column av_one_full  flex_column_div av-zero-column-padding first  avia-builder-el-2  el_after_av_one_full  el_before_av_one_full  column-top-margin\" style='border-radius:0px; '><section class=\"av_textblock_section \"  itemscope=\"itemscope\" itemtype=\"https:\/\/schema.org\/BlogPosting\" itemprop=\"blogPost\" ><div class='avia_textblock  '   itemprop=\"text\" ><p style=\"text-align: center;\"><strong><span style=\"font-size: 18pt;\">Servicio de Salud Ays\u00e9n lidera atenciones del Hospital Digital Rural a nivel nacional<\/span><\/strong><\/p>\n<div id=\"gtx-trans\" style=\"position: absolute; left: -50px; top: 4.31534px;\">\n<div class=\"gtx-trans-icon\"><\/div>\n<\/div>\n<\/div><\/section><\/div><div class=\"flex_column av_one_full  flex_column_div av-zero-column-padding first  avia-builder-el-4  el_after_av_one_full  el_before_av_hr  column-top-margin\" style='border-radius:0px; '><section class=\"av_textblock_section \"  itemscope=\"itemscope\" itemtype=\"https:\/\/schema.org\/BlogPosting\" itemprop=\"blogPost\" ><div class='avia_textblock  '   itemprop=\"text\" ><p style=\"text-align: justify;\"><em>La estrategia permite garantizar acceso equitativo y oportuno en atenci\u00f3n m\u00e9dica a las zonas m\u00e1s apartadas de la regi\u00f3n.<\/em><\/p>\n<p style=\"text-align: justify;\">Durante el 2024, la Red Asistencial registr\u00f3 m\u00e1s de dos mil atenciones en el Hospital Digital Rural, cifra que ubica al Servicio de Salud como l\u00edder en el pa\u00eds en esta modalidad. La estrategia implementada por el Ministerio de Salud desde 2019, permite que pacientes de los territorios rurales accedan a diagn\u00f3sticos y tratamientos sin necesidad de largos desplazamientos.<\/p>\n<p style=\"text-align: justify;\">Desde la implementaci\u00f3n de la estrategia en la Red y hasta la fecha, la Posta de Salud Rural (PSR) de Balmaceda ha alcanzado 2.960 teleconsultas, lo que equivale a un promedio mensual de 90 atenciones.<\/p>\n<p style=\"text-align: justify;\">\u201cLa atenci\u00f3n ha sido excelente por parte de los funcionarios de la Posta y tambi\u00e9n Hospital Digital. Mis hijos han sido atendidos como corresponde. Todo ha sido excelente para m\u00ed. No tengo nada que decir y recomiendo que se atiendan a trav\u00e9s de Hospital Digital\u201d, afirm\u00f3 Ver\u00f3nica Puchi, usuaria de la posta de Balmaceda.<\/p>\n<p style=\"text-align: justify;\">En esa misma l\u00ednea Lorena Retamal, paciente de la misma posta expres\u00f3, \u201cUno se ahorra el viaje a Coyhaique. La conexi\u00f3n ha sido buena porque ayudan bastante, ya sea con horas, con especialistas, o con dudas. Me ha servido bastante este canal\u201d.<\/p>\n<p style=\"text-align: justify;\">Por su parte, Olga Barros valor\u00f3 la calidad de la atenci\u00f3n recibida en HDR: \u201cMe encanta porque siempre me ha tocado una doctora de Santiago y buen\u00edsima. Ella pregunta todos los detalles, luego me da el tratamiento y yo lo sigo. Excelente\u201d.<\/p>\n<p style=\"text-align: justify;\">El TENS de la posta de Balmaceda explic\u00f3 el funcionamiento de la estrategia en el dispositivo: \u201cSe hace ingresar al paciente, se le piden todos sus antecedentes personales y cl\u00ednicos y se eleva una solicitud al sistema, se espera la atenci\u00f3n y comenzamos la evaluaci\u00f3n con la doctora o doctor(&#8230;) el paciente se ahorra una o dos horas de viaje, en algo que puede solucionar a trav\u00e9s de Hospital Digital\u201d, dijo Ra\u00fal Guzm\u00e1n.<\/p>\n<p style=\"text-align: justify;\">El \u00e9xito de esta estrategia es gracias a la labor de cada uno de las y los funcionarios que se desempe\u00f1an en los establecimiento rurales de la Red, alcance que dio a conocer el director del Servicio de Salud Ays\u00e9n, Juan Pablo Bravo Quintana: \u201cEste es un trabajo en conjunto que hemos hecho con cada uno de los funcionarios de los distintos dispositivos de las postas de salud rural, donde se han realizado m\u00e1s de dos mil atenciones. Nuestra idea es seguir potenciando nuestra estrategia que le da equidad y resolutividad a los territorios. Vamos a seguir trabajando en conjunto con los distintos funcionarios de cada una de estas localidades para seguir sumando especialidades, para que nuestros funcionarios, nuestras vecinas, nuestros usuarios, no tengan que recorrer grandes distancias para una primera atenci\u00f3n\u201d, dijo.<\/p>\n<p style=\"text-align: justify;\">El logro de la estrategia HDR tambi\u00e9n es posible gracias a la implementaci\u00f3n de internet satelital Starlink y a la adquisici\u00f3n de equipamiento para todas las PSR de la Red: \u201cContar con este equipamiento, computadores, c\u00e1maras y buenos sistemas de audio permite que esta atenci\u00f3n sea efectiva, porque por un lado tenemos al m\u00e9dico especialista y, al otro, al profesional de salud de la posta junto al paciente\u201d, destac\u00f3 Jenny Ovando, referente en la Red de Salud Digital.<\/p>\n<p style=\"text-align: justify;\">Las atenciones en esta modalidad se realizan de lunes a viernes, entre las 08:00 y 20:00 horas, en las Postas de Salud Rural. Con estos avances, el Servicio de Salud Ays\u00e9n reafirma su compromiso de acercar la salud con equidad y resolutividad.<\/p>\n<\/div><\/section><\/div><div  style='height:50px' class='hr hr-invisible   avia-builder-el-6  el_after_av_one_full  el_before_av_social_share '><span class='hr-inner ' ><span class='hr-inner-style'><\/span><\/span><\/div><\/p>\n<div  class='av-social-sharing-box  avia-builder-el-7  el_after_av_hr  el_before_av_hr  '><div class='av-share-box'><h5 class='av-share-link-description av-no-toc '>Compartir esta noticia<\/h5><ul class='av-share-box-list noLightbox'><li class='av-share-link av-social-link-facebook' ><a target=\"_blank\" aria-label=\"Compartir en Facebook\" href='https:\/\/www.facebook.com\/sharer.php?u=https:\/\/radiorevelacionfm.cl\/?p=58641&#038;t=Servicio%20de%20Salud%20Ays%C3%A9n%20lidera%20atenciones%20del%20Hospital%20Digital%20Rural%20a%20nivel%20nacional' aria-hidden='false' data-av_icon='\ue8f3' data-av_iconfont='entypo-fontello' title='' data-avia-related-tooltip='Compartir en Facebook' rel=\"noopener\"><span class='avia_hidden_link_text'>Compartir en Facebook<\/span><\/a><\/li><li class='av-share-link av-social-link-twitter' ><a target=\"_blank\" aria-label=\"Compartir en Twitter\" href='https:\/\/twitter.com\/share?text=Servicio%20de%20Salud%20Ays%C3%A9n%20lidera%20atenciones%20del%20Hospital%20Digital%20Rural%20a%20nivel%20nacional&#038;url=https:\/\/radiorevelacionfm.cl\/?p=58641' aria-hidden='false' data-av_icon='\ue8f1' data-av_iconfont='entypo-fontello' title='' data-avia-related-tooltip='Compartir en Twitter' rel=\"noopener\"><span class='avia_hidden_link_text'>Compartir en Twitter<\/span><\/a><\/li><li class='av-share-link av-social-link-whatsapp' ><a target=\"_blank\" aria-label=\"Compartir en Whatsapp\" href='https:\/\/api.whatsapp.com\/send?text=https:\/\/radiorevelacionfm.cl\/?p=58641' aria-hidden='false' data-av_icon='\uf232' data-av_iconfont='entypo-fontello' title='' data-avia-related-tooltip='Compartir en Whatsapp' rel=\"noopener\"><span class='avia_hidden_link_text'>Compartir en Whatsapp<\/span><\/a><\/li><li class='av-share-link av-social-link-linkedin' ><a target=\"_blank\" aria-label=\"Compartir en LinkedIn\" href='https:\/\/linkedin.com\/shareArticle?mini=true&#038;title=Servicio%20de%20Salud%20Ays%C3%A9n%20lidera%20atenciones%20del%20Hospital%20Digital%20Rural%20a%20nivel%20nacional&#038;url=https:\/\/radiorevelacionfm.cl\/?p=58641' aria-hidden='false' data-av_icon='\ue8fc' data-av_iconfont='entypo-fontello' title='' data-avia-related-tooltip='Compartir en LinkedIn' rel=\"noopener\"><span class='avia_hidden_link_text'>Compartir en LinkedIn<\/span><\/a><\/li><li class='av-share-link av-social-link-mail' ><a  aria-label=\"Compartir por correo\" href='mailto:?subject=Servicio%20de%20Salud%20Ays%C3%A9n%20lidera%20atenciones%20del%20Hospital%20Digital%20Rural%20a%20nivel%20nacional&#038;body=https:\/\/radiorevelacionfm.cl\/?p=58641' aria-hidden='false' data-av_icon='\ue805' data-av_iconfont='entypo-fontello' title='' data-avia-related-tooltip='Compartir por correo'><span class='avia_hidden_link_text'>Compartir por correo<\/span><\/a><\/li><\/ul><\/div><\/div>\n<div  style='height:50px' class='hr hr-invisible   avia-builder-el-8  el_after_av_social_share  el_before_av_comments_list '><span class='hr-inner ' ><span class='hr-inner-style'><\/span><\/span><\/div>\n<div  class='av-buildercomment  av-blog-meta-html-info-disabled av-blog-meta-tag-disabled  '><\/div>\n","protected":false},"excerpt":{"rendered":"","protected":false},"author":1,"featured_media":58642,"comment_status":"closed","ping_status":"closed","sticky":false,"template":"","format":"standard","meta":{"footnotes":""},"categories":[46],"tags":[],"class_list":["post-58641","post","type-post","status-publish","format-standard","has-post-thumbnail","hentry","category-salud"],"jetpack_featured_media_url":"https:\/\/radiorevelacionfm.cl\/wp-content\/uploads\/2025\/09\/IMG_9352-1-1.jpg","_links":{"self":[{"href":"https:\/\/radiorevelacionfm.cl\/index.php?rest_route=\/wp\/v2\/posts\/58641","targetHints":{"allow":["GET"]}}],"collection":[{"href":"https:\/\/radiorevelacionfm.cl\/index.php?rest_route=\/wp\/v2\/posts"}],"about":[{"href":"https:\/\/radiorevelacionfm.cl\/index.php?rest_route=\/wp\/v2\/types\/post"}],"author":[{"embeddable":true,"href":"https:\/\/radiorevelacionfm.cl\/index.php?rest_route=\/wp\/v2\/users\/1"}],"replies":[{"embeddable":true,"href":"https:\/\/radiorevelacionfm.cl\/index.php?rest_route=%2Fwp%2Fv2%2Fcomments&post=58641"}],"version-history":[{"count":2,"href":"https:\/\/radiorevelacionfm.cl\/index.php?rest_route=\/wp\/v2\/posts\/58641\/revisions"}],"predecessor-version":[{"id":58666,"href":"https:\/\/radiorevelacionfm.cl\/index.php?rest_route=\/wp\/v2\/posts\/58641\/revisions\/58666"}],"wp:featuredmedia":[{"embeddable":true,"href":"https:\/\/radiorevelacionfm.cl\/index.php?rest_route=\/wp\/v2\/media\/58642"}],"wp:attachment":[{"href":"https:\/\/radiorevelacionfm.cl\/index.php?rest_route=%2Fwp%2Fv2%2Fmedia&parent=58641"}],"wp:term":[{"taxonomy":"category","embeddable":true,"href":"https:\/\/radiorevelacionfm.cl\/index.php?rest_route=%2Fwp%2Fv2%2Fcategories&post=58641"},{"taxonomy":"post_tag","embeddable":true,"href":"https:\/\/radiorevelacionfm.cl\/index.php?rest_route=%2Fwp%2Fv2%2Ftags&post=58641"}],"curies":[{"name":"wp","href":"https:\/\/api.w.org\/{rel}","templated":true}]}}