{"id":58635,"date":"2025-09-02T17:20:36","date_gmt":"2025-09-02T20:20:36","guid":{"rendered":"https:\/\/radiorevelacionfm.cl\/?p=58635"},"modified":"2025-09-02T17:20:36","modified_gmt":"2025-09-02T20:20:36","slug":"emprendedoras-de-villa-ohiggins-se-capacitan-en-contabilidad-basica","status":"publish","type":"post","link":"https:\/\/radiorevelacionfm.cl\/?p=58635","title":{"rendered":"Emprendedoras de Villa O\u2019Higgins se capacitan en contabilidad b\u00e1sica"},"content":{"rendered":"<div class=\"flex_column av_one_full  flex_column_div av-zero-column-padding first  avia-builder-el-0  el_before_av_one_full  avia-builder-el-first  \" style='border-radius:0px; '><div  class='avia-image-container  av-styling-    avia-builder-el-1  avia-builder-el-no-sibling  avia-align-center '  itemprop=\"image\" itemscope=\"itemscope\" itemtype=\"https:\/\/schema.org\/ImageObject\"  ><div class='avia-image-container-inner'><div class='avia-image-overlay-wrap'><img decoding=\"async\" class='wp-image-58636 avia-img-lazy-loading-not-58636 avia_image' src=\"https:\/\/radiorevelacionfm.cl\/wp-content\/uploads\/2025\/09\/whatsapp-image-2025-08-26-at-15_optimized.09.48-1.jpeg\" alt='' title='whatsapp-image-2025-08-26-at-15_optimized.09.48-(1)' height=\"600\" width=\"870\"  itemprop=\"thumbnailUrl\" srcset=\"https:\/\/radiorevelacionfm.cl\/wp-content\/uploads\/2025\/09\/whatsapp-image-2025-08-26-at-15_optimized.09.48-1.jpeg 870w, https:\/\/radiorevelacionfm.cl\/wp-content\/uploads\/2025\/09\/whatsapp-image-2025-08-26-at-15_optimized.09.48-1-300x207.jpeg 300w, https:\/\/radiorevelacionfm.cl\/wp-content\/uploads\/2025\/09\/whatsapp-image-2025-08-26-at-15_optimized.09.48-1-768x530.jpeg 768w, https:\/\/radiorevelacionfm.cl\/wp-content\/uploads\/2025\/09\/whatsapp-image-2025-08-26-at-15_optimized.09.48-1-705x486.jpeg 705w, https:\/\/radiorevelacionfm.cl\/wp-content\/uploads\/2025\/09\/whatsapp-image-2025-08-26-at-15_optimized.09.48-1-450x310.jpeg 450w, https:\/\/radiorevelacionfm.cl\/wp-content\/uploads\/2025\/09\/whatsapp-image-2025-08-26-at-15_optimized.09.48-1-600x414.jpeg 600w\" sizes=\"(max-width: 870px) 100vw, 870px\" \/><\/div><\/div><\/div><\/div><div class=\"flex_column av_one_full  flex_column_div av-zero-column-padding first  avia-builder-el-2  el_after_av_one_full  el_before_av_one_full  column-top-margin\" style='border-radius:0px; '><section class=\"av_textblock_section \"  itemscope=\"itemscope\" itemtype=\"https:\/\/schema.org\/BlogPosting\" itemprop=\"blogPost\" ><div class='avia_textblock  '   itemprop=\"text\" ><p style=\"text-align: center;\"><strong><span style=\"font-size: 18pt;\">Emprendedoras de Villa O\u2019Higgins se capacitan en contabilidad b\u00e1sica<\/span><\/strong><\/p>\n<div id=\"gtx-trans\" style=\"position: absolute; left: -50px; top: 4.31534px;\">\n<div class=\"gtx-trans-icon\"><\/div>\n<\/div>\n<\/div><\/section><\/div><div class=\"flex_column av_one_full  flex_column_div av-zero-column-padding first  avia-builder-el-4  el_after_av_one_full  el_before_av_hr  column-top-margin\" style='border-radius:0px; '><section class=\"av_textblock_section \"  itemscope=\"itemscope\" itemtype=\"https:\/\/schema.org\/BlogPosting\" itemprop=\"blogPost\" ><div class='avia_textblock  '   itemprop=\"text\" ><div>\n<p style=\"text-align: justify;\">Con el objetivo de fortalecer los negocios locales, la oficina de Fomento del municipio de O\u2019Higgins organiz\u00f3 una capacitaci\u00f3n de contabilidad b\u00e1sica dirigida a emprendedoras de la comuna. La actividad se desarroll\u00f3 durante la tercera semana de agosto, del lunes 18 al viernes 22, en jornadas de tres horas diarias.<\/p>\n<p style=\"text-align: justify;\">Un total de 10 emprendedoras participaron activamente en el curso, demostrando un alto compromiso con el crecimiento de sus proyectos. La capacitaci\u00f3n, a cargo de la contadora Lorena D\u00edaz, abord\u00f3 temas clave para la gesti\u00f3n financiera de un negocio, como la declaraci\u00f3n de impuestos, el Formulario 29, la declaraci\u00f3n de la renta y la creaci\u00f3n de empresas con personalidad jur\u00eddica.<\/p>\n<p style=\"text-align: justify;\">Adem\u00e1s, se trataron aspectos fundamentales de las finanzas personales de cada negocio, incluyendo la estructura de costos, el balance presupuestario, el flujo de caja y la planificaci\u00f3n de ventas. Esta iniciativa busca entregar herramientas concretas para que las emprendedoras puedan tomar decisiones informadas y mejorar la sustentabilidad de sus emprendimientos.<\/p>\n<\/div>\n<\/div><\/section><\/div><div  style='height:50px' class='hr hr-invisible   avia-builder-el-6  el_after_av_one_full  el_before_av_social_share '><span class='hr-inner ' ><span class='hr-inner-style'><\/span><\/span><\/div><\/p>\n<div  class='av-social-sharing-box  avia-builder-el-7  el_after_av_hr  el_before_av_hr  '><div class='av-share-box'><h5 class='av-share-link-description av-no-toc '>Compartir esta noticia<\/h5><ul class='av-share-box-list noLightbox'><li class='av-share-link av-social-link-facebook' ><a target=\"_blank\" aria-label=\"Compartir en Facebook\" href='https:\/\/www.facebook.com\/sharer.php?u=https:\/\/radiorevelacionfm.cl\/?p=58635&#038;t=Emprendedoras%20de%20Villa%20O%E2%80%99Higgins%20se%20capacitan%20en%20contabilidad%20b%C3%A1sica' aria-hidden='false' data-av_icon='\ue8f3' data-av_iconfont='entypo-fontello' title='' data-avia-related-tooltip='Compartir en Facebook' rel=\"noopener\"><span class='avia_hidden_link_text'>Compartir en Facebook<\/span><\/a><\/li><li class='av-share-link av-social-link-twitter' ><a target=\"_blank\" aria-label=\"Compartir en Twitter\" href='https:\/\/twitter.com\/share?text=Emprendedoras%20de%20Villa%20O%E2%80%99Higgins%20se%20capacitan%20en%20contabilidad%20b%C3%A1sica&#038;url=https:\/\/radiorevelacionfm.cl\/?p=58635' aria-hidden='false' data-av_icon='\ue8f1' data-av_iconfont='entypo-fontello' title='' data-avia-related-tooltip='Compartir en Twitter' rel=\"noopener\"><span class='avia_hidden_link_text'>Compartir en Twitter<\/span><\/a><\/li><li class='av-share-link av-social-link-whatsapp' ><a target=\"_blank\" aria-label=\"Compartir en Whatsapp\" href='https:\/\/api.whatsapp.com\/send?text=https:\/\/radiorevelacionfm.cl\/?p=58635' aria-hidden='false' data-av_icon='\uf232' data-av_iconfont='entypo-fontello' title='' data-avia-related-tooltip='Compartir en Whatsapp' rel=\"noopener\"><span class='avia_hidden_link_text'>Compartir en Whatsapp<\/span><\/a><\/li><li class='av-share-link av-social-link-linkedin' ><a target=\"_blank\" aria-label=\"Compartir en LinkedIn\" href='https:\/\/linkedin.com\/shareArticle?mini=true&#038;title=Emprendedoras%20de%20Villa%20O%E2%80%99Higgins%20se%20capacitan%20en%20contabilidad%20b%C3%A1sica&#038;url=https:\/\/radiorevelacionfm.cl\/?p=58635' aria-hidden='false' data-av_icon='\ue8fc' data-av_iconfont='entypo-fontello' title='' data-avia-related-tooltip='Compartir en LinkedIn' rel=\"noopener\"><span class='avia_hidden_link_text'>Compartir en LinkedIn<\/span><\/a><\/li><li class='av-share-link av-social-link-mail' ><a  aria-label=\"Compartir por correo\" href='mailto:?subject=Emprendedoras%20de%20Villa%20O%E2%80%99Higgins%20se%20capacitan%20en%20contabilidad%20b%C3%A1sica&#038;body=https:\/\/radiorevelacionfm.cl\/?p=58635' aria-hidden='false' data-av_icon='\ue805' data-av_iconfont='entypo-fontello' title='' data-avia-related-tooltip='Compartir por correo'><span class='avia_hidden_link_text'>Compartir por correo<\/span><\/a><\/li><\/ul><\/div><\/div>\n<div  style='height:50px' class='hr hr-invisible   avia-builder-el-8  el_after_av_social_share  el_before_av_comments_list '><span class='hr-inner ' ><span class='hr-inner-style'><\/span><\/span><\/div>\n<div  class='av-buildercomment  av-blog-meta-html-info-disabled av-blog-meta-tag-disabled  '><\/div>\n","protected":false},"excerpt":{"rendered":"","protected":false},"author":1,"featured_media":58636,"comment_status":"closed","ping_status":"closed","sticky":false,"template":"","format":"standard","meta":{"footnotes":""},"categories":[38],"tags":[],"class_list":["post-58635","post","type-post","status-publish","format-standard","has-post-thumbnail","hentry","category-regional"],"jetpack_featured_media_url":"https:\/\/radiorevelacionfm.cl\/wp-content\/uploads\/2025\/09\/whatsapp-image-2025-08-26-at-15_optimized.09.48-1.jpeg","_links":{"self":[{"href":"https:\/\/radiorevelacionfm.cl\/index.php?rest_route=\/wp\/v2\/posts\/58635","targetHints":{"allow":["GET"]}}],"collection":[{"href":"https:\/\/radiorevelacionfm.cl\/index.php?rest_route=\/wp\/v2\/posts"}],"about":[{"href":"https:\/\/radiorevelacionfm.cl\/index.php?rest_route=\/wp\/v2\/types\/post"}],"author":[{"embeddable":true,"href":"https:\/\/radiorevelacionfm.cl\/index.php?rest_route=\/wp\/v2\/users\/1"}],"replies":[{"embeddable":true,"href":"https:\/\/radiorevelacionfm.cl\/index.php?rest_route=%2Fwp%2Fv2%2Fcomments&post=58635"}],"version-history":[{"count":2,"href":"https:\/\/radiorevelacionfm.cl\/index.php?rest_route=\/wp\/v2\/posts\/58635\/revisions"}],"predecessor-version":[{"id":58665,"href":"https:\/\/radiorevelacionfm.cl\/index.php?rest_route=\/wp\/v2\/posts\/58635\/revisions\/58665"}],"wp:featuredmedia":[{"embeddable":true,"href":"https:\/\/radiorevelacionfm.cl\/index.php?rest_route=\/wp\/v2\/media\/58636"}],"wp:attachment":[{"href":"https:\/\/radiorevelacionfm.cl\/index.php?rest_route=%2Fwp%2Fv2%2Fmedia&parent=58635"}],"wp:term":[{"taxonomy":"category","embeddable":true,"href":"https:\/\/radiorevelacionfm.cl\/index.php?rest_route=%2Fwp%2Fv2%2Fcategories&post=58635"},{"taxonomy":"post_tag","embeddable":true,"href":"https:\/\/radiorevelacionfm.cl\/index.php?rest_route=%2Fwp%2Fv2%2Ftags&post=58635"}],"curies":[{"name":"wp","href":"https:\/\/api.w.org\/{rel}","templated":true}]}}