{"id":58632,"date":"2025-09-02T14:49:23","date_gmt":"2025-09-02T17:49:23","guid":{"rendered":"https:\/\/radiorevelacionfm.cl\/?p=58632"},"modified":"2025-09-02T14:49:23","modified_gmt":"2025-09-02T17:49:23","slug":"refuerzan-importancia-del-autocuidado-frente-a-enfermedades-gastrointestinales-ante-proximidad-de-fiestas-patrias","status":"publish","type":"post","link":"https:\/\/radiorevelacionfm.cl\/?p=58632","title":{"rendered":"Refuerzan importancia del autocuidado frente a enfermedades gastrointestinales ante proximidad de Fiestas Patrias"},"content":{"rendered":"<div class=\"flex_column av_one_full  flex_column_div av-zero-column-padding first  avia-builder-el-0  el_before_av_one_full  avia-builder-el-first  \" style='border-radius:0px; '><div  class='avia-image-container  av-styling-    avia-builder-el-1  avia-builder-el-no-sibling  avia-align-center '  itemprop=\"image\" itemscope=\"itemscope\" itemtype=\"https:\/\/schema.org\/ImageObject\"  ><div class='avia-image-container-inner'><div class='avia-image-overlay-wrap'><img decoding=\"async\" class='wp-image-58633 avia-img-lazy-loading-not-58633 avia_image' src=\"https:\/\/radiorevelacionfm.cl\/wp-content\/uploads\/2025\/09\/INSPECCION-1-1.jpeg\" alt='' title='INSPECCION (1) (1)' height=\"600\" width=\"901\"  itemprop=\"thumbnailUrl\" srcset=\"https:\/\/radiorevelacionfm.cl\/wp-content\/uploads\/2025\/09\/INSPECCION-1-1.jpeg 901w, https:\/\/radiorevelacionfm.cl\/wp-content\/uploads\/2025\/09\/INSPECCION-1-1-300x200.jpeg 300w, https:\/\/radiorevelacionfm.cl\/wp-content\/uploads\/2025\/09\/INSPECCION-1-1-768x511.jpeg 768w, https:\/\/radiorevelacionfm.cl\/wp-content\/uploads\/2025\/09\/INSPECCION-1-1-705x469.jpeg 705w, https:\/\/radiorevelacionfm.cl\/wp-content\/uploads\/2025\/09\/INSPECCION-1-1-450x300.jpeg 450w, https:\/\/radiorevelacionfm.cl\/wp-content\/uploads\/2025\/09\/INSPECCION-1-1-600x400.jpeg 600w\" sizes=\"(max-width: 901px) 100vw, 901px\" \/><\/div><\/div><\/div><\/div><div class=\"flex_column av_one_full  flex_column_div av-zero-column-padding first  avia-builder-el-2  el_after_av_one_full  el_before_av_one_full  column-top-margin\" style='border-radius:0px; '><section class=\"av_textblock_section \"  itemscope=\"itemscope\" itemtype=\"https:\/\/schema.org\/BlogPosting\" itemprop=\"blogPost\" ><div class='avia_textblock  '   itemprop=\"text\" ><p style=\"text-align: center;\"><strong><span style=\"font-size: 18pt;\">Refuerzan importancia del autocuidado frente a enfermedades gastrointestinales ante proximidad de Fiestas Patrias<\/span><\/strong><\/p>\n<div id=\"gtx-trans\" style=\"position: absolute; left: -50px; top: 4.31534px;\">\n<div class=\"gtx-trans-icon\"><\/div>\n<\/div>\n<\/div><\/section><\/div><div class=\"flex_column av_one_full  flex_column_div av-zero-column-padding first  avia-builder-el-4  el_after_av_one_full  el_before_av_hr  column-top-margin\" style='border-radius:0px; '><section class=\"av_textblock_section \"  itemscope=\"itemscope\" itemtype=\"https:\/\/schema.org\/BlogPosting\" itemprop=\"blogPost\" ><div class='avia_textblock  '   itemprop=\"text\" ><p style=\"text-align: justify;\"><em>La Enfermedades Transmitidas por los Alimentos (ETA), son causadas por microorganismos como virus, bacterias y par\u00e1sitos que causan enfermedades intestinales. Estas enfermedades suelen ser consecuencia del consumo de alimentos o agua contaminados, y algunas pueden transmitirse de persona a persona.<\/em><\/p>\n<p style=\"text-align: justify;\">Con la llegada del mes de Septiembre, habitualmente se registra un aumento de consultas por enfermedades gastrointestinales producto del consumo de alimentos en exceso o por enfermedades transmitidas por los alimentos (ETA), donde para evitar este tipo de situaciones la secretar\u00eda ministerial de salud refuerza sus fiscalizaciones a los locales que venden alimentos y reitera las medidas de autocuidado b\u00e1sicas a la poblaci\u00f3n, como adquirir \u00a0este tipo de productos en locales establecidos y preferir una alimentaci\u00f3n balanceada.<\/p>\n<p style=\"text-align: justify;\">As\u00ed lo expuso el Epidemi\u00f3logo de la Seremi de Salud Ays\u00e9n, Marco Acu\u00f1a Briones, quien hizo un llamado a la poblaci\u00f3n para evitar enfermedades gastrointestinales. \u201cYa estamos ya en el mes de septiembre, y con ello aumenta un poco la frecuencia de algunas enfermedades cuando consumimos alimentos fuera del hogar.\u00a0 Estas son enfermedades que se pueden producir tanto por virus, como por bacterias y, principalmente, tienen que ver con la p\u00e9rdida de la inocuidad del alimento ya sea durante la preparaci\u00f3n, durante el traslado y el momento en que se expenden los productos. Estas enfermedades se caracterizan por tener v\u00f3mitos, diarrea, dolor abdominal y fiebre en algunos casos, se pueden prevenir adoptando medidas de autocuidado que son muy importantes, desde el lavado de manos frecuente con agua corriente y jab\u00f3n, y utilizar tablitas de preparaci\u00f3n de alimento para las verduras, y otra para las carnes, a fin de evitar la infecci\u00f3n cruzada\u201d.<\/p>\n<p style=\"text-align: justify;\">Cuando se habla de evitar una transmisi\u00f3n cruzada, se refiere a la importancia de utilizar utensilios de cocina para cada preparaci\u00f3n de alimentos, por ejemplo, separar siempre los que se utilizan para la preparaci\u00f3n de carnes y las verduras para evitar que cualquier agente infeccioso se mezcle entre los productos, afectando la salud de las personas.<\/p>\n<p style=\"text-align: justify;\">En este sentido, la Seremi de Salud, Gloria \u00c1guila Schmeisser, indic\u00f3 que, a nivel regional, los equipos de salud ya comenzaron a reforzar las inspecciones a los locales que comercializan alimentos para el consumo de la poblaci\u00f3n. \u201cDesde nuestro departamento de Acci\u00f3n Sanitaria, se han articulado un completo programa de fiscalizaciones a todos los locales que comercializan alimentos a lo largo de la regi\u00f3n, con el objetivo de resguardar la salud de nuestras comunidades.\u00a0 Sin embargo, toda esta labor requiere a su vez de la colaboraci\u00f3n de la ciudadan\u00eda, para que extreme las medidas de autocuidado consumiendo o adquiriendo alimentos solo en los locales establecidos, y en caso de presentar molestias intestinales, como: nauseas o fiebre, debe consultar inmediatamente en los centros de salud m\u00e1s cercanos a su domicilio, evitando acudir a los centros de urgencia, privilegiando los CESFAM o Postas Rurales\u201d.<\/p>\n<p style=\"text-align: justify;\">Lo anterior, explic\u00f3 la autoridad sanitaria, porque habitualmente en los hospitales base, se van a priorizar las atenciones que realmente sean graves, como las enfermedades respiratorias, donde virus como la influenza, el sincicial o el COVID, a\u00fan est\u00e1n circulando entre la poblaci\u00f3n, por lo que tambi\u00e9n se hace el llamado a completar los procesos de vacunaci\u00f3n, ya que a\u00fan estamos en \u00e9poca invernal.<\/p>\n<\/div><\/section><\/div><div  style='height:50px' class='hr hr-invisible   avia-builder-el-6  el_after_av_one_full  el_before_av_social_share '><span class='hr-inner ' ><span class='hr-inner-style'><\/span><\/span><\/div><\/p>\n<div  class='av-social-sharing-box  avia-builder-el-7  el_after_av_hr  el_before_av_hr  '><div class='av-share-box'><h5 class='av-share-link-description av-no-toc '>Compartir esta noticia<\/h5><ul class='av-share-box-list noLightbox'><li class='av-share-link av-social-link-facebook' ><a target=\"_blank\" aria-label=\"Compartir en Facebook\" href='https:\/\/www.facebook.com\/sharer.php?u=https:\/\/radiorevelacionfm.cl\/?p=58632&#038;t=Refuerzan%20importancia%20del%20autocuidado%20frente%20a%20enfermedades%20gastrointestinales%20ante%20proximidad%20de%20Fiestas%20Patrias' aria-hidden='false' data-av_icon='\ue8f3' data-av_iconfont='entypo-fontello' title='' data-avia-related-tooltip='Compartir en Facebook' rel=\"noopener\"><span class='avia_hidden_link_text'>Compartir en Facebook<\/span><\/a><\/li><li class='av-share-link av-social-link-twitter' ><a target=\"_blank\" aria-label=\"Compartir en Twitter\" href='https:\/\/twitter.com\/share?text=Refuerzan%20importancia%20del%20autocuidado%20frente%20a%20enfermedades%20gastrointestinales%20ante%20proximidad%20de%20Fiestas%20Patrias&#038;url=https:\/\/radiorevelacionfm.cl\/?p=58632' aria-hidden='false' data-av_icon='\ue8f1' data-av_iconfont='entypo-fontello' title='' data-avia-related-tooltip='Compartir en Twitter' rel=\"noopener\"><span class='avia_hidden_link_text'>Compartir en Twitter<\/span><\/a><\/li><li class='av-share-link av-social-link-whatsapp' ><a target=\"_blank\" aria-label=\"Compartir en Whatsapp\" href='https:\/\/api.whatsapp.com\/send?text=https:\/\/radiorevelacionfm.cl\/?p=58632' aria-hidden='false' data-av_icon='\uf232' data-av_iconfont='entypo-fontello' title='' data-avia-related-tooltip='Compartir en Whatsapp' rel=\"noopener\"><span class='avia_hidden_link_text'>Compartir en Whatsapp<\/span><\/a><\/li><li class='av-share-link av-social-link-linkedin' ><a target=\"_blank\" aria-label=\"Compartir en LinkedIn\" href='https:\/\/linkedin.com\/shareArticle?mini=true&#038;title=Refuerzan%20importancia%20del%20autocuidado%20frente%20a%20enfermedades%20gastrointestinales%20ante%20proximidad%20de%20Fiestas%20Patrias&#038;url=https:\/\/radiorevelacionfm.cl\/?p=58632' aria-hidden='false' data-av_icon='\ue8fc' data-av_iconfont='entypo-fontello' title='' data-avia-related-tooltip='Compartir en LinkedIn' rel=\"noopener\"><span class='avia_hidden_link_text'>Compartir en LinkedIn<\/span><\/a><\/li><li class='av-share-link av-social-link-mail' ><a  aria-label=\"Compartir por correo\" href='mailto:?subject=Refuerzan%20importancia%20del%20autocuidado%20frente%20a%20enfermedades%20gastrointestinales%20ante%20proximidad%20de%20Fiestas%20Patrias&#038;body=https:\/\/radiorevelacionfm.cl\/?p=58632' aria-hidden='false' data-av_icon='\ue805' data-av_iconfont='entypo-fontello' title='' data-avia-related-tooltip='Compartir por correo'><span class='avia_hidden_link_text'>Compartir por correo<\/span><\/a><\/li><\/ul><\/div><\/div>\n<div  style='height:50px' class='hr hr-invisible   avia-builder-el-8  el_after_av_social_share  el_before_av_comments_list '><span class='hr-inner ' ><span class='hr-inner-style'><\/span><\/span><\/div>\n<div  class='av-buildercomment  av-blog-meta-html-info-disabled av-blog-meta-tag-disabled  '><\/div>\n","protected":false},"excerpt":{"rendered":"","protected":false},"author":1,"featured_media":58633,"comment_status":"closed","ping_status":"closed","sticky":false,"template":"","format":"standard","meta":{"footnotes":""},"categories":[46],"tags":[],"class_list":["post-58632","post","type-post","status-publish","format-standard","has-post-thumbnail","hentry","category-salud"],"jetpack_featured_media_url":"https:\/\/radiorevelacionfm.cl\/wp-content\/uploads\/2025\/09\/INSPECCION-1-1.jpeg","_links":{"self":[{"href":"https:\/\/radiorevelacionfm.cl\/index.php?rest_route=\/wp\/v2\/posts\/58632","targetHints":{"allow":["GET"]}}],"collection":[{"href":"https:\/\/radiorevelacionfm.cl\/index.php?rest_route=\/wp\/v2\/posts"}],"about":[{"href":"https:\/\/radiorevelacionfm.cl\/index.php?rest_route=\/wp\/v2\/types\/post"}],"author":[{"embeddable":true,"href":"https:\/\/radiorevelacionfm.cl\/index.php?rest_route=\/wp\/v2\/users\/1"}],"replies":[{"embeddable":true,"href":"https:\/\/radiorevelacionfm.cl\/index.php?rest_route=%2Fwp%2Fv2%2Fcomments&post=58632"}],"version-history":[{"count":2,"href":"https:\/\/radiorevelacionfm.cl\/index.php?rest_route=\/wp\/v2\/posts\/58632\/revisions"}],"predecessor-version":[{"id":58639,"href":"https:\/\/radiorevelacionfm.cl\/index.php?rest_route=\/wp\/v2\/posts\/58632\/revisions\/58639"}],"wp:featuredmedia":[{"embeddable":true,"href":"https:\/\/radiorevelacionfm.cl\/index.php?rest_route=\/wp\/v2\/media\/58633"}],"wp:attachment":[{"href":"https:\/\/radiorevelacionfm.cl\/index.php?rest_route=%2Fwp%2Fv2%2Fmedia&parent=58632"}],"wp:term":[{"taxonomy":"category","embeddable":true,"href":"https:\/\/radiorevelacionfm.cl\/index.php?rest_route=%2Fwp%2Fv2%2Fcategories&post=58632"},{"taxonomy":"post_tag","embeddable":true,"href":"https:\/\/radiorevelacionfm.cl\/index.php?rest_route=%2Fwp%2Fv2%2Ftags&post=58632"}],"curies":[{"name":"wp","href":"https:\/\/api.w.org\/{rel}","templated":true}]}}