{"id":58629,"date":"2025-09-02T15:11:46","date_gmt":"2025-09-02T18:11:46","guid":{"rendered":"https:\/\/radiorevelacionfm.cl\/?p=58629"},"modified":"2025-09-02T15:11:46","modified_gmt":"2025-09-02T18:11:46","slug":"juventudes-de-aysen-podran-realizar-captura-fotografica-y-revalidar-la-tne-en-dependencias-de-injuv-gracias-a-nuevo-convenio","status":"publish","type":"post","link":"https:\/\/radiorevelacionfm.cl\/?p=58629","title":{"rendered":"Juventudes de Ays\u00e9n podr\u00e1n realizar captura fotogr\u00e1fica y revalidar la TNE en dependencias de INJUV gracias a nuevo convenio"},"content":{"rendered":"<div class=\"flex_column av_one_full  flex_column_div av-zero-column-padding first  avia-builder-el-0  el_before_av_one_full  avia-builder-el-first  \" style='border-radius:0px; '><div  class='avia-image-container  av-styling-    avia-builder-el-1  avia-builder-el-no-sibling  avia-align-center '  itemprop=\"image\" itemscope=\"itemscope\" itemtype=\"https:\/\/schema.org\/ImageObject\"  ><div class='avia-image-container-inner'><div class='avia-image-overlay-wrap'><img decoding=\"async\" class='wp-image-58630 avia-img-lazy-loading-not-58630 avia_image' src=\"https:\/\/radiorevelacionfm.cl\/wp-content\/uploads\/2025\/09\/foto-1-97-1_optimized.jpg\" alt='' title='foto-1-(97)-(1)_optimized' height=\"600\" width=\"1053\"  itemprop=\"thumbnailUrl\" srcset=\"https:\/\/radiorevelacionfm.cl\/wp-content\/uploads\/2025\/09\/foto-1-97-1_optimized.jpg 1053w, https:\/\/radiorevelacionfm.cl\/wp-content\/uploads\/2025\/09\/foto-1-97-1_optimized-300x171.jpg 300w, https:\/\/radiorevelacionfm.cl\/wp-content\/uploads\/2025\/09\/foto-1-97-1_optimized-1030x587.jpg 1030w, https:\/\/radiorevelacionfm.cl\/wp-content\/uploads\/2025\/09\/foto-1-97-1_optimized-768x438.jpg 768w, https:\/\/radiorevelacionfm.cl\/wp-content\/uploads\/2025\/09\/foto-1-97-1_optimized-705x402.jpg 705w, https:\/\/radiorevelacionfm.cl\/wp-content\/uploads\/2025\/09\/foto-1-97-1_optimized-450x256.jpg 450w, https:\/\/radiorevelacionfm.cl\/wp-content\/uploads\/2025\/09\/foto-1-97-1_optimized-600x342.jpg 600w\" sizes=\"(max-width: 1053px) 100vw, 1053px\" \/><\/div><\/div><\/div><\/div><div class=\"flex_column av_one_full  flex_column_div av-zero-column-padding first  avia-builder-el-2  el_after_av_one_full  el_before_av_one_full  column-top-margin\" style='border-radius:0px; '><section class=\"av_textblock_section \"  itemscope=\"itemscope\" itemtype=\"https:\/\/schema.org\/BlogPosting\" itemprop=\"blogPost\" ><div class='avia_textblock  '   itemprop=\"text\" ><p style=\"text-align: center;\"><strong><span style=\"font-size: 18pt;\">Juventudes de Ays\u00e9n podr\u00e1n realizar captura fotogr\u00e1fica y revalidar la TNE en dependencias de INJUV gracias a nuevo convenio<\/span><\/strong><\/p>\n<div id=\"gtx-trans\" style=\"position: absolute; left: -50px; top: 4.31534px;\">\n<div class=\"gtx-trans-icon\"><\/div>\n<\/div>\n<\/div><\/section><\/div><div class=\"flex_column av_one_full  flex_column_div av-zero-column-padding first  avia-builder-el-4  el_after_av_one_full  el_before_av_hr  column-top-margin\" style='border-radius:0px; '><section class=\"av_textblock_section \"  itemscope=\"itemscope\" itemtype=\"https:\/\/schema.org\/BlogPosting\" itemprop=\"blogPost\" ><div class='avia_textblock  '   itemprop=\"text\" ><p style=\"text-align: justify;\">En el marco del Mes de las Juventudes, el Instituto Nacional de la Juventud (INJUV) de la regi\u00f3n de Ays\u00e9n y la Junta Nacional de Auxilio Escolar y Becas (JUNAEB), suscribieron un convenio de colaboraci\u00f3n destinado a ampliar y fortalecer el acceso de las y los j\u00f3venes a programas y beneficios del estado.<\/p>\n<p style=\"text-align: justify;\">La iniciativa permitir\u00e1 la implementaci\u00f3n de un m\u00f3dulo de atenci\u00f3n de JUNAEB en dependencias de INJUV Ays\u00e9n, espacio que facilitar\u00e1 la realizaci\u00f3n de tr\u00e1mites clave como la obtenci\u00f3n de la primera Tarjeta Nacional Estudiantil (TNE), captura fotogr\u00e1fica, revalidaci\u00f3n y reposici\u00f3n. Con ello, se busca acercar la gesti\u00f3n institucional a los territorios, promoviendo mayor equidad y reduciendo brechas de acceso a beneficios.<\/p>\n<p style=\"text-align: justify;\">El acuerdo refleja el compromiso conjunto de ambas instituciones con el fortalecimiento de las pol\u00edticas p\u00fablicas dirigidas a juventudes, garantizando igualdad de oportunidades para las y los\u00a0 estudiantes de toda la regi\u00f3n.<\/p>\n<p style=\"text-align: justify;\">La ceremonia de firma cont\u00f3 con la participaci\u00f3n del Director Nacional de INJUV, Juan Pablo Duhalde; \u00a0Seremi de Transportes y Telecomunicaciones, Hans Zimmermann Due\u00f1as; Director Regional de JUNAEB, Manuel Vivar \u00c1guila\u00a0 y \u00a0Director Regional de INJUV Ays\u00e9n, Camilo Trivi\u00f1o Urtubia. A la actividad tambi\u00e9n asistieron j\u00f3venes de la regi\u00f3n, quienes ser\u00e1n los principales beneficiarios de esta alianza institucional.<\/p>\n<p style=\"text-align: justify;\">\u201cEste hito es fundamental porque nos permite dar respuesta a una necesidad muy sentida de los estudiantes de la regi\u00f3n, poder realizar los distintos tramites de la TNE de forma descentralizada y no depender de procesos del nivel central. Importante tambi\u00e9n la posibilidad de instalar el m\u00f3dulo en dependencias de INJUV, lo que nos va a permitir visibilizar m\u00e1s esta acci\u00f3n en la comunidad estudiantil y articular con el resto de la oferta program\u00e1tica para nuestras juventudes\u201d, sostuvo el director regional de JUNAEB, Manuel Vivar \u00c1guila.<\/p>\n<p style=\"text-align: justify;\">Para el director regional de INJUV Ays\u00e9n, Camilo Trivi\u00f1o Urtubia \u201ceste convenio representa un paso concreto para que las juventudes de Ays\u00e9n tengan un acceso m\u00e1s equitativo a beneficios fundamentales como la TNE. Nuestro compromiso es descentralizar y acercar la gesti\u00f3n p\u00fablica a los territorios, eliminando barreras y asegurando que todas y todos los estudiantes de la regi\u00f3n puedan contar con las mismas oportunidades. Con esta alianza, seguimos fortaleciendo el trabajo colaborativo entre instituciones, siempre poniendo en el centro a las juventudes.\u201d<\/p>\n<p style=\"text-align: justify;\">Desde Transportes, el seremiTT Hans Zimmerman Due\u00f1as explic\u00f3 a las juventudes presentes que los beneficios de la TNE no se reducen al transporte urbano, sino que se extienden al \u00a0transporte rural y tambi\u00e9n a la red de subsidios del Ministerio de Transportes: \u201cEn la regi\u00f3n de Ays\u00e9n operan m\u00e1s de 234 rutas de servicios donde los estudiantes pueden usar la TNE para obtener rebajas. Ya sea los transportes p\u00fablicos que no son subsidiados por el ministerio o los que son subsidiados por el ministerio. Adem\u00e1s, la TNE no solamente puede ser ocupada en los servicios de transporte terrestre rural sino en cada uno de los servicios de conectividad que son subsidiados por el ministerio de Transporte y Telecomunicaciones, como los servicios mar\u00edtimos, fluviales, lacustres y a\u00e9reos, por ejemplo las avionetas hacia Villa O&#8217;Higgins o hacia Melinka\u201d.<\/p>\n<p style=\"text-align: justify;\">En tanto, Mellarlyn Taipe Carvajal, joven representante de la Federaci\u00f3n Estudiantil de la Universidad Austral de Chile, indic\u00f3 que \u201cme gusta esta iniciativa ya que permite conocer los beneficios estudiantiles que nos ofrece la TNE y tambi\u00e9n, porque nos da conectividad con otros espacios de la regi\u00f3n en cu\u00e1nto a las tarifas. Me gustar\u00eda que dispongan de gr\u00e1ficas informativas que permita que la informaci\u00f3n de la TNE pueda llegar a m\u00e1s juventudes \u00a0ya que muchos no saben sobre los beneficios a los que pueden acceder con su tarjeta. Tener esta informaci\u00f3n sin duda aportar\u00e1 un mont\u00f3n a las y los j\u00f3venes\u201d.<\/p>\n<p style=\"text-align: justify;\">El m\u00f3dulo JUNAEB\u00a0 donde las juventudes podr\u00e1n \u00a0solicitar captura fotogr\u00e1fica, revalidar o tramitar la reposici\u00f3n de su TNE esta ubicado en Manuel Rodr\u00edguez\u00a0 #239, Coyhaique, (INJUV Ays\u00e9n)\u00a0 y el horario de atenci\u00f3n es de lunes a jueves,\u00a0 ma\u00f1anas de 09:00 a 14:00 horas y en las tardes de 15:00 a 17:00 horas, viernes hasta las 16:00 horas.<\/p>\n<\/div><\/section><\/div><div  style='height:50px' class='hr hr-invisible   avia-builder-el-6  el_after_av_one_full  el_before_av_social_share '><span class='hr-inner ' ><span class='hr-inner-style'><\/span><\/span><\/div><\/p>\n<div  class='av-social-sharing-box  avia-builder-el-7  el_after_av_hr  el_before_av_hr  '><div class='av-share-box'><h5 class='av-share-link-description av-no-toc '>Compartir esta noticia<\/h5><ul class='av-share-box-list noLightbox'><li class='av-share-link av-social-link-facebook' ><a target=\"_blank\" aria-label=\"Compartir en Facebook\" href='https:\/\/www.facebook.com\/sharer.php?u=https:\/\/radiorevelacionfm.cl\/?p=58629&#038;t=Juventudes%20de%20Ays%C3%A9n%20podr%C3%A1n%20realizar%20captura%20fotogr%C3%A1fica%20y%20revalidar%20la%20TNE%20en%20dependencias%20de%20INJUV%20gracias%20a%20nuevo%20convenio' aria-hidden='false' data-av_icon='\ue8f3' data-av_iconfont='entypo-fontello' title='' data-avia-related-tooltip='Compartir en Facebook' rel=\"noopener\"><span class='avia_hidden_link_text'>Compartir en Facebook<\/span><\/a><\/li><li class='av-share-link av-social-link-twitter' ><a target=\"_blank\" aria-label=\"Compartir en Twitter\" href='https:\/\/twitter.com\/share?text=Juventudes%20de%20Ays%C3%A9n%20podr%C3%A1n%20realizar%20captura%20fotogr%C3%A1fica%20y%20revalidar%20la%20TNE%20en%20dependencias%20de%20INJUV%20gracias%20a%20nuevo%20convenio&#038;url=https:\/\/radiorevelacionfm.cl\/?p=58629' aria-hidden='false' data-av_icon='\ue8f1' data-av_iconfont='entypo-fontello' title='' data-avia-related-tooltip='Compartir en Twitter' rel=\"noopener\"><span class='avia_hidden_link_text'>Compartir en Twitter<\/span><\/a><\/li><li class='av-share-link av-social-link-whatsapp' ><a target=\"_blank\" aria-label=\"Compartir en Whatsapp\" href='https:\/\/api.whatsapp.com\/send?text=https:\/\/radiorevelacionfm.cl\/?p=58629' aria-hidden='false' data-av_icon='\uf232' data-av_iconfont='entypo-fontello' title='' data-avia-related-tooltip='Compartir en Whatsapp' rel=\"noopener\"><span class='avia_hidden_link_text'>Compartir en Whatsapp<\/span><\/a><\/li><li class='av-share-link av-social-link-linkedin' ><a target=\"_blank\" aria-label=\"Compartir en LinkedIn\" href='https:\/\/linkedin.com\/shareArticle?mini=true&#038;title=Juventudes%20de%20Ays%C3%A9n%20podr%C3%A1n%20realizar%20captura%20fotogr%C3%A1fica%20y%20revalidar%20la%20TNE%20en%20dependencias%20de%20INJUV%20gracias%20a%20nuevo%20convenio&#038;url=https:\/\/radiorevelacionfm.cl\/?p=58629' aria-hidden='false' data-av_icon='\ue8fc' data-av_iconfont='entypo-fontello' title='' data-avia-related-tooltip='Compartir en LinkedIn' rel=\"noopener\"><span class='avia_hidden_link_text'>Compartir en LinkedIn<\/span><\/a><\/li><li class='av-share-link av-social-link-mail' ><a  aria-label=\"Compartir por correo\" href='mailto:?subject=Juventudes%20de%20Ays%C3%A9n%20podr%C3%A1n%20realizar%20captura%20fotogr%C3%A1fica%20y%20revalidar%20la%20TNE%20en%20dependencias%20de%20INJUV%20gracias%20a%20nuevo%20convenio&#038;body=https:\/\/radiorevelacionfm.cl\/?p=58629' aria-hidden='false' data-av_icon='\ue805' data-av_iconfont='entypo-fontello' title='' data-avia-related-tooltip='Compartir por correo'><span class='avia_hidden_link_text'>Compartir por correo<\/span><\/a><\/li><\/ul><\/div><\/div>\n<div  style='height:50px' class='hr hr-invisible   avia-builder-el-8  el_after_av_social_share  el_before_av_comments_list '><span class='hr-inner ' ><span class='hr-inner-style'><\/span><\/span><\/div>\n<div  class='av-buildercomment  av-blog-meta-html-info-disabled av-blog-meta-tag-disabled  '><\/div>\n","protected":false},"excerpt":{"rendered":"","protected":false},"author":1,"featured_media":58630,"comment_status":"closed","ping_status":"closed","sticky":false,"template":"","format":"standard","meta":{"footnotes":""},"categories":[38],"tags":[],"class_list":["post-58629","post","type-post","status-publish","format-standard","has-post-thumbnail","hentry","category-regional"],"jetpack_featured_media_url":"https:\/\/radiorevelacionfm.cl\/wp-content\/uploads\/2025\/09\/foto-1-97-1_optimized.jpg","_links":{"self":[{"href":"https:\/\/radiorevelacionfm.cl\/index.php?rest_route=\/wp\/v2\/posts\/58629","targetHints":{"allow":["GET"]}}],"collection":[{"href":"https:\/\/radiorevelacionfm.cl\/index.php?rest_route=\/wp\/v2\/posts"}],"about":[{"href":"https:\/\/radiorevelacionfm.cl\/index.php?rest_route=\/wp\/v2\/types\/post"}],"author":[{"embeddable":true,"href":"https:\/\/radiorevelacionfm.cl\/index.php?rest_route=\/wp\/v2\/users\/1"}],"replies":[{"embeddable":true,"href":"https:\/\/radiorevelacionfm.cl\/index.php?rest_route=%2Fwp%2Fv2%2Fcomments&post=58629"}],"version-history":[{"count":2,"href":"https:\/\/radiorevelacionfm.cl\/index.php?rest_route=\/wp\/v2\/posts\/58629\/revisions"}],"predecessor-version":[{"id":58640,"href":"https:\/\/radiorevelacionfm.cl\/index.php?rest_route=\/wp\/v2\/posts\/58629\/revisions\/58640"}],"wp:featuredmedia":[{"embeddable":true,"href":"https:\/\/radiorevelacionfm.cl\/index.php?rest_route=\/wp\/v2\/media\/58630"}],"wp:attachment":[{"href":"https:\/\/radiorevelacionfm.cl\/index.php?rest_route=%2Fwp%2Fv2%2Fmedia&parent=58629"}],"wp:term":[{"taxonomy":"category","embeddable":true,"href":"https:\/\/radiorevelacionfm.cl\/index.php?rest_route=%2Fwp%2Fv2%2Fcategories&post=58629"},{"taxonomy":"post_tag","embeddable":true,"href":"https:\/\/radiorevelacionfm.cl\/index.php?rest_route=%2Fwp%2Fv2%2Ftags&post=58629"}],"curies":[{"name":"wp","href":"https:\/\/api.w.org\/{rel}","templated":true}]}}