{"id":58624,"date":"2025-09-02T11:00:00","date_gmt":"2025-09-02T14:00:00","guid":{"rendered":"https:\/\/radiorevelacionfm.cl\/?p=58624"},"modified":"2025-09-02T11:00:00","modified_gmt":"2025-09-02T14:00:00","slug":"abren-convocatoria-al-premio-nacional-de-innovacion-alimentaria-2025","status":"publish","type":"post","link":"https:\/\/radiorevelacionfm.cl\/?p=58624","title":{"rendered":"Abren convocatoria al Premio Nacional de Innovaci\u00f3n Alimentaria 2025"},"content":{"rendered":"<div class=\"flex_column av_one_full  flex_column_div av-zero-column-padding first  avia-builder-el-0  el_before_av_one_full  avia-builder-el-first  \" style='border-radius:0px; '><div  class='avia-image-container  av-styling-    avia-builder-el-1  avia-builder-el-no-sibling  avia-align-center '  itemprop=\"image\" itemscope=\"itemscope\" itemtype=\"https:\/\/schema.org\/ImageObject\"  ><div class='avia-image-container-inner'><div class='avia-image-overlay-wrap'><img decoding=\"async\" class='wp-image-58625 avia-img-lazy-loading-not-58625 avia_image' src=\"https:\/\/radiorevelacionfm.cl\/wp-content\/uploads\/2025\/09\/01_referencial_transformalimentos-1-1.jpg\" alt='' title='01_referencial_transformalimentos (1) (1)' height=\"600\" width=\"853\"  itemprop=\"thumbnailUrl\" srcset=\"https:\/\/radiorevelacionfm.cl\/wp-content\/uploads\/2025\/09\/01_referencial_transformalimentos-1-1.jpg 853w, https:\/\/radiorevelacionfm.cl\/wp-content\/uploads\/2025\/09\/01_referencial_transformalimentos-1-1-300x211.jpg 300w, https:\/\/radiorevelacionfm.cl\/wp-content\/uploads\/2025\/09\/01_referencial_transformalimentos-1-1-768x540.jpg 768w, https:\/\/radiorevelacionfm.cl\/wp-content\/uploads\/2025\/09\/01_referencial_transformalimentos-1-1-705x496.jpg 705w, https:\/\/radiorevelacionfm.cl\/wp-content\/uploads\/2025\/09\/01_referencial_transformalimentos-1-1-450x317.jpg 450w, https:\/\/radiorevelacionfm.cl\/wp-content\/uploads\/2025\/09\/01_referencial_transformalimentos-1-1-600x422.jpg 600w\" sizes=\"(max-width: 853px) 100vw, 853px\" \/><\/div><\/div><\/div><\/div><div class=\"flex_column av_one_full  flex_column_div av-zero-column-padding first  avia-builder-el-2  el_after_av_one_full  el_before_av_one_full  column-top-margin\" style='border-radius:0px; '><section class=\"av_textblock_section \"  itemscope=\"itemscope\" itemtype=\"https:\/\/schema.org\/BlogPosting\" itemprop=\"blogPost\" ><div class='avia_textblock  '   itemprop=\"text\" ><p style=\"text-align: center;\"><span style=\"font-size: 18pt;\"><b><span lang=\"es\">Abren convocatoria al Premio Nacional de Innovaci\u00f3n Alimentaria 2025<\/span><\/b><\/span><\/p>\n<div id=\"gtx-trans\" style=\"position: absolute; left: -50px; top: 4.31534px;\">\n<div class=\"gtx-trans-icon\"><\/div>\n<\/div>\n<\/div><\/section><\/div><div class=\"flex_column av_one_full  flex_column_div av-zero-column-padding first  avia-builder-el-4  el_after_av_one_full  el_before_av_hr  column-top-margin\" style='border-radius:0px; '><section class=\"av_textblock_section \"  itemscope=\"itemscope\" itemtype=\"https:\/\/schema.org\/BlogPosting\" itemprop=\"blogPost\" ><div class='avia_textblock  '   itemprop=\"text\" ><p style=\"font-weight: 400; text-align: justify;\"><em>La sexta edici\u00f3n reconocer\u00e1 soluciones que transforman la industria con sostenibilidad, tecnolog\u00eda y visi\u00f3n exportadora.<\/em><\/p>\n<p style=\"font-weight: 400; text-align: justify;\">Hasta el 22 de septiembre de 2025, estar\u00e1 abierta la convocatoria para participar en el Premio Nacional de Innovaci\u00f3n Alimentaria de Chile; una iniciativa que busca reconocer a las soluciones m\u00e1s novedosas y escalables del pa\u00eds para el sector alimentario.<\/p>\n<p style=\"font-weight: 400; text-align: justify;\">Impulsado por el Programa Estrat\u00e9gico Transforma Alimentos -iniciativa de Corfo- y con Nutrisco, como socio estrat\u00e9gico, este premio toma como base la selecci\u00f3n de las 50 empresas que integrar\u00e1n el Cat\u00e1logo de Innovaci\u00f3n Alimentaria de Chile 2025, publicaci\u00f3n digital que cumple este a\u00f1o su sexta edici\u00f3n.<\/p>\n<p style=\"font-weight: 400; text-align: justify;\">El llamado est\u00e1 dirigido a empresas chilenas de cualquier tama\u00f1o, que cuenten con productos o servicios desarrollados ya en fase comercial y con impacto potencial en el mercado nacional y tambi\u00e9n internacional.<\/p>\n<p style=\"font-weight: 400; text-align: justify;\">El Premio Nacional de Innovaci\u00f3n Alimentaria se ha consolidado como una plataforma de posicionamiento que impulsa la colaboraci\u00f3n y la apertura de mercados en un sector estrat\u00e9gico para el pa\u00eds. A trav\u00e9s de este reconocimiento, se busca respaldar a quienes aplican ciencia y tecnolog\u00eda para transformar la cadena de valor y responder a los desaf\u00edos del cambio clim\u00e1tico, generando alternativas de alimentaci\u00f3n m\u00e1s sanas y sostenibles. \u201cLo que realmente estamos premiando no es s\u00f3lo a una empresa o a una innovaci\u00f3n particular, sino a una forma distinta de hacer las cosas en la industria alimentaria, con prop\u00f3sito y visi\u00f3n de futuro\u201d, destac\u00f3 Humberto Mar\u00edn Leiva, director de Corfo Ays\u00e9n, subrayando que programas como Transforma Alimentos buscan dar certezas a la inversi\u00f3n y al desarrollo de soluciones con impacto local y global.<\/p>\n<p style=\"font-weight: 400; text-align: justify;\">Entre las categor\u00edas a postular, se encuentran \u2018<em>Alimentos para una vida saludable\u2019; \u2018Agri-Foodtech\u2019; \u2018Patrimonio Gastron\u00f3mico\u2019 y \u2018Sostenibilidad Alimentaria\u201d.<\/em>\u00a0Adem\u00e1s, se entregar\u00e1n dos distinciones especiales, el Premio Nutrisco \u2013 Innovaci\u00f3n con Sello de Escalabilidad, que se otorgar\u00e1 a la innovaci\u00f3n con mayor potencial de negocio y escalamiento empresarial y el Premio ProChile\u2013 Innovaci\u00f3n con Sello Exportador, para la empresa innovadora que destaca por su trayectoria exportadora y potencial para diversificar mercados<em>\u2019.<\/em><\/p>\n<p style=\"font-weight: 400; text-align: justify;\">\u201cEn Nutrisco, creemos firmemente en el poder de la innovaci\u00f3n para transformar el sector alimentario. Potenciar proyectos de alto impacto no solo impulsa nuevos negocios, sino que mejora la vida de las personas a trav\u00e9s de una mejor alimentaci\u00f3n. Apostamos por esta colaboraci\u00f3n que busca entregar herramientas concretas, como financiamiento, visibilidad y estrategia, para que estas innovaciones alcancen su m\u00e1ximo potencial empresarial\u201d\u00a0se\u00f1al\u00f3 Crescente Valle, gerente corporativo de Estrategia y Desarrollo de Negocios de Nutrisco.<\/p>\n<p style=\"font-weight: 400; text-align: justify;\"><strong>UNA VITRINA PARA CHILE Y EL MUNDO<\/strong><\/p>\n<p style=\"font-weight: 400; text-align: justify;\">Las empresas seleccionadas integrar\u00e1n el Cat\u00e1logo de Innovaci\u00f3n Alimentaria de Chile 2025, el cual ser\u00e1 difundido a trav\u00e9s de las 54 oficinas comerciales de ProChile en el mundo. Adem\u00e1s, participar\u00e1n en la ceremonia de premiaci\u00f3n que se realizar\u00e1 el 3 de diciembre en Santiago. En esa jornada, las diez iniciativas m\u00e1s destacadas (Top 10) presentar\u00e1n sus desarrollos en formato pitch ante un jurado de expertos y una audiencia conformada por inversionistas, empresas, medios y representantes de instituciones clave del ecosistema. En este contexto, el jurado definir\u00e1 a los ganadores por categor\u00edas, junto con las distinciones especiales entregadas por Nutrisco y ProChile.<\/p>\n<p style=\"font-weight: 400; text-align: justify;\">Este premio cuenta con la colaboraci\u00f3n de entidades referentes en innovaci\u00f3n en alimentos, como Nestl\u00e9 R&amp;D Latam, el Centro de Innovaci\u00f3n Gastron\u00f3mica (CIG) INACAP y Alimentos y Bebidas de Chile (ABChile), junto a una extensa red de patrocinadores del sector p\u00fablico, privado y acad\u00e9mico, con amplia trayectoria y vinculaci\u00f3n al emprendimiento e innovaci\u00f3n tecnol\u00f3gica de la industria alimentaria.<\/p>\n<p style=\"font-weight: 400; text-align: justify;\">La convocatoria estar\u00e1 abierta hasta el lunes 22 de septiembre. Las bases y formulario de postulaci\u00f3n est\u00e1n disponibles en:\u00a0\u00a0www.innovaci\u00f3nalimentaria.cl<\/p>\n<\/div><\/section><\/div><div  style='height:50px' class='hr hr-invisible   avia-builder-el-6  el_after_av_one_full  el_before_av_social_share '><span class='hr-inner ' ><span class='hr-inner-style'><\/span><\/span><\/div><\/p>\n<div  class='av-social-sharing-box  avia-builder-el-7  el_after_av_hr  el_before_av_hr  '><div class='av-share-box'><h5 class='av-share-link-description av-no-toc '>Compartir esta noticia<\/h5><ul class='av-share-box-list noLightbox'><li class='av-share-link av-social-link-facebook' ><a target=\"_blank\" aria-label=\"Compartir en Facebook\" href='https:\/\/www.facebook.com\/sharer.php?u=https:\/\/radiorevelacionfm.cl\/?p=58624&#038;t=Abren%20convocatoria%20al%20Premio%20Nacional%20de%20Innovaci%C3%B3n%20Alimentaria%202025' aria-hidden='false' data-av_icon='\ue8f3' data-av_iconfont='entypo-fontello' title='' data-avia-related-tooltip='Compartir en Facebook' rel=\"noopener\"><span class='avia_hidden_link_text'>Compartir en Facebook<\/span><\/a><\/li><li class='av-share-link av-social-link-twitter' ><a target=\"_blank\" aria-label=\"Compartir en Twitter\" href='https:\/\/twitter.com\/share?text=Abren%20convocatoria%20al%20Premio%20Nacional%20de%20Innovaci%C3%B3n%20Alimentaria%202025&#038;url=https:\/\/radiorevelacionfm.cl\/?p=58624' aria-hidden='false' data-av_icon='\ue8f1' data-av_iconfont='entypo-fontello' title='' data-avia-related-tooltip='Compartir en Twitter' rel=\"noopener\"><span class='avia_hidden_link_text'>Compartir en Twitter<\/span><\/a><\/li><li class='av-share-link av-social-link-whatsapp' ><a target=\"_blank\" aria-label=\"Compartir en Whatsapp\" href='https:\/\/api.whatsapp.com\/send?text=https:\/\/radiorevelacionfm.cl\/?p=58624' aria-hidden='false' data-av_icon='\uf232' data-av_iconfont='entypo-fontello' title='' data-avia-related-tooltip='Compartir en Whatsapp' rel=\"noopener\"><span class='avia_hidden_link_text'>Compartir en Whatsapp<\/span><\/a><\/li><li class='av-share-link av-social-link-linkedin' ><a target=\"_blank\" aria-label=\"Compartir en LinkedIn\" href='https:\/\/linkedin.com\/shareArticle?mini=true&#038;title=Abren%20convocatoria%20al%20Premio%20Nacional%20de%20Innovaci%C3%B3n%20Alimentaria%202025&#038;url=https:\/\/radiorevelacionfm.cl\/?p=58624' aria-hidden='false' data-av_icon='\ue8fc' data-av_iconfont='entypo-fontello' title='' data-avia-related-tooltip='Compartir en LinkedIn' rel=\"noopener\"><span class='avia_hidden_link_text'>Compartir en LinkedIn<\/span><\/a><\/li><li class='av-share-link av-social-link-mail' ><a  aria-label=\"Compartir por correo\" href='mailto:?subject=Abren%20convocatoria%20al%20Premio%20Nacional%20de%20Innovaci%C3%B3n%20Alimentaria%202025&#038;body=https:\/\/radiorevelacionfm.cl\/?p=58624' aria-hidden='false' data-av_icon='\ue805' data-av_iconfont='entypo-fontello' title='' data-avia-related-tooltip='Compartir por correo'><span class='avia_hidden_link_text'>Compartir por correo<\/span><\/a><\/li><\/ul><\/div><\/div>\n<div  style='height:50px' class='hr hr-invisible   avia-builder-el-8  el_after_av_social_share  el_before_av_comments_list '><span class='hr-inner ' ><span class='hr-inner-style'><\/span><\/span><\/div>\n<div  class='av-buildercomment  av-blog-meta-html-info-disabled av-blog-meta-tag-disabled  '><\/div>\n","protected":false},"excerpt":{"rendered":"","protected":false},"author":1,"featured_media":58625,"comment_status":"closed","ping_status":"closed","sticky":false,"template":"","format":"standard","meta":{"footnotes":""},"categories":[38],"tags":[],"class_list":["post-58624","post","type-post","status-publish","format-standard","has-post-thumbnail","hentry","category-regional"],"jetpack_featured_media_url":"https:\/\/radiorevelacionfm.cl\/wp-content\/uploads\/2025\/09\/01_referencial_transformalimentos-1-1.jpg","_links":{"self":[{"href":"https:\/\/radiorevelacionfm.cl\/index.php?rest_route=\/wp\/v2\/posts\/58624","targetHints":{"allow":["GET"]}}],"collection":[{"href":"https:\/\/radiorevelacionfm.cl\/index.php?rest_route=\/wp\/v2\/posts"}],"about":[{"href":"https:\/\/radiorevelacionfm.cl\/index.php?rest_route=\/wp\/v2\/types\/post"}],"author":[{"embeddable":true,"href":"https:\/\/radiorevelacionfm.cl\/index.php?rest_route=\/wp\/v2\/users\/1"}],"replies":[{"embeddable":true,"href":"https:\/\/radiorevelacionfm.cl\/index.php?rest_route=%2Fwp%2Fv2%2Fcomments&post=58624"}],"version-history":[{"count":2,"href":"https:\/\/radiorevelacionfm.cl\/index.php?rest_route=\/wp\/v2\/posts\/58624\/revisions"}],"predecessor-version":[{"id":58627,"href":"https:\/\/radiorevelacionfm.cl\/index.php?rest_route=\/wp\/v2\/posts\/58624\/revisions\/58627"}],"wp:featuredmedia":[{"embeddable":true,"href":"https:\/\/radiorevelacionfm.cl\/index.php?rest_route=\/wp\/v2\/media\/58625"}],"wp:attachment":[{"href":"https:\/\/radiorevelacionfm.cl\/index.php?rest_route=%2Fwp%2Fv2%2Fmedia&parent=58624"}],"wp:term":[{"taxonomy":"category","embeddable":true,"href":"https:\/\/radiorevelacionfm.cl\/index.php?rest_route=%2Fwp%2Fv2%2Fcategories&post=58624"},{"taxonomy":"post_tag","embeddable":true,"href":"https:\/\/radiorevelacionfm.cl\/index.php?rest_route=%2Fwp%2Fv2%2Ftags&post=58624"}],"curies":[{"name":"wp","href":"https:\/\/api.w.org\/{rel}","templated":true}]}}