{"id":58620,"date":"2025-09-02T10:42:22","date_gmt":"2025-09-02T13:42:22","guid":{"rendered":"https:\/\/radiorevelacionfm.cl\/?p=58620"},"modified":"2025-09-02T10:42:22","modified_gmt":"2025-09-02T13:42:22","slug":"hoy-estamos-cruzados-de-brazos-y-nadie-pone-la-cara-aysen-no-puede-seguir-pagando-el-costo-del-abandono","status":"publish","type":"post","link":"https:\/\/radiorevelacionfm.cl\/?p=58620","title":{"rendered":"\u00abHoy estamos cruzados de brazos y nadie pone la cara: Ays\u00e9n no puede seguir pagando el costo del abandono\u201d"},"content":{"rendered":"<div class=\"flex_column av_one_full  flex_column_div av-zero-column-padding first  avia-builder-el-0  el_before_av_one_full  avia-builder-el-first  \" style='border-radius:0px; '><div  class='avia-image-container  av-styling-    avia-builder-el-1  avia-builder-el-no-sibling  avia-align-center '  itemprop=\"image\" itemscope=\"itemscope\" itemtype=\"https:\/\/schema.org\/ImageObject\"  ><div class='avia-image-container-inner'><div class='avia-image-overlay-wrap'><img decoding=\"async\" class='wp-image-58621 avia-img-lazy-loading-not-58621 avia_image' src=\"https:\/\/radiorevelacionfm.cl\/wp-content\/uploads\/2025\/09\/img_1208-1_optimized.jpg\" alt='' title='img_1208-(1)_optimized' height=\"600\" width=\"800\"  itemprop=\"thumbnailUrl\" srcset=\"https:\/\/radiorevelacionfm.cl\/wp-content\/uploads\/2025\/09\/img_1208-1_optimized.jpg 800w, https:\/\/radiorevelacionfm.cl\/wp-content\/uploads\/2025\/09\/img_1208-1_optimized-300x225.jpg 300w, https:\/\/radiorevelacionfm.cl\/wp-content\/uploads\/2025\/09\/img_1208-1_optimized-768x576.jpg 768w, https:\/\/radiorevelacionfm.cl\/wp-content\/uploads\/2025\/09\/img_1208-1_optimized-705x529.jpg 705w, https:\/\/radiorevelacionfm.cl\/wp-content\/uploads\/2025\/09\/img_1208-1_optimized-450x338.jpg 450w, https:\/\/radiorevelacionfm.cl\/wp-content\/uploads\/2025\/09\/img_1208-1_optimized-600x450.jpg 600w\" sizes=\"(max-width: 800px) 100vw, 800px\" \/><\/div><\/div><\/div><\/div><div class=\"flex_column av_one_full  flex_column_div av-zero-column-padding first  avia-builder-el-2  el_after_av_one_full  el_before_av_one_full  column-top-margin\" style='border-radius:0px; '><section class=\"av_textblock_section \"  itemscope=\"itemscope\" itemtype=\"https:\/\/schema.org\/BlogPosting\" itemprop=\"blogPost\" ><div class='avia_textblock  '   itemprop=\"text\" ><p style=\"text-align: center;\"><strong><span style=\"font-size: 18pt;\">\u00abHoy estamos cruzados de brazos y nadie pone la cara: Ays\u00e9n no puede seguir pagando el costo del abandono\u201d<\/span><\/strong><\/p>\n<div id=\"gtx-trans\" style=\"position: absolute; left: -50px; top: 4.31534px;\">\n<div class=\"gtx-trans-icon\"><\/div>\n<\/div>\n<\/div><\/section><\/div><div class=\"flex_column av_one_full  flex_column_div av-zero-column-padding first  avia-builder-el-4  el_after_av_one_full  el_before_av_hr  column-top-margin\" style='border-radius:0px; '><section class=\"av_textblock_section \"  itemscope=\"itemscope\" itemtype=\"https:\/\/schema.org\/BlogPosting\" itemprop=\"blogPost\" ><div class='avia_textblock  '   itemprop=\"text\" ><p style=\"text-align: justify;\"><em>Se\u00f1al\u00f3 el l\u00edder gremial del transporte <strong>Conrado Redlich<\/strong>, en el marco del estado de <strong>alerta amarilla<\/strong> por el colapso log\u00edstico que afecta a la Ruta 7.<\/em><\/p>\n<p style=\"text-align: justify;\"><em>Cuatro gremios del transporte regional se organizan frente a la crisis de conectividad, exigiendo subsidios urgentes al Estado para evitar el desabastecimiento en Ays\u00e9n. Advierten que la comunidad entera pagar\u00e1 los costos del alza en la canasta b\u00e1sica si no se act\u00faa con decisi\u00f3n.<\/em><\/p>\n<p style=\"text-align: justify;\">Los principales gremios del transporte de la Regi\u00f3n de Ays\u00e9n \u2014<strong>ASODUCAM Coyhaique<\/strong>, <strong>Camioneros de la Patagonia<\/strong>, <strong>Asociaci\u00f3n Gremial de Transportistas de Cisnes<\/strong> y <strong>AGRECACh (Asociaci\u00f3n Gremial de Camioneros Ays\u00e9n-Chacabuco)<\/strong>\u2014 han declarado estado de <strong>alerta amarilla<\/strong> frente a la grave situaci\u00f3n que afecta la conectividad terrestre por la Ruta 7, producto del deterioro estructural del <strong>Puente Atirantado Yelcho<\/strong> y la falta de acciones concretas por parte del Estado.<\/p>\n<p style=\"text-align: justify;\">El corte de un tensor en el Puente Yelcho, ubicado en la Regi\u00f3n de Los Lagos pero esencial para el acceso a Ays\u00e9n, redujo la capacidad de carga permitida a <strong>32 toneladas<\/strong>, en una ruta dise\u00f1ada para <strong>45 toneladas de peso bruto vehicular<\/strong>, como ocurre en el resto del pa\u00eds. A esto se suman las limitaciones de otros dos viaductos: <strong>Senador Sep\u00falveda<\/strong> y <strong>Gonz\u00e1lez<\/strong>, ambos restringidos a 30 toneladas, seg\u00fan informaci\u00f3n entregada por el director regional de Vialidad.<\/p>\n<p style=\"text-align: justify;\">La consecuencia directa: menor carga por cami\u00f3n, m\u00e1s viajes, m\u00e1s costos, y un <strong>impacto directo en el precio final que pagan los vecinos y vecinas de la regi\u00f3n<\/strong> por alimentos, materiales, e insumos b\u00e1sicos.<\/p>\n<p style=\"text-align: justify;\"><em>\u201cTenemos una ruta nacional colapsada, con puentes que no soportan el tr\u00e1nsito de carga. Hoy estamos cruzados de brazos y nadie pone la cara. Mientras tanto, los costos se van directo a la gente. No pedimos favores, pedimos condiciones dignas para trabajar sin castigar a la comunidad\u201d,<\/em> se\u00f1al\u00f3 <strong>Conrado Redlich, presidente de AGRECACh<\/strong>.<\/p>\n<p style=\"text-align: justify;\">Ante la fragilidad de la Ruta 7, los gremios han solicitado reforzar la <strong>ruta mar\u00edtima Quell\u00f3n\u2013Puerto Cisnes<\/strong> con subsidios estatales.<br \/>\nLa respuesta: <strong>no hay presupuesto<\/strong>.<\/p>\n<p style=\"text-align: justify;\">Actualmente, la Regi\u00f3n de Los Lagos cuenta con <strong>16 itinerarios semanales de transporte mar\u00edtimo subsidiado<\/strong>, mientras que en Ays\u00e9n <strong>solo se dispone de 6<\/strong>, a pesar de su dependencia estructural de las v\u00edas mar\u00edtimas.<\/p>\n<p style=\"text-align: justify;\"><em>\u201cLa regi\u00f3n est\u00e1 completamente abandonada. La naviera que actualmente se adjudic\u00f3 la licitaci\u00f3n del transporte subsidiario \u00a0entreg\u00f3 tres presupuestos al Ministerio de Transportes para agregar m\u00e1s viajes por barcaza y los rechazaron todos. Lo \u00fanico que ofrecieron fue gestionar un viaje m\u00e1s, pero con tarifa comercial, pagado por los mismos transportistas. Eso es inaceptable\u201d,<\/em> a\u00f1adi\u00f3 Redlich.<\/p>\n<p style=\"text-align: justify;\">\u201cEstamos haciendo todas las gestiones posibles. No queremos afectar a nadie, menos a la comunidad. Pero si el Estado no act\u00faa, los precios van a seguir subiendo, y eso lo pagar\u00e1 la gente. Estamos organizados, buscando soluciones, tocando todas las puertas\u201d, enfatiz\u00f3 el dirigente.<\/p>\n<p style=\"text-align: justify;\">Los gremios del transporte regional recalcaron que <strong>no buscan conflicto, sino respuesta<\/strong>, y que <strong>se mantendr\u00e1n en estado de alerta<\/strong>, monitoreando la evoluci\u00f3n del problema y evaluando nuevas acciones si no se anuncian medidas concretas de corto plazo.<\/p>\n<p style=\"text-align: justify;\"><em>\u201cNo queremos llegar a tomar medidas que perjudiquen a\u00fan m\u00e1s a la comunidad. Pero la situaci\u00f3n es l\u00edmite, y Ays\u00e9n ya no puede seguir esperando. Si no se act\u00faa ahora, el desabastecimiento ser\u00e1 una realidad. Y esa responsabilidad ser\u00e1 del Estado.\u201d<\/em><\/p>\n<p style=\"text-align: justify;\">Los gremios han sostenido reuniones con el <strong>senador David Sandoval<\/strong>, la <strong>diputada Marcia Raphael<\/strong>, y el <strong>gobernador regional de Ays\u00e9n, Marcelo Santana<\/strong>, quienes manifestaron su preocupaci\u00f3n ante la situaci\u00f3n cr\u00edtica de la Ruta 7. Adem\u00e1s, ya se concretaron encuentros con los diputados <strong>Ren\u00e9 Alinco<\/strong> y <strong>Miguel \u00c1ngel Calixto<\/strong>, quienes se comprometieron a realizar gestiones directas con el <strong>Ministro de Transportes<\/strong>. Esta articulaci\u00f3n refleja que, m\u00e1s all\u00e1 de diferencias pol\u00edticas, existe una convicci\u00f3n compartida: <strong>defender el abastecimiento y la conectividad de la Regi\u00f3n de Ays\u00e9n como una prioridad regional y transversal<\/strong>.<\/p>\n<\/div><\/section><\/div><div  style='height:50px' class='hr hr-invisible   avia-builder-el-6  el_after_av_one_full  el_before_av_social_share '><span class='hr-inner ' ><span class='hr-inner-style'><\/span><\/span><\/div><\/p>\n<div  class='av-social-sharing-box  avia-builder-el-7  el_after_av_hr  el_before_av_hr  '><div class='av-share-box'><h5 class='av-share-link-description av-no-toc '>Compartir esta noticia<\/h5><ul class='av-share-box-list noLightbox'><li class='av-share-link av-social-link-facebook' ><a target=\"_blank\" aria-label=\"Compartir en Facebook\" href='https:\/\/www.facebook.com\/sharer.php?u=https:\/\/radiorevelacionfm.cl\/?p=58620&#038;t=%C2%ABHoy%20estamos%20cruzados%20de%20brazos%20y%20nadie%20pone%20la%20cara%3A%20Ays%C3%A9n%20no%20puede%20seguir%20pagando%20el%20costo%20del%20abandono%E2%80%9D' aria-hidden='false' data-av_icon='\ue8f3' data-av_iconfont='entypo-fontello' title='' data-avia-related-tooltip='Compartir en Facebook' rel=\"noopener\"><span class='avia_hidden_link_text'>Compartir en Facebook<\/span><\/a><\/li><li class='av-share-link av-social-link-twitter' ><a target=\"_blank\" aria-label=\"Compartir en Twitter\" href='https:\/\/twitter.com\/share?text=%C2%ABHoy%20estamos%20cruzados%20de%20brazos%20y%20nadie%20pone%20la%20cara%3A%20Ays%C3%A9n%20no%20puede%20seguir%20pagando%20el%20costo%20del%20abandono%E2%80%9D&#038;url=https:\/\/radiorevelacionfm.cl\/?p=58620' aria-hidden='false' data-av_icon='\ue8f1' data-av_iconfont='entypo-fontello' title='' data-avia-related-tooltip='Compartir en Twitter' rel=\"noopener\"><span class='avia_hidden_link_text'>Compartir en Twitter<\/span><\/a><\/li><li class='av-share-link av-social-link-whatsapp' ><a target=\"_blank\" aria-label=\"Compartir en Whatsapp\" href='https:\/\/api.whatsapp.com\/send?text=https:\/\/radiorevelacionfm.cl\/?p=58620' aria-hidden='false' data-av_icon='\uf232' data-av_iconfont='entypo-fontello' title='' data-avia-related-tooltip='Compartir en Whatsapp' rel=\"noopener\"><span class='avia_hidden_link_text'>Compartir en Whatsapp<\/span><\/a><\/li><li class='av-share-link av-social-link-linkedin' ><a target=\"_blank\" aria-label=\"Compartir en LinkedIn\" href='https:\/\/linkedin.com\/shareArticle?mini=true&#038;title=%C2%ABHoy%20estamos%20cruzados%20de%20brazos%20y%20nadie%20pone%20la%20cara%3A%20Ays%C3%A9n%20no%20puede%20seguir%20pagando%20el%20costo%20del%20abandono%E2%80%9D&#038;url=https:\/\/radiorevelacionfm.cl\/?p=58620' aria-hidden='false' data-av_icon='\ue8fc' data-av_iconfont='entypo-fontello' title='' data-avia-related-tooltip='Compartir en LinkedIn' rel=\"noopener\"><span class='avia_hidden_link_text'>Compartir en LinkedIn<\/span><\/a><\/li><li class='av-share-link av-social-link-mail' ><a  aria-label=\"Compartir por correo\" href='mailto:?subject=%C2%ABHoy%20estamos%20cruzados%20de%20brazos%20y%20nadie%20pone%20la%20cara%3A%20Ays%C3%A9n%20no%20puede%20seguir%20pagando%20el%20costo%20del%20abandono%E2%80%9D&#038;body=https:\/\/radiorevelacionfm.cl\/?p=58620' aria-hidden='false' data-av_icon='\ue805' data-av_iconfont='entypo-fontello' title='' data-avia-related-tooltip='Compartir por correo'><span class='avia_hidden_link_text'>Compartir por correo<\/span><\/a><\/li><\/ul><\/div><\/div>\n<div  style='height:50px' class='hr hr-invisible   avia-builder-el-8  el_after_av_social_share  el_before_av_comments_list '><span class='hr-inner ' ><span class='hr-inner-style'><\/span><\/span><\/div>\n<div  class='av-buildercomment  av-blog-meta-html-info-disabled av-blog-meta-tag-disabled  '><\/div>\n","protected":false},"excerpt":{"rendered":"","protected":false},"author":1,"featured_media":58621,"comment_status":"closed","ping_status":"closed","sticky":false,"template":"","format":"standard","meta":{"footnotes":""},"categories":[38],"tags":[],"class_list":["post-58620","post","type-post","status-publish","format-standard","has-post-thumbnail","hentry","category-regional"],"jetpack_featured_media_url":"https:\/\/radiorevelacionfm.cl\/wp-content\/uploads\/2025\/09\/img_1208-1_optimized.jpg","_links":{"self":[{"href":"https:\/\/radiorevelacionfm.cl\/index.php?rest_route=\/wp\/v2\/posts\/58620","targetHints":{"allow":["GET"]}}],"collection":[{"href":"https:\/\/radiorevelacionfm.cl\/index.php?rest_route=\/wp\/v2\/posts"}],"about":[{"href":"https:\/\/radiorevelacionfm.cl\/index.php?rest_route=\/wp\/v2\/types\/post"}],"author":[{"embeddable":true,"href":"https:\/\/radiorevelacionfm.cl\/index.php?rest_route=\/wp\/v2\/users\/1"}],"replies":[{"embeddable":true,"href":"https:\/\/radiorevelacionfm.cl\/index.php?rest_route=%2Fwp%2Fv2%2Fcomments&post=58620"}],"version-history":[{"count":2,"href":"https:\/\/radiorevelacionfm.cl\/index.php?rest_route=\/wp\/v2\/posts\/58620\/revisions"}],"predecessor-version":[{"id":58623,"href":"https:\/\/radiorevelacionfm.cl\/index.php?rest_route=\/wp\/v2\/posts\/58620\/revisions\/58623"}],"wp:featuredmedia":[{"embeddable":true,"href":"https:\/\/radiorevelacionfm.cl\/index.php?rest_route=\/wp\/v2\/media\/58621"}],"wp:attachment":[{"href":"https:\/\/radiorevelacionfm.cl\/index.php?rest_route=%2Fwp%2Fv2%2Fmedia&parent=58620"}],"wp:term":[{"taxonomy":"category","embeddable":true,"href":"https:\/\/radiorevelacionfm.cl\/index.php?rest_route=%2Fwp%2Fv2%2Fcategories&post=58620"},{"taxonomy":"post_tag","embeddable":true,"href":"https:\/\/radiorevelacionfm.cl\/index.php?rest_route=%2Fwp%2Fv2%2Ftags&post=58620"}],"curies":[{"name":"wp","href":"https:\/\/api.w.org\/{rel}","templated":true}]}}