{"id":58610,"date":"2025-09-02T16:22:29","date_gmt":"2025-09-02T19:22:29","guid":{"rendered":"https:\/\/radiorevelacionfm.cl\/?p=58610"},"modified":"2025-09-02T16:22:29","modified_gmt":"2025-09-02T19:22:29","slug":"puerto-aysen-diputado-calisto-se-reune-con-comite-de-electrificacion-de-bahia-acantilada-y-llama-al-gobierno-a-invertir-en-servicios-basicos","status":"publish","type":"post","link":"https:\/\/radiorevelacionfm.cl\/?p=58610","title":{"rendered":"Puerto Ays\u00e9n: Diputado Calisto se re\u00fane con Comit\u00e9 de Electrificaci\u00f3n de Bah\u00eda Acantilada y llama al Gobierno a invertir en servicios b\u00e1sicos"},"content":{"rendered":"<div class=\"flex_column av_one_full  flex_column_div av-zero-column-padding first  avia-builder-el-0  el_before_av_one_full  avia-builder-el-first  \" style='border-radius:0px; '><div  class='avia-image-container  av-styling-    avia-builder-el-1  avia-builder-el-no-sibling  avia-align-center '  itemprop=\"image\" itemscope=\"itemscope\" itemtype=\"https:\/\/schema.org\/ImageObject\"  ><div class='avia-image-container-inner'><div class='avia-image-overlay-wrap'><img decoding=\"async\" class='wp-image-58611 avia-img-lazy-loading-not-58611 avia_image' src=\"https:\/\/radiorevelacionfm.cl\/wp-content\/uploads\/2025\/09\/reu-bahIa-acantilada-1_optimized.jpg\" alt='' title='reu-bah\u00cda-acantilada-(1)_optimized' height=\"600\" width=\"1067\"  itemprop=\"thumbnailUrl\" srcset=\"https:\/\/radiorevelacionfm.cl\/wp-content\/uploads\/2025\/09\/reu-bahIa-acantilada-1_optimized.jpg 1067w, https:\/\/radiorevelacionfm.cl\/wp-content\/uploads\/2025\/09\/reu-bahIa-acantilada-1_optimized-300x169.jpg 300w, https:\/\/radiorevelacionfm.cl\/wp-content\/uploads\/2025\/09\/reu-bahIa-acantilada-1_optimized-1030x579.jpg 1030w, https:\/\/radiorevelacionfm.cl\/wp-content\/uploads\/2025\/09\/reu-bahIa-acantilada-1_optimized-768x432.jpg 768w, https:\/\/radiorevelacionfm.cl\/wp-content\/uploads\/2025\/09\/reu-bahIa-acantilada-1_optimized-705x396.jpg 705w, https:\/\/radiorevelacionfm.cl\/wp-content\/uploads\/2025\/09\/reu-bahIa-acantilada-1_optimized-450x253.jpg 450w, https:\/\/radiorevelacionfm.cl\/wp-content\/uploads\/2025\/09\/reu-bahIa-acantilada-1_optimized-600x337.jpg 600w\" sizes=\"(max-width: 1067px) 100vw, 1067px\" \/><\/div><\/div><\/div><\/div><div class=\"flex_column av_one_full  flex_column_div av-zero-column-padding first  avia-builder-el-2  el_after_av_one_full  el_before_av_one_full  column-top-margin\" style='border-radius:0px; '><section class=\"av_textblock_section \"  itemscope=\"itemscope\" itemtype=\"https:\/\/schema.org\/BlogPosting\" itemprop=\"blogPost\" ><div class='avia_textblock  '   itemprop=\"text\" ><p style=\"text-align: center;\"><span style=\"font-size: 18pt;\"><b>Puerto Ays\u00e9n: Diputado Calisto se re\u00fane con Comit\u00e9 de Electrificaci\u00f3n de Bah\u00eda Acantilada y llama al Gobierno a invertir en servicios b\u00e1sicos<\/b><\/span><\/p>\n<div id=\"gtx-trans\" style=\"position: absolute; left: -50px; top: 4.31534px;\">\n<div class=\"gtx-trans-icon\"><\/div>\n<\/div>\n<\/div><\/section><\/div><div class=\"flex_column av_one_full  flex_column_div av-zero-column-padding first  avia-builder-el-4  el_after_av_one_full  el_before_av_hr  column-top-margin\" style='border-radius:0px; '><section class=\"av_textblock_section \"  itemscope=\"itemscope\" itemtype=\"https:\/\/schema.org\/BlogPosting\" itemprop=\"blogPost\" ><div class='avia_textblock  '   itemprop=\"text\" ><p style=\"text-align: justify;\">En una reuni\u00f3n con el comit\u00e9 de electrificaci\u00f3n rural de Bah\u00eda Acantilada, el diputado Miguel \u00c1ngel Calisto reafirm\u00f3 su compromiso con las m\u00e1s de 300 familias que han comprado terrenos en la zona y que enfrentan un complejo problema de acceso a la energ\u00eda el\u00e9ctrica. Durante el encuentro, que cont\u00f3 con la presencia de representantes del gobierno regional y el municipio, el parlamentario enfatiz\u00f3 la necesidad de una mayor intervenci\u00f3n estatal para garantizar este servicio b\u00e1sico.<\/p>\n<p style=\"text-align: justify;\">El diputado Calisto destac\u00f3 que la electrificaci\u00f3n de Bah\u00eda Acantilada, considerado un balneario de Puerto Ays\u00e9n, es \u00abfundamental\u00bb y no debe recaer \u00fanicamente en las familias. \u00abNosotros creemos que es esencial que sea el propio Estado el que participe de la proyecci\u00f3n de esta extensi\u00f3n de l\u00ednea el\u00e9ctrica\u00bb, afirm\u00f3. El objetivo de la reuni\u00f3n fue precisamente coordinar a los distintos entes para encontrar un mecanismo que permita extender la red, dada la existencia de al menos tres comit\u00e9s de electrificaci\u00f3n que operan en el \u00e1rea.<\/p>\n<p style=\"text-align: justify;\">Calisto se\u00f1al\u00f3 que una de las v\u00edas de soluci\u00f3n podr\u00eda ser a trav\u00e9s de un comit\u00e9 de electrificaci\u00f3n rural que opere en la l\u00ednea principal, lo que facilitar\u00eda la extensi\u00f3n del servicio a las parcelaciones aleda\u00f1as. El diputado tambi\u00e9n aprovech\u00f3 la instancia para cuestionar el rol de las empresas el\u00e9ctricas. \u00abEsto abre un debate respecto del rol que tienen que cumplir las el\u00e9ctricas. Las el\u00e9ctricas tienen que tener, aumentar, sobre todo, la concesi\u00f3n del territorio, de tal manera que el Estado no tenga que invertir en estos costos y, adem\u00e1s, los tiempos, porque los tiempos de los comit\u00e9s de electrificaci\u00f3n rural son muy extensos,\u00bb indic\u00f3.<\/p>\n<p style=\"text-align: justify;\">Por su parte, la presidenta del Comit\u00e9 Pro Adelanto de Bah\u00eda Acantilada, Johanna Barrientos, valor\u00f3 la presencia de las autoridades y la gesti\u00f3n del diputado. \u00abHoy tenemos autoridades invitadas, incluyendo al diputado Calisto, por un problema de electrificaci\u00f3n que enfrentamos. La comunidad sabe que aqu\u00ed no hay luz, y eso es una necesidad fundamental para cualquier persona que tiene su hogar,\u00bb explic\u00f3. Barrientos expres\u00f3 su profundo agradecimiento a Calisto por su apoyo. \u00abLe agradecemos mucho la gesti\u00f3n que ha tenido con nosotros y nos ha apoyado. Estamos muy agradecidas de \u00e9l,\u00bb concluy\u00f3.<\/p>\n<p style=\"text-align: justify;\">La reuni\u00f3n concluy\u00f3 con el compromiso de las autoridades y los vecinos de seguir trabajando de manera conjunta para destrabar los obst\u00e1culos burocr\u00e1ticos y t\u00e9cnicos que impiden el avance del proyecto. Se acord\u00f3 establecer una mesa de trabajo permanente para evaluar alternativas de financiamiento e implementaci\u00f3n que permitan llevar la energ\u00eda el\u00e9ctrica a las m\u00e1s de 300 familias de Bah\u00eda Acantilada en el menor tiempo posible, sentando un precedente sobre la importancia de la colaboraci\u00f3n p\u00fablico-privada en la soluci\u00f3n de las problem\u00e1ticas de las comunidades.<\/p>\n<\/div><\/section><\/div><div  style='height:50px' class='hr hr-invisible   avia-builder-el-6  el_after_av_one_full  el_before_av_social_share '><span class='hr-inner ' ><span class='hr-inner-style'><\/span><\/span><\/div><\/p>\n<div  class='av-social-sharing-box  avia-builder-el-7  el_after_av_hr  el_before_av_hr  '><div class='av-share-box'><h5 class='av-share-link-description av-no-toc '>Compartir esta noticia<\/h5><ul class='av-share-box-list noLightbox'><li class='av-share-link av-social-link-facebook' ><a target=\"_blank\" aria-label=\"Compartir en Facebook\" href='https:\/\/www.facebook.com\/sharer.php?u=https:\/\/radiorevelacionfm.cl\/?p=58610&#038;t=Puerto%20Ays%C3%A9n%3A%20Diputado%20Calisto%20se%20re%C3%BAne%20con%20Comit%C3%A9%20de%20Electrificaci%C3%B3n%20de%20Bah%C3%ADa%20Acantilada%20y%20llama%20al%20Gobierno%20a%20invertir%20en%20servicios%20b%C3%A1sicos' aria-hidden='false' data-av_icon='\ue8f3' data-av_iconfont='entypo-fontello' title='' data-avia-related-tooltip='Compartir en Facebook' rel=\"noopener\"><span class='avia_hidden_link_text'>Compartir en Facebook<\/span><\/a><\/li><li class='av-share-link av-social-link-twitter' ><a target=\"_blank\" aria-label=\"Compartir en Twitter\" href='https:\/\/twitter.com\/share?text=Puerto%20Ays%C3%A9n%3A%20Diputado%20Calisto%20se%20re%C3%BAne%20con%20Comit%C3%A9%20de%20Electrificaci%C3%B3n%20de%20Bah%C3%ADa%20Acantilada%20y%20llama%20al%20Gobierno%20a%20invertir%20en%20servicios%20b%C3%A1sicos&#038;url=https:\/\/radiorevelacionfm.cl\/?p=58610' aria-hidden='false' data-av_icon='\ue8f1' data-av_iconfont='entypo-fontello' title='' data-avia-related-tooltip='Compartir en Twitter' rel=\"noopener\"><span class='avia_hidden_link_text'>Compartir en Twitter<\/span><\/a><\/li><li class='av-share-link av-social-link-whatsapp' ><a target=\"_blank\" aria-label=\"Compartir en Whatsapp\" href='https:\/\/api.whatsapp.com\/send?text=https:\/\/radiorevelacionfm.cl\/?p=58610' aria-hidden='false' data-av_icon='\uf232' data-av_iconfont='entypo-fontello' title='' data-avia-related-tooltip='Compartir en Whatsapp' rel=\"noopener\"><span class='avia_hidden_link_text'>Compartir en Whatsapp<\/span><\/a><\/li><li class='av-share-link av-social-link-linkedin' ><a target=\"_blank\" aria-label=\"Compartir en LinkedIn\" href='https:\/\/linkedin.com\/shareArticle?mini=true&#038;title=Puerto%20Ays%C3%A9n%3A%20Diputado%20Calisto%20se%20re%C3%BAne%20con%20Comit%C3%A9%20de%20Electrificaci%C3%B3n%20de%20Bah%C3%ADa%20Acantilada%20y%20llama%20al%20Gobierno%20a%20invertir%20en%20servicios%20b%C3%A1sicos&#038;url=https:\/\/radiorevelacionfm.cl\/?p=58610' aria-hidden='false' data-av_icon='\ue8fc' data-av_iconfont='entypo-fontello' title='' data-avia-related-tooltip='Compartir en LinkedIn' rel=\"noopener\"><span class='avia_hidden_link_text'>Compartir en LinkedIn<\/span><\/a><\/li><li class='av-share-link av-social-link-mail' ><a  aria-label=\"Compartir por correo\" href='mailto:?subject=Puerto%20Ays%C3%A9n%3A%20Diputado%20Calisto%20se%20re%C3%BAne%20con%20Comit%C3%A9%20de%20Electrificaci%C3%B3n%20de%20Bah%C3%ADa%20Acantilada%20y%20llama%20al%20Gobierno%20a%20invertir%20en%20servicios%20b%C3%A1sicos&#038;body=https:\/\/radiorevelacionfm.cl\/?p=58610' aria-hidden='false' data-av_icon='\ue805' data-av_iconfont='entypo-fontello' title='' data-avia-related-tooltip='Compartir por correo'><span class='avia_hidden_link_text'>Compartir por correo<\/span><\/a><\/li><\/ul><\/div><\/div>\n<div  style='height:50px' class='hr hr-invisible   avia-builder-el-8  el_after_av_social_share  el_before_av_comments_list '><span class='hr-inner ' ><span class='hr-inner-style'><\/span><\/span><\/div>\n<div  class='av-buildercomment  av-blog-meta-html-info-disabled av-blog-meta-tag-disabled  '><\/div>\n","protected":false},"excerpt":{"rendered":"","protected":false},"author":1,"featured_media":58611,"comment_status":"closed","ping_status":"closed","sticky":false,"template":"","format":"standard","meta":{"footnotes":""},"categories":[35],"tags":[],"class_list":["post-58610","post","type-post","status-publish","format-standard","has-post-thumbnail","hentry","category-politica"],"jetpack_featured_media_url":"https:\/\/radiorevelacionfm.cl\/wp-content\/uploads\/2025\/09\/reu-bahIa-acantilada-1_optimized.jpg","_links":{"self":[{"href":"https:\/\/radiorevelacionfm.cl\/index.php?rest_route=\/wp\/v2\/posts\/58610","targetHints":{"allow":["GET"]}}],"collection":[{"href":"https:\/\/radiorevelacionfm.cl\/index.php?rest_route=\/wp\/v2\/posts"}],"about":[{"href":"https:\/\/radiorevelacionfm.cl\/index.php?rest_route=\/wp\/v2\/types\/post"}],"author":[{"embeddable":true,"href":"https:\/\/radiorevelacionfm.cl\/index.php?rest_route=\/wp\/v2\/users\/1"}],"replies":[{"embeddable":true,"href":"https:\/\/radiorevelacionfm.cl\/index.php?rest_route=%2Fwp%2Fv2%2Fcomments&post=58610"}],"version-history":[{"count":2,"href":"https:\/\/radiorevelacionfm.cl\/index.php?rest_route=\/wp\/v2\/posts\/58610\/revisions"}],"predecessor-version":[{"id":58660,"href":"https:\/\/radiorevelacionfm.cl\/index.php?rest_route=\/wp\/v2\/posts\/58610\/revisions\/58660"}],"wp:featuredmedia":[{"embeddable":true,"href":"https:\/\/radiorevelacionfm.cl\/index.php?rest_route=\/wp\/v2\/media\/58611"}],"wp:attachment":[{"href":"https:\/\/radiorevelacionfm.cl\/index.php?rest_route=%2Fwp%2Fv2%2Fmedia&parent=58610"}],"wp:term":[{"taxonomy":"category","embeddable":true,"href":"https:\/\/radiorevelacionfm.cl\/index.php?rest_route=%2Fwp%2Fv2%2Fcategories&post=58610"},{"taxonomy":"post_tag","embeddable":true,"href":"https:\/\/radiorevelacionfm.cl\/index.php?rest_route=%2Fwp%2Fv2%2Ftags&post=58610"}],"curies":[{"name":"wp","href":"https:\/\/api.w.org\/{rel}","templated":true}]}}