{"id":5861,"date":"2021-07-02T17:06:12","date_gmt":"2021-07-02T20:06:12","guid":{"rendered":"https:\/\/radiorevelacionfm.cl\/?p=5861"},"modified":"2021-07-02T17:06:12","modified_gmt":"2021-07-02T20:06:12","slug":"mas-de-30-mil-solicitudes-aprobadas-del-bono-de-alivio-a-micro-y-pequenas-empresas-que-comenzo-a-medianoche","status":"publish","type":"post","link":"https:\/\/radiorevelacionfm.cl\/?p=5861","title":{"rendered":"M\u00e1s de 30 mil solicitudes aprobadas del Bono de Alivio a micro y peque\u00f1as empresas que comenz\u00f3 a medianoche"},"content":{"rendered":"<div class=\"flex_column av_one_full  flex_column_div av-zero-column-padding first  avia-builder-el-0  el_before_av_one_full  avia-builder-el-first  \" style='border-radius:0px; '><div  class='avia-image-container  av-styling-    avia-builder-el-1  avia-builder-el-no-sibling  avia-align-center '  itemprop=\"image\" itemscope=\"itemscope\" itemtype=\"https:\/\/schema.org\/ImageObject\"  ><div class='avia-image-container-inner'><div class='avia-image-overlay-wrap'><img decoding=\"async\" class='wp-image-0 avia-img-lazy-loading-not-0 avia_image' src=\"https:\/\/radiorevelacionfm.cl\/wp-content\/uploads\/2021\/07\/Bono-Pymes_SII-2.jpg\" alt='' title=''   itemprop=\"thumbnailUrl\"  \/><\/div><\/div><\/div><\/div><div class=\"flex_column av_one_full  flex_column_div av-zero-column-padding first  avia-builder-el-2  el_after_av_one_full  el_before_av_one_full  column-top-margin\" style='border-radius:0px; '><section class=\"av_textblock_section \"  itemscope=\"itemscope\" itemtype=\"https:\/\/schema.org\/BlogPosting\" itemprop=\"blogPost\" ><div class='avia_textblock  '   itemprop=\"text\" ><p style=\"text-align: center;\"><strong><span style=\"font-size: 18pt;\">M\u00e1s de 30 mil solicitudes aprobadas del Bono de Alivio a micro y peque\u00f1as empresas que comenz\u00f3 a medianoche<\/span><\/strong><\/p>\n<div id=\"gtx-trans\" style=\"position: absolute; left: -50px; top: 4.31534px;\">\n<div class=\"gtx-trans-icon\"><\/div>\n<\/div>\n<\/div><\/section><\/div><div class=\"flex_column av_one_full  flex_column_div av-zero-column-padding first  avia-builder-el-4  el_after_av_one_full  el_before_av_hr  column-top-margin\" style='border-radius:0px; '><section class=\"av_textblock_section \"  itemscope=\"itemscope\" itemtype=\"https:\/\/schema.org\/BlogPosting\" itemprop=\"blogPost\" ><div class='avia_textblock  '   itemprop=\"text\" ><p style=\"text-align: justify;\">Ya est\u00e1 disponible\u00a0la plataforma dentro del sitio web del Servicio de Impuestos que permitir\u00e1 que unas 800 mil MYPEs puedan solicitar este apoyo de $1 mill\u00f3n. Las solicitudes aprobadas en las primeras horas superan las 30 mil.<\/p>\n<p style=\"text-align: justify;\">Podr\u00e1n solicitarlo las peque\u00f1as empresas que hayan iniciado actividades en primera categor\u00eda hasta el 31 de marzo de 2020 y que sus ingresos anuales por ventas no hayan superado las UF 25.000 durante el a\u00f1o calendario 2020. Durante todo el mes de julio, el beneficio se puede solicitar en www.sii.cl, con el rut y clave de la empresa.<\/p>\n<p style=\"text-align: justify;\">Para recibir el bono se deber\u00e1 acreditar una de las siguientes situaciones:<br \/>\n&#8211; haber tenido al menos un trabajador contratado durante el 2020;<br \/>\n&#8211; haber declarado ingresos por ventas al menos 2 meses en el 2020;<br \/>\n&#8211; tener ingresos declarados por ventas al menos 2 meses en el 2021;<br \/>\n&#8211; o ser de los rubros m\u00e1s golpeados por la pandemia: gastronom\u00eda, eventos, cultura, servicios de turismo, belleza y peluquer\u00edas, gimnasios, transportes escolares y jardines infantiles, otros con venta desde el 2019.<\/p>\n<p>El Bono adicional variable es para aquellas MYPEs que deban pagar IVA, recibir\u00e1n la devoluci\u00f3n de tres meses del promedio del IVA d\u00e9bito del a\u00f1o 2019, con tope de $2.000.000.<\/p>\n<p>El bono de alivio y el adicional variable aumentar\u00e1n en un 20% en el caso que la persona natural o la titular de una empresa sea mujer. Tambi\u00e9n habr\u00e1 un anticipo solidario para el pago de cotizaciones de seguridad social de trabajadores suspendidos por ley de protecci\u00f3n del empleo.<\/p>\n<\/div><\/section><\/div><div  style='height:50px' class='hr hr-invisible   avia-builder-el-6  el_after_av_one_full  el_before_av_social_share '><span class='hr-inner ' ><span class='hr-inner-style'><\/span><\/span><\/div><\/p>\n<div  class='av-social-sharing-box  avia-builder-el-7  el_after_av_hr  el_before_av_hr  '><div class='av-share-box'><h5 class='av-share-link-description av-no-toc '>Compartir esta noticia<\/h5><ul class='av-share-box-list noLightbox'><li class='av-share-link av-social-link-facebook' ><a target=\"_blank\" aria-label=\"Compartir en Facebook\" href='https:\/\/www.facebook.com\/sharer.php?u=https:\/\/radiorevelacionfm.cl\/?p=5861&#038;t=M%C3%A1s%20de%2030%20mil%20solicitudes%20aprobadas%20del%20Bono%20de%20Alivio%20a%20micro%20y%20peque%C3%B1as%20empresas%20que%20comenz%C3%B3%20a%20medianoche' aria-hidden='false' data-av_icon='\ue8f3' data-av_iconfont='entypo-fontello' title='' data-avia-related-tooltip='Compartir en Facebook' rel=\"noopener\"><span class='avia_hidden_link_text'>Compartir en Facebook<\/span><\/a><\/li><li class='av-share-link av-social-link-twitter' ><a target=\"_blank\" aria-label=\"Compartir en Twitter\" href='https:\/\/twitter.com\/share?text=M%C3%A1s%20de%2030%20mil%20solicitudes%20aprobadas%20del%20Bono%20de%20Alivio%20a%20micro%20y%20peque%C3%B1as%20empresas%20que%20comenz%C3%B3%20a%20medianoche&#038;url=https:\/\/radiorevelacionfm.cl\/?p=5861' aria-hidden='false' data-av_icon='\ue8f1' data-av_iconfont='entypo-fontello' title='' data-avia-related-tooltip='Compartir en Twitter' rel=\"noopener\"><span class='avia_hidden_link_text'>Compartir en Twitter<\/span><\/a><\/li><li class='av-share-link av-social-link-whatsapp' ><a target=\"_blank\" aria-label=\"Compartir en Whatsapp\" href='https:\/\/api.whatsapp.com\/send?text=https:\/\/radiorevelacionfm.cl\/?p=5861' aria-hidden='false' data-av_icon='\uf232' data-av_iconfont='entypo-fontello' title='' data-avia-related-tooltip='Compartir en Whatsapp' rel=\"noopener\"><span class='avia_hidden_link_text'>Compartir en Whatsapp<\/span><\/a><\/li><li class='av-share-link av-social-link-linkedin' ><a target=\"_blank\" aria-label=\"Compartir en LinkedIn\" href='https:\/\/linkedin.com\/shareArticle?mini=true&#038;title=M%C3%A1s%20de%2030%20mil%20solicitudes%20aprobadas%20del%20Bono%20de%20Alivio%20a%20micro%20y%20peque%C3%B1as%20empresas%20que%20comenz%C3%B3%20a%20medianoche&#038;url=https:\/\/radiorevelacionfm.cl\/?p=5861' aria-hidden='false' data-av_icon='\ue8fc' data-av_iconfont='entypo-fontello' title='' data-avia-related-tooltip='Compartir en LinkedIn' rel=\"noopener\"><span class='avia_hidden_link_text'>Compartir en LinkedIn<\/span><\/a><\/li><li class='av-share-link av-social-link-mail' ><a  aria-label=\"Compartir por correo\" href='mailto:?subject=M%C3%A1s%20de%2030%20mil%20solicitudes%20aprobadas%20del%20Bono%20de%20Alivio%20a%20micro%20y%20peque%C3%B1as%20empresas%20que%20comenz%C3%B3%20a%20medianoche&#038;body=https:\/\/radiorevelacionfm.cl\/?p=5861' aria-hidden='false' data-av_icon='\ue805' data-av_iconfont='entypo-fontello' title='' data-avia-related-tooltip='Compartir por correo'><span class='avia_hidden_link_text'>Compartir por correo<\/span><\/a><\/li><\/ul><\/div><\/div>\n<div  style='height:50px' class='hr hr-invisible   avia-builder-el-8  el_after_av_social_share  el_before_av_comments_list '><span class='hr-inner ' ><span class='hr-inner-style'><\/span><\/span><\/div>\n<div  class='av-buildercomment  av-blog-meta-html-info-disabled av-blog-meta-tag-disabled  '><\/div>\n","protected":false},"excerpt":{"rendered":"","protected":false},"author":1,"featured_media":0,"comment_status":"open","ping_status":"open","sticky":false,"template":"","format":"standard","meta":{"footnotes":""},"categories":[45],"tags":[],"class_list":["post-5861","post","type-post","status-publish","format-standard","hentry","category-comercio"],"jetpack_featured_media_url":"","_links":{"self":[{"href":"https:\/\/radiorevelacionfm.cl\/index.php?rest_route=\/wp\/v2\/posts\/5861","targetHints":{"allow":["GET"]}}],"collection":[{"href":"https:\/\/radiorevelacionfm.cl\/index.php?rest_route=\/wp\/v2\/posts"}],"about":[{"href":"https:\/\/radiorevelacionfm.cl\/index.php?rest_route=\/wp\/v2\/types\/post"}],"author":[{"embeddable":true,"href":"https:\/\/radiorevelacionfm.cl\/index.php?rest_route=\/wp\/v2\/users\/1"}],"replies":[{"embeddable":true,"href":"https:\/\/radiorevelacionfm.cl\/index.php?rest_route=%2Fwp%2Fv2%2Fcomments&post=5861"}],"version-history":[{"count":1,"href":"https:\/\/radiorevelacionfm.cl\/index.php?rest_route=\/wp\/v2\/posts\/5861\/revisions"}],"predecessor-version":[{"id":5863,"href":"https:\/\/radiorevelacionfm.cl\/index.php?rest_route=\/wp\/v2\/posts\/5861\/revisions\/5863"}],"wp:attachment":[{"href":"https:\/\/radiorevelacionfm.cl\/index.php?rest_route=%2Fwp%2Fv2%2Fmedia&parent=5861"}],"wp:term":[{"taxonomy":"category","embeddable":true,"href":"https:\/\/radiorevelacionfm.cl\/index.php?rest_route=%2Fwp%2Fv2%2Fcategories&post=5861"},{"taxonomy":"post_tag","embeddable":true,"href":"https:\/\/radiorevelacionfm.cl\/index.php?rest_route=%2Fwp%2Fv2%2Ftags&post=5861"}],"curies":[{"name":"wp","href":"https:\/\/api.w.org\/{rel}","templated":true}]}}