{"id":58606,"date":"2025-09-01T20:28:04","date_gmt":"2025-09-01T23:28:04","guid":{"rendered":"https:\/\/radiorevelacionfm.cl\/?p=58606"},"modified":"2025-09-01T20:28:04","modified_gmt":"2025-09-01T23:28:04","slug":"mountain-bike-junior-tuvo-su-primera-jornada-en-puerto-aysen-con-gran-participacion-familiar","status":"publish","type":"post","link":"https:\/\/radiorevelacionfm.cl\/?p=58606","title":{"rendered":"\u201cMountain Bike Junior\u201d tuvo su primera jornada en Puerto Ays\u00e9n con gran participaci\u00f3n familiar"},"content":{"rendered":"<div class=\"flex_column av_one_full  flex_column_div av-zero-column-padding first  avia-builder-el-0  el_before_av_one_full  avia-builder-el-first  \" style='border-radius:0px; '><div  class='avia-image-container  av-styling-    avia-builder-el-1  avia-builder-el-no-sibling  avia-align-center '  itemprop=\"image\" itemscope=\"itemscope\" itemtype=\"https:\/\/schema.org\/ImageObject\"  ><div class='avia-image-container-inner'><div class='avia-image-overlay-wrap'><img decoding=\"async\" class='wp-image-58607 avia-img-lazy-loading-not-58607 avia_image' src=\"https:\/\/radiorevelacionfm.cl\/wp-content\/uploads\/2025\/09\/mountain-3008-01-1_optimized-1.jpg\" alt='' title='mountain-3008-01-(1)_optimized (1)' height=\"600\" width=\"1067\"  itemprop=\"thumbnailUrl\" srcset=\"https:\/\/radiorevelacionfm.cl\/wp-content\/uploads\/2025\/09\/mountain-3008-01-1_optimized-1.jpg 1067w, https:\/\/radiorevelacionfm.cl\/wp-content\/uploads\/2025\/09\/mountain-3008-01-1_optimized-1-300x169.jpg 300w, https:\/\/radiorevelacionfm.cl\/wp-content\/uploads\/2025\/09\/mountain-3008-01-1_optimized-1-1030x579.jpg 1030w, https:\/\/radiorevelacionfm.cl\/wp-content\/uploads\/2025\/09\/mountain-3008-01-1_optimized-1-768x432.jpg 768w, https:\/\/radiorevelacionfm.cl\/wp-content\/uploads\/2025\/09\/mountain-3008-01-1_optimized-1-705x396.jpg 705w, https:\/\/radiorevelacionfm.cl\/wp-content\/uploads\/2025\/09\/mountain-3008-01-1_optimized-1-450x253.jpg 450w, https:\/\/radiorevelacionfm.cl\/wp-content\/uploads\/2025\/09\/mountain-3008-01-1_optimized-1-600x337.jpg 600w\" sizes=\"(max-width: 1067px) 100vw, 1067px\" \/><\/div><\/div><\/div><\/div><div class=\"flex_column av_one_full  flex_column_div av-zero-column-padding first  avia-builder-el-2  el_after_av_one_full  el_before_av_one_full  column-top-margin\" style='border-radius:0px; '><section class=\"av_textblock_section \"  itemscope=\"itemscope\" itemtype=\"https:\/\/schema.org\/BlogPosting\" itemprop=\"blogPost\" ><div class='avia_textblock  '   itemprop=\"text\" ><p style=\"text-align: center;\"><strong><span style=\"font-size: 18pt;\">\u201cMountain Bike Junior\u201d tuvo su primera jornada en Puerto Ays\u00e9n con gran participaci\u00f3n familiar<\/span><\/strong><\/p>\n<div id=\"gtx-trans\" style=\"position: absolute; left: -50px; top: 4.31534px;\">\n<div class=\"gtx-trans-icon\"><\/div>\n<\/div>\n<\/div><\/section><\/div><div class=\"flex_column av_one_full  flex_column_div av-zero-column-padding first  avia-builder-el-4  el_after_av_one_full  el_before_av_hr  column-top-margin\" style='border-radius:0px; '><section class=\"av_textblock_section \"  itemscope=\"itemscope\" itemtype=\"https:\/\/schema.org\/BlogPosting\" itemprop=\"blogPost\" ><div class='avia_textblock  '   itemprop=\"text\" ><p style=\"text-align: justify;\">Una verdadera fiesta deportiva se vivi\u00f3 el pasado s\u00e1bado en el Parque Municipal Isla D\u00edaz, donde ni\u00f1os, j\u00f3venes y familias completas disfrutaron de la primera jornada de \u201cMountain Bike Junior\u201d, organizada por la Corporaci\u00f3n de Deportes y Recreaci\u00f3n de la Municipalidad de Ays\u00e9n.<\/p>\n<p style=\"text-align: justify;\">El circuito, especialmente habilitado por el equipo del Polideportivo 21 de Abril, permiti\u00f3 que los peque\u00f1os ciclistas recorrieran diversas rutas y categor\u00edas por edades, bajo la gu\u00eda del destacado deportista y embajador de la Corporaci\u00f3n, Jos\u00e9 Luis \u201cPipo\u201d Rodr\u00edguez.<\/p>\n<p style=\"text-align: justify;\">El entusiasmo tambi\u00e9n se extendi\u00f3 a los padres, quienes espont\u00e1neamente realizaron carreras en bicicleta y a pie por la explanada, consolidando una jornada recreativa de car\u00e1cter familiar.<\/p>\n<p style=\"text-align: justify;\">Desde la Corporaci\u00f3n de Deportes, el Director Ejecutivo Jorge Villegas valor\u00f3 esta primera experiencia: \u201cSe gener\u00f3 esta primera instancia de Mountain Bike Junior, en la cual estamos entusiasmando a los ciclistas m\u00e1s peque\u00f1os de la comuna de Ays\u00e9n. Esto es fruto del taller gratuito que se realiza los martes y jueves en el Polideportivo junto al ciclista Jos\u00e9 Luis \u201cPipo\u201d Rodr\u00edguez. Estamos contentos con la participaci\u00f3n de las familias y felices de este primer paso que nos permitir\u00e1 generar nuevas convocatorias\u201d, se\u00f1al\u00f3.<\/p>\n<p style=\"text-align: justify;\">Villegas adelant\u00f3 adem\u00e1s que en las pr\u00f3ximas versiones se incluir\u00e1n premios sorpresa y alimentaci\u00f3n saludable, con el fin de motivar a\u00fan m\u00e1s la participaci\u00f3n y aprovechar los d\u00edas de primavera en la ciudad.<\/p>\n<p style=\"text-align: justify;\"><strong>El legado de \u201cPipo\u201d para los peque\u00f1os ayseninos<\/strong><\/p>\n<p style=\"text-align: justify;\">La actividad estuvo dirigida por Jos\u00e9 Luis Rodr\u00edguez Aguilar, seleccionado nacional en la modalidad de ciclismo de ruta, m\u00faltiple medallista nacional y panamericano, y representante ol\u00edmpico de Chile en los Juegos de R\u00edo 2016.<\/p>\n<p style=\"text-align: justify;\">Hoy, como embajador deportivo de la Corporaci\u00f3n de Deportes de Ays\u00e9n, pone su experiencia al servicio de la comunidad local, demostrando que el deporte puede transformar vidas: \u201cLo importante es que esta no sea una actividad aislada, sino que se mantenga en el tiempo para que los chicos tengan un objetivo y puedan seguir participando de los talleres gratuitos en el Polideportivo los martes y jueves, entre las 17:00 y 18:00 horas\u201d, subray\u00f3 Rodr\u00edguez.<\/p>\n<p style=\"text-align: justify;\">La jornada tambi\u00e9n tuvo un espacio para los testimonios de los propios ni\u00f1os y j\u00f3venes. Tom\u00e1s Matus, quien representar\u00e1 a la Regi\u00f3n de Ays\u00e9n en el Campeonato Nacional de Ciclismo Escolar, agradeci\u00f3 la oportunidad: \u201cEsto es gracias al Polideportivo y al \u201cT\u00edo Pipo\u201d por estos talleres. Ojal\u00e1 que en el futuro muchos m\u00e1s ni\u00f1os y ni\u00f1as representen a la regi\u00f3n y al pa\u00eds en esta disciplina\u201d.<\/p>\n<p style=\"text-align: justify;\">Este evento se suma al reciente viaje de la Corporaci\u00f3n y de Rodr\u00edguez a Islas Huichas, donde se realizaron talleres y encuentros con la juventud local, fortaleciendo el v\u00ednculo del deporte con la comunidad. Todo ello gracias a la gesti\u00f3n de la Corporaci\u00f3n de Deportes y Recreaci\u00f3n encabezada por su presidente, el alcalde Luis Mart\u00ednez Gallardo, quien ha impulsado la contrataci\u00f3n de este deportista de alto nivel para inspirar a los ayseninos en torno al deporte y la vida sana.<\/p>\n<\/div><\/section><\/div><div  style='height:50px' class='hr hr-invisible   avia-builder-el-6  el_after_av_one_full  el_before_av_social_share '><span class='hr-inner ' ><span class='hr-inner-style'><\/span><\/span><\/div><\/p>\n<div  class='av-social-sharing-box  avia-builder-el-7  el_after_av_hr  el_before_av_hr  '><div class='av-share-box'><h5 class='av-share-link-description av-no-toc '>Compartir esta noticia<\/h5><ul class='av-share-box-list noLightbox'><li class='av-share-link av-social-link-facebook' ><a target=\"_blank\" aria-label=\"Compartir en Facebook\" href='https:\/\/www.facebook.com\/sharer.php?u=https:\/\/radiorevelacionfm.cl\/?p=58606&#038;t=%E2%80%9CMountain%20Bike%20Junior%E2%80%9D%20tuvo%20su%20primera%20jornada%20en%20Puerto%20Ays%C3%A9n%20con%20gran%20participaci%C3%B3n%20familiar' aria-hidden='false' data-av_icon='\ue8f3' data-av_iconfont='entypo-fontello' title='' data-avia-related-tooltip='Compartir en Facebook' rel=\"noopener\"><span class='avia_hidden_link_text'>Compartir en Facebook<\/span><\/a><\/li><li class='av-share-link av-social-link-twitter' ><a target=\"_blank\" aria-label=\"Compartir en Twitter\" href='https:\/\/twitter.com\/share?text=%E2%80%9CMountain%20Bike%20Junior%E2%80%9D%20tuvo%20su%20primera%20jornada%20en%20Puerto%20Ays%C3%A9n%20con%20gran%20participaci%C3%B3n%20familiar&#038;url=https:\/\/radiorevelacionfm.cl\/?p=58606' aria-hidden='false' data-av_icon='\ue8f1' data-av_iconfont='entypo-fontello' title='' data-avia-related-tooltip='Compartir en Twitter' rel=\"noopener\"><span class='avia_hidden_link_text'>Compartir en Twitter<\/span><\/a><\/li><li class='av-share-link av-social-link-whatsapp' ><a target=\"_blank\" aria-label=\"Compartir en Whatsapp\" href='https:\/\/api.whatsapp.com\/send?text=https:\/\/radiorevelacionfm.cl\/?p=58606' aria-hidden='false' data-av_icon='\uf232' data-av_iconfont='entypo-fontello' title='' data-avia-related-tooltip='Compartir en Whatsapp' rel=\"noopener\"><span class='avia_hidden_link_text'>Compartir en Whatsapp<\/span><\/a><\/li><li class='av-share-link av-social-link-linkedin' ><a target=\"_blank\" aria-label=\"Compartir en LinkedIn\" href='https:\/\/linkedin.com\/shareArticle?mini=true&#038;title=%E2%80%9CMountain%20Bike%20Junior%E2%80%9D%20tuvo%20su%20primera%20jornada%20en%20Puerto%20Ays%C3%A9n%20con%20gran%20participaci%C3%B3n%20familiar&#038;url=https:\/\/radiorevelacionfm.cl\/?p=58606' aria-hidden='false' data-av_icon='\ue8fc' data-av_iconfont='entypo-fontello' title='' data-avia-related-tooltip='Compartir en LinkedIn' rel=\"noopener\"><span class='avia_hidden_link_text'>Compartir en LinkedIn<\/span><\/a><\/li><li class='av-share-link av-social-link-mail' ><a  aria-label=\"Compartir por correo\" href='mailto:?subject=%E2%80%9CMountain%20Bike%20Junior%E2%80%9D%20tuvo%20su%20primera%20jornada%20en%20Puerto%20Ays%C3%A9n%20con%20gran%20participaci%C3%B3n%20familiar&#038;body=https:\/\/radiorevelacionfm.cl\/?p=58606' aria-hidden='false' data-av_icon='\ue805' data-av_iconfont='entypo-fontello' title='' data-avia-related-tooltip='Compartir por correo'><span class='avia_hidden_link_text'>Compartir por correo<\/span><\/a><\/li><\/ul><\/div><\/div>\n<div  style='height:50px' class='hr hr-invisible   avia-builder-el-8  el_after_av_social_share  el_before_av_comments_list '><span class='hr-inner ' ><span class='hr-inner-style'><\/span><\/span><\/div>\n<div  class='av-buildercomment  av-blog-meta-html-info-disabled av-blog-meta-tag-disabled  '><\/div>\n","protected":false},"excerpt":{"rendered":"","protected":false},"author":1,"featured_media":58607,"comment_status":"closed","ping_status":"closed","sticky":false,"template":"","format":"standard","meta":{"footnotes":""},"categories":[38],"tags":[],"class_list":["post-58606","post","type-post","status-publish","format-standard","has-post-thumbnail","hentry","category-regional"],"jetpack_featured_media_url":"https:\/\/radiorevelacionfm.cl\/wp-content\/uploads\/2025\/09\/mountain-3008-01-1_optimized-1.jpg","_links":{"self":[{"href":"https:\/\/radiorevelacionfm.cl\/index.php?rest_route=\/wp\/v2\/posts\/58606","targetHints":{"allow":["GET"]}}],"collection":[{"href":"https:\/\/radiorevelacionfm.cl\/index.php?rest_route=\/wp\/v2\/posts"}],"about":[{"href":"https:\/\/radiorevelacionfm.cl\/index.php?rest_route=\/wp\/v2\/types\/post"}],"author":[{"embeddable":true,"href":"https:\/\/radiorevelacionfm.cl\/index.php?rest_route=\/wp\/v2\/users\/1"}],"replies":[{"embeddable":true,"href":"https:\/\/radiorevelacionfm.cl\/index.php?rest_route=%2Fwp%2Fv2%2Fcomments&post=58606"}],"version-history":[{"count":2,"href":"https:\/\/radiorevelacionfm.cl\/index.php?rest_route=\/wp\/v2\/posts\/58606\/revisions"}],"predecessor-version":[{"id":58609,"href":"https:\/\/radiorevelacionfm.cl\/index.php?rest_route=\/wp\/v2\/posts\/58606\/revisions\/58609"}],"wp:featuredmedia":[{"embeddable":true,"href":"https:\/\/radiorevelacionfm.cl\/index.php?rest_route=\/wp\/v2\/media\/58607"}],"wp:attachment":[{"href":"https:\/\/radiorevelacionfm.cl\/index.php?rest_route=%2Fwp%2Fv2%2Fmedia&parent=58606"}],"wp:term":[{"taxonomy":"category","embeddable":true,"href":"https:\/\/radiorevelacionfm.cl\/index.php?rest_route=%2Fwp%2Fv2%2Fcategories&post=58606"},{"taxonomy":"post_tag","embeddable":true,"href":"https:\/\/radiorevelacionfm.cl\/index.php?rest_route=%2Fwp%2Fv2%2Ftags&post=58606"}],"curies":[{"name":"wp","href":"https:\/\/api.w.org\/{rel}","templated":true}]}}