{"id":58602,"date":"2025-09-02T10:26:55","date_gmt":"2025-09-02T13:26:55","guid":{"rendered":"https:\/\/radiorevelacionfm.cl\/?p=58602"},"modified":"2025-09-02T10:26:55","modified_gmt":"2025-09-02T13:26:55","slug":"carabineros-de-aysen-rinde-homenaje-a-sus-suboficiales-mayores-y-confiere-la-medalla-honor-y-lealtad","status":"publish","type":"post","link":"https:\/\/radiorevelacionfm.cl\/?p=58602","title":{"rendered":"Carabineros de Ays\u00e9n rinde homenaje a sus Suboficiales Mayores y confiere la medalla \u00abHonor y Lealtad\u00bb"},"content":{"rendered":"<div class=\"flex_column av_one_full  flex_column_div av-zero-column-padding first  avia-builder-el-0  el_before_av_one_full  avia-builder-el-first  \" style='border-radius:0px; '><div  class='avia-image-container  av-styling-    avia-builder-el-1  avia-builder-el-no-sibling  avia-align-center '  itemprop=\"image\" itemscope=\"itemscope\" itemtype=\"https:\/\/schema.org\/ImageObject\"  ><div class='avia-image-container-inner'><div class='avia-image-overlay-wrap'><img decoding=\"async\" class='wp-image-58603 avia-img-lazy-loading-not-58603 avia_image' src=\"https:\/\/radiorevelacionfm.cl\/wp-content\/uploads\/2025\/09\/GzxpUWqXwAAE68F-1-1.jpg\" alt='' title='GzxpUWqXwAAE68F (1) (1)' height=\"600\" width=\"883\"  itemprop=\"thumbnailUrl\" srcset=\"https:\/\/radiorevelacionfm.cl\/wp-content\/uploads\/2025\/09\/GzxpUWqXwAAE68F-1-1.jpg 883w, https:\/\/radiorevelacionfm.cl\/wp-content\/uploads\/2025\/09\/GzxpUWqXwAAE68F-1-1-300x204.jpg 300w, https:\/\/radiorevelacionfm.cl\/wp-content\/uploads\/2025\/09\/GzxpUWqXwAAE68F-1-1-768x522.jpg 768w, https:\/\/radiorevelacionfm.cl\/wp-content\/uploads\/2025\/09\/GzxpUWqXwAAE68F-1-1-705x479.jpg 705w, https:\/\/radiorevelacionfm.cl\/wp-content\/uploads\/2025\/09\/GzxpUWqXwAAE68F-1-1-450x306.jpg 450w, https:\/\/radiorevelacionfm.cl\/wp-content\/uploads\/2025\/09\/GzxpUWqXwAAE68F-1-1-600x408.jpg 600w\" sizes=\"(max-width: 883px) 100vw, 883px\" \/><\/div><\/div><\/div><\/div><div class=\"flex_column av_one_full  flex_column_div av-zero-column-padding first  avia-builder-el-2  el_after_av_one_full  el_before_av_one_full  column-top-margin\" style='border-radius:0px; '><section class=\"av_textblock_section \"  itemscope=\"itemscope\" itemtype=\"https:\/\/schema.org\/BlogPosting\" itemprop=\"blogPost\" ><div class='avia_textblock  '   itemprop=\"text\" ><p style=\"text-align: center;\"><strong><span style=\"font-size: 18pt;\">Carabineros de Ays\u00e9n rinde homenaje a sus Suboficiales Mayores y confiere la medalla \u00abHonor y Lealtad\u00bb<\/span><\/strong><\/p>\n<div id=\"gtx-trans\" style=\"position: absolute; left: -50px; top: 4.31534px;\">\n<div class=\"gtx-trans-icon\"><\/div>\n<\/div>\n<\/div><\/section><\/div><div class=\"flex_column av_one_full  flex_column_div av-zero-column-padding first  avia-builder-el-4  el_after_av_one_full  el_before_av_hr  column-top-margin\" style='border-radius:0px; '><section class=\"av_textblock_section \"  itemscope=\"itemscope\" itemtype=\"https:\/\/schema.org\/BlogPosting\" itemprop=\"blogPost\" ><div class='avia_textblock  '   itemprop=\"text\" ><ul>\n<li dir=\"ltr\">\n<p dir=\"ltr\" style=\"text-align: justify;\" role=\"presentation\"><em>El Jefe de Zona de Ays\u00e9n, General Eduardo Palma Fuentes, destac\u00f3 la importancia de los Suboficiales Mayores en la l\u00ednea de mando, sirviendo con honor y lealtad, y constituyendo una fuente de inspiraci\u00f3n y doctrina para las nuevas generaciones.<\/em><\/p>\n<\/li>\n<\/ul>\n<p dir=\"ltr\" style=\"text-align: justify;\">Con el inicio del mes de la patria, Carabineros conmemora cada 1 de septiembre el D\u00eda del Suboficial Mayor, una fecha que constituye un hito en el quehacer institucional. Es un d\u00eda para reconocer a aquellos hombres y mujeres de verde uniforme que han alcanzado el m\u00e1s alto grado jer\u00e1rquico en el escalaf\u00f3n de nombramiento institucional.<\/p>\n<p dir=\"ltr\" style=\"text-align: justify;\">En todos los cuarteles de la regi\u00f3n de Ays\u00e9n y del pa\u00eds, se realizaron ceremonias para reconocer y enaltecer la contribuci\u00f3n diaria de los Suboficiales Mayores y su importancia en la cadena de mando.<\/p>\n<p dir=\"ltr\" style=\"text-align: justify;\">En la 1ra Comisar\u00eda de Carabineros de Coyhaique se llev\u00f3 a cabo una ceremonia presidida por el Jefe de la Zona de Ays\u00e9n, General Eduardo Palma Fuentes, en compa\u00f1\u00eda del mando de la Prefectura de Ays\u00e9n y el C\u00edrculo de Alguaciles. La jornada comenz\u00f3 con un minuto de silencio en memoria de los m\u00e1rtires, quienes a lo largo de la historia han ofrecido su vida en defensa del orden y de la patria.<\/p>\n<p dir=\"ltr\" style=\"text-align: justify;\">El Suboficial Mayor representa mucho m\u00e1s que un grado. Son gu\u00edas y maestros del personal subalterno, guardianes de la tradici\u00f3n, y poseedores de virtudes, conocimientos, lealtad y disciplina. Inspiran confianza en la comunidad y cohesi\u00f3n en las filas, convirti\u00e9ndose en un ejemplo para las nuevas generaciones de carabineros.<\/p>\n<p dir=\"ltr\" style=\"text-align: justify;\">Reconocimientos<\/p>\n<p dir=\"ltr\" style=\"text-align: justify;\">Durante la ceremonia, el General Eduardo Palma entreg\u00f3 la medalla \u00abHonor y Lealtad\u00bb a la Suboficial Mayor Carmen Gonz\u00e1lez Navarrete , quien tiene 29 a\u00f1os de servicio y se desempe\u00f1a en la Autoridad Fiscalizadora de la 1ra Comisar\u00eda de Coyhaique. La distinci\u00f3n reconoce su liderazgo y profesionalismo en el desempe\u00f1o de funciones de alta complejidad.<\/p>\n<p dir=\"ltr\" style=\"text-align: justify;\">Asimismo, fue condecorado con esta medalla el Suboficial Mayor Ren\u00e9 Quijada N\u00fa\u00f1ez , actual jefe del Ret\u00e9n El Blanco, quien con 32 a\u00f1os de experiencia ha cumplido funciones en M\u00faltiples unidades, desde Arica hasta Coyhaique. Se destac\u00f3 su capacidad para conjugar la cercan\u00eda con la comunidad y la firmeza en el mando, demostrando honor y lealtad en cada una de sus funciones.<\/p>\n<p dir=\"ltr\" style=\"text-align: justify;\">El General Eduardo Palma enfatiz\u00f3 que los suboficiales mayores \u00abconstituyen la historia y la memoria viviente de Carabineros de Chile\u00bb. \u00abNuestra hermosa y s\u00f3lida instituci\u00f3n es el fruto de lo que ustedes \u2014nuestros homenajeados de ayer y de hoy\u2014 han construido con solidez, ajust\u00e1ndose a los nuevos tiempos\u00bb, indic\u00f3.<\/p>\n<p dir=\"ltr\" style=\"text-align: justify;\">Internalizar la doctrina institucional en las nuevas generaciones requiere un gran esfuerzo, y los suboficiales mayores son, hoy como ayer, fundamentales para transmitir sus experiencias a los nuevos carabineros.<\/p>\n<\/div><\/section><\/div><div  style='height:50px' class='hr hr-invisible   avia-builder-el-6  el_after_av_one_full  el_before_av_social_share '><span class='hr-inner ' ><span class='hr-inner-style'><\/span><\/span><\/div><\/p>\n<div  class='av-social-sharing-box  avia-builder-el-7  el_after_av_hr  el_before_av_hr  '><div class='av-share-box'><h5 class='av-share-link-description av-no-toc '>Compartir esta noticia<\/h5><ul class='av-share-box-list noLightbox'><li class='av-share-link av-social-link-facebook' ><a target=\"_blank\" aria-label=\"Compartir en Facebook\" href='https:\/\/www.facebook.com\/sharer.php?u=https:\/\/radiorevelacionfm.cl\/?p=58602&#038;t=Carabineros%20de%20Ays%C3%A9n%20rinde%20homenaje%20a%20sus%20Suboficiales%20Mayores%20y%20confiere%20la%20medalla%20%C2%ABHonor%20y%20Lealtad%C2%BB' aria-hidden='false' data-av_icon='\ue8f3' data-av_iconfont='entypo-fontello' title='' data-avia-related-tooltip='Compartir en Facebook' rel=\"noopener\"><span class='avia_hidden_link_text'>Compartir en Facebook<\/span><\/a><\/li><li class='av-share-link av-social-link-twitter' ><a target=\"_blank\" aria-label=\"Compartir en Twitter\" href='https:\/\/twitter.com\/share?text=Carabineros%20de%20Ays%C3%A9n%20rinde%20homenaje%20a%20sus%20Suboficiales%20Mayores%20y%20confiere%20la%20medalla%20%C2%ABHonor%20y%20Lealtad%C2%BB&#038;url=https:\/\/radiorevelacionfm.cl\/?p=58602' aria-hidden='false' data-av_icon='\ue8f1' data-av_iconfont='entypo-fontello' title='' data-avia-related-tooltip='Compartir en Twitter' rel=\"noopener\"><span class='avia_hidden_link_text'>Compartir en Twitter<\/span><\/a><\/li><li class='av-share-link av-social-link-whatsapp' ><a target=\"_blank\" aria-label=\"Compartir en Whatsapp\" href='https:\/\/api.whatsapp.com\/send?text=https:\/\/radiorevelacionfm.cl\/?p=58602' aria-hidden='false' data-av_icon='\uf232' data-av_iconfont='entypo-fontello' title='' data-avia-related-tooltip='Compartir en Whatsapp' rel=\"noopener\"><span class='avia_hidden_link_text'>Compartir en Whatsapp<\/span><\/a><\/li><li class='av-share-link av-social-link-linkedin' ><a target=\"_blank\" aria-label=\"Compartir en LinkedIn\" href='https:\/\/linkedin.com\/shareArticle?mini=true&#038;title=Carabineros%20de%20Ays%C3%A9n%20rinde%20homenaje%20a%20sus%20Suboficiales%20Mayores%20y%20confiere%20la%20medalla%20%C2%ABHonor%20y%20Lealtad%C2%BB&#038;url=https:\/\/radiorevelacionfm.cl\/?p=58602' aria-hidden='false' data-av_icon='\ue8fc' data-av_iconfont='entypo-fontello' title='' data-avia-related-tooltip='Compartir en LinkedIn' rel=\"noopener\"><span class='avia_hidden_link_text'>Compartir en LinkedIn<\/span><\/a><\/li><li class='av-share-link av-social-link-mail' ><a  aria-label=\"Compartir por correo\" href='mailto:?subject=Carabineros%20de%20Ays%C3%A9n%20rinde%20homenaje%20a%20sus%20Suboficiales%20Mayores%20y%20confiere%20la%20medalla%20%C2%ABHonor%20y%20Lealtad%C2%BB&#038;body=https:\/\/radiorevelacionfm.cl\/?p=58602' aria-hidden='false' data-av_icon='\ue805' data-av_iconfont='entypo-fontello' title='' data-avia-related-tooltip='Compartir por correo'><span class='avia_hidden_link_text'>Compartir por correo<\/span><\/a><\/li><\/ul><\/div><\/div>\n<div  style='height:50px' class='hr hr-invisible   avia-builder-el-8  el_after_av_social_share  el_before_av_comments_list '><span class='hr-inner ' ><span class='hr-inner-style'><\/span><\/span><\/div>\n<div  class='av-buildercomment  av-blog-meta-html-info-disabled av-blog-meta-tag-disabled  '><\/div>\n","protected":false},"excerpt":{"rendered":"","protected":false},"author":1,"featured_media":58603,"comment_status":"closed","ping_status":"closed","sticky":false,"template":"","format":"standard","meta":{"footnotes":""},"categories":[36],"tags":[],"class_list":["post-58602","post","type-post","status-publish","format-standard","has-post-thumbnail","hentry","category-policial"],"jetpack_featured_media_url":"https:\/\/radiorevelacionfm.cl\/wp-content\/uploads\/2025\/09\/GzxpUWqXwAAE68F-1-1.jpg","_links":{"self":[{"href":"https:\/\/radiorevelacionfm.cl\/index.php?rest_route=\/wp\/v2\/posts\/58602","targetHints":{"allow":["GET"]}}],"collection":[{"href":"https:\/\/radiorevelacionfm.cl\/index.php?rest_route=\/wp\/v2\/posts"}],"about":[{"href":"https:\/\/radiorevelacionfm.cl\/index.php?rest_route=\/wp\/v2\/types\/post"}],"author":[{"embeddable":true,"href":"https:\/\/radiorevelacionfm.cl\/index.php?rest_route=\/wp\/v2\/users\/1"}],"replies":[{"embeddable":true,"href":"https:\/\/radiorevelacionfm.cl\/index.php?rest_route=%2Fwp%2Fv2%2Fcomments&post=58602"}],"version-history":[{"count":2,"href":"https:\/\/radiorevelacionfm.cl\/index.php?rest_route=\/wp\/v2\/posts\/58602\/revisions"}],"predecessor-version":[{"id":58619,"href":"https:\/\/radiorevelacionfm.cl\/index.php?rest_route=\/wp\/v2\/posts\/58602\/revisions\/58619"}],"wp:featuredmedia":[{"embeddable":true,"href":"https:\/\/radiorevelacionfm.cl\/index.php?rest_route=\/wp\/v2\/media\/58603"}],"wp:attachment":[{"href":"https:\/\/radiorevelacionfm.cl\/index.php?rest_route=%2Fwp%2Fv2%2Fmedia&parent=58602"}],"wp:term":[{"taxonomy":"category","embeddable":true,"href":"https:\/\/radiorevelacionfm.cl\/index.php?rest_route=%2Fwp%2Fv2%2Fcategories&post=58602"},{"taxonomy":"post_tag","embeddable":true,"href":"https:\/\/radiorevelacionfm.cl\/index.php?rest_route=%2Fwp%2Fv2%2Ftags&post=58602"}],"curies":[{"name":"wp","href":"https:\/\/api.w.org\/{rel}","templated":true}]}}