{"id":58599,"date":"2025-09-01T20:15:32","date_gmt":"2025-09-01T23:15:32","guid":{"rendered":"https:\/\/radiorevelacionfm.cl\/?p=58599"},"modified":"2025-09-01T20:15:32","modified_gmt":"2025-09-01T23:15:32","slug":"gobierno-regional-impulsa-la-construccion-de-siete-miradores-turisticos-en-la-carretera-austral","status":"publish","type":"post","link":"https:\/\/radiorevelacionfm.cl\/?p=58599","title":{"rendered":"Gobierno Regional impulsa la construcci\u00f3n de siete miradores tur\u00edsticos en la Carretera Austral"},"content":{"rendered":"<div class=\"flex_column av_one_full  flex_column_div av-zero-column-padding first  avia-builder-el-0  el_before_av_one_full  avia-builder-el-first  \" style='border-radius:0px; '><div  class='avia-image-container  av-styling-    avia-builder-el-1  avia-builder-el-no-sibling  avia-align-center '  itemprop=\"image\" itemscope=\"itemscope\" itemtype=\"https:\/\/schema.org\/ImageObject\"  ><div class='avia-image-container-inner'><div class='avia-image-overlay-wrap'><img decoding=\"async\" class='wp-image-58600 avia-img-lazy-loading-not-58600 avia_image' src=\"https:\/\/radiorevelacionfm.cl\/wp-content\/uploads\/2025\/09\/proyecto-miradores-4-1_optimized.jpg\" alt='' title='proyecto-miradores-4-(1)_optimized' height=\"600\" width=\"899\"  itemprop=\"thumbnailUrl\" srcset=\"https:\/\/radiorevelacionfm.cl\/wp-content\/uploads\/2025\/09\/proyecto-miradores-4-1_optimized.jpg 899w, https:\/\/radiorevelacionfm.cl\/wp-content\/uploads\/2025\/09\/proyecto-miradores-4-1_optimized-300x200.jpg 300w, https:\/\/radiorevelacionfm.cl\/wp-content\/uploads\/2025\/09\/proyecto-miradores-4-1_optimized-768x513.jpg 768w, https:\/\/radiorevelacionfm.cl\/wp-content\/uploads\/2025\/09\/proyecto-miradores-4-1_optimized-705x471.jpg 705w, https:\/\/radiorevelacionfm.cl\/wp-content\/uploads\/2025\/09\/proyecto-miradores-4-1_optimized-450x300.jpg 450w, https:\/\/radiorevelacionfm.cl\/wp-content\/uploads\/2025\/09\/proyecto-miradores-4-1_optimized-600x400.jpg 600w\" sizes=\"(max-width: 899px) 100vw, 899px\" \/><\/div><\/div><\/div><\/div><div class=\"flex_column av_one_full  flex_column_div av-zero-column-padding first  avia-builder-el-2  el_after_av_one_full  el_before_av_one_full  column-top-margin\" style='border-radius:0px; '><section class=\"av_textblock_section \"  itemscope=\"itemscope\" itemtype=\"https:\/\/schema.org\/BlogPosting\" itemprop=\"blogPost\" ><div class='avia_textblock  '   itemprop=\"text\" ><p style=\"text-align: center;\"><span style=\"font-size: 18pt;\"><strong>Gobierno Regional impulsa la construcci\u00f3n de siete miradores tur\u00edsticos en la Carretera Austral<\/strong><\/span><\/p>\n<div id=\"gtx-trans\" style=\"position: absolute; left: -50px; top: 4.31534px;\">\n<div class=\"gtx-trans-icon\"><\/div>\n<\/div>\n<\/div><\/section><\/div><div class=\"flex_column av_one_full  flex_column_div av-zero-column-padding first  avia-builder-el-4  el_after_av_one_full  el_before_av_hr  column-top-margin\" style='border-radius:0px; '><section class=\"av_textblock_section \"  itemscope=\"itemscope\" itemtype=\"https:\/\/schema.org\/BlogPosting\" itemprop=\"blogPost\" ><div class='avia_textblock  '   itemprop=\"text\" ><p style=\"text-align: justify;\">El proyecto, trabajado en conjunto con el Ministerio de Obras P\u00fablicas y el Servicio Nacional de Turismo, comenzar\u00e1 con el Mirador General Marchant y el Mirador \u00d1irehuao, ambos en la comuna de Coyhaique.<\/p>\n<p style=\"text-align: justify;\">Con la vista panor\u00e1mica de la ciudad de Coyhaique, el Gobierno Regional de Ays\u00e9n, el Ministerio de Obras P\u00fablicas y el Servicio Nacional de Turismo (Sernatur), realizaron el hito de inicio de la construcci\u00f3n de siete miradores de la Regi\u00f3n de Ays\u00e9n, instancia en la cual las autoridades firmaron el acta de la entrega de terrenos en el Mirador General Marchant.<\/p>\n<p style=\"text-align: justify;\">Los siete miradores contemplan una inversi\u00f3n de 5 mil millones de pesos, financiados por el Gobierno Regional de Ays\u00e9n. La primera etapa consiste en la construcci\u00f3n del Mirador General Marchant y el Mirador de \u00d1irehuao por un monto de M$1.192.591.<\/p>\n<p style=\"text-align: justify;\">El gobernador regional de Ays\u00e9n, Marcelo Santana Vargas, abord\u00f3 el impacto del sector turismo en la regi\u00f3n: \u201cNos comprometimos desde el inicio con este proyecto de miradores tur\u00edsticos en la Regi\u00f3n de Ays\u00e9n. Hoy d\u00eda estamos partiendo con la entrega de terrenos, que va a permitir construir los dos primeros: Mirador Marchant y \u00d1irehuao. Dentro de las pr\u00f3ximas semanas, podremos continuar con la entrega de terreno para la construcci\u00f3n de tres miradores en la comuna de R\u00edo Ib\u00e1\u00f1ez y esperamos, hacia fin de este tercer trimestre, poder estar tambi\u00e9n comenzando la construcci\u00f3n de los miradores en Cisnes, con lo que concretar\u00edamos este proyecto dentro de los primeros 10 meses de nuestra gesti\u00f3n\u201d.<\/p>\n<p style=\"text-align: justify;\">Los miradores consideran, entre otras caracter\u00edsticas, acceso universal, estacionamiento, plataforma peatonal y de bicicletas, pasarela de recorrido y mirador elevado, que permitir\u00e1 apreciar de manera segura y panor\u00e1mica los atractivos paisaj\u00edsticos de la Carretera Austral.<\/p>\n<p style=\"text-align: justify;\">El director nacional de Sernatur, Crist\u00f3bal Ben\u00edtez Villafranca, destac\u00f3 el aporte de esta infraestructura al turismo: \u201cEstoy contento que por fin estamos dando la primera piedra de la primera etapa del proyecto de miradores, que son siete miradores en tres comunas de la Regi\u00f3n de Ays\u00e9n, que van a estar recorriendo la Carretera Austral. Tambi\u00e9n, eso permite ir vistiendo esta declaratoria de ruta esc\u00e9nica de la Carretera Austral, porque son miradores que est\u00e1n pensados tur\u00edsticamente para que la gente pueda disfrutar, conocer el paisaje con infraestructura pensada para el turismo\u201d.<\/p>\n<p style=\"text-align: justify;\">En tanto que la secretaria regional de Ays\u00e9n del Ministerio de Obras P\u00fablicas, Paloma Jara Vald\u00e9s, relev\u00f3 la importancia de la accesibilidad en la infraestructura: \u201cEl proyecto es el mejoramiento de dos miradores, en este caso, el Mirador Marchant y tambi\u00e9n el de \u00d1irehuao. En ambos casos, vamos a tener infraestructura que es de accesibilidad universal, es decir, que va a permitir que puedan acceder personas con situaci\u00f3n de discapacidad. Tambi\u00e9n, nuestros adultos mayores, las mam\u00e1s que vienen con coches, de manera que podamos hacer m\u00e1s accesible para todos los ciudadanos y ciudadanas de Ays\u00e9n nuestra infraestructura p\u00fablica\u201d.<\/p>\n<p style=\"text-align: justify;\">En la instancia, tambi\u00e9n estuvo presente el consejero regional por la provincia de General Carrera, Arcadio Soto, quien se refiri\u00f3 al impacto econ\u00f3mico de este tipo de proyectos: \u201cEs muy importante poner en valor los atractivos tur\u00edsticos que poseemos y esta infraestructura va a permitir, por un lado, generar empleo, pero tambi\u00e9n poder desarrollar de mejor manera la experiencias tur\u00edsticas a lo largo de la regi\u00f3n. Como Consejo Regional nos importa mucho poder haber aprobado estos recursos y poder financiar este tipo de obras que, sin lugar a dudas, van a permitir un mejor desarrollo para toda la Regi\u00f3n de Ays\u00e9n.<\/p>\n<p style=\"text-align: justify;\"><strong>Listado de miradores<\/strong><\/p>\n<ol>\n<li style=\"text-align: justify;\">R\u00edo Cisnes, Ruta X-24<\/li>\n<li style=\"text-align: justify;\">Caj\u00f3n R\u00edo Cisnes, Ruta 7<\/li>\n<li style=\"text-align: justify;\">\u00d1irehuao, Ruta X-445<\/li>\n<li style=\"text-align: justify;\">General Marchant, Ruta 7<\/li>\n<li style=\"text-align: justify;\">Cerro Castillo Cuesta Del Diablo, Ruta 7<\/li>\n<li style=\"text-align: justify;\">Cerro Castillo, Ruta 7,<\/li>\n<li style=\"text-align: justify;\">Salto R\u00edo Ib\u00e1\u00f1ez, Ruta X-723<\/li>\n<\/ol>\n<\/div><\/section><\/div><div  style='height:50px' class='hr hr-invisible   avia-builder-el-6  el_after_av_one_full  el_before_av_social_share '><span class='hr-inner ' ><span class='hr-inner-style'><\/span><\/span><\/div><\/p>\n<div  class='av-social-sharing-box  avia-builder-el-7  el_after_av_hr  el_before_av_hr  '><div class='av-share-box'><h5 class='av-share-link-description av-no-toc '>Compartir esta noticia<\/h5><ul class='av-share-box-list noLightbox'><li class='av-share-link av-social-link-facebook' ><a target=\"_blank\" aria-label=\"Compartir en Facebook\" href='https:\/\/www.facebook.com\/sharer.php?u=https:\/\/radiorevelacionfm.cl\/?p=58599&#038;t=Gobierno%20Regional%20impulsa%20la%20construcci%C3%B3n%20de%20siete%20miradores%20tur%C3%ADsticos%20en%20la%20Carretera%20Austral' aria-hidden='false' data-av_icon='\ue8f3' data-av_iconfont='entypo-fontello' title='' data-avia-related-tooltip='Compartir en Facebook' rel=\"noopener\"><span class='avia_hidden_link_text'>Compartir en Facebook<\/span><\/a><\/li><li class='av-share-link av-social-link-twitter' ><a target=\"_blank\" aria-label=\"Compartir en Twitter\" href='https:\/\/twitter.com\/share?text=Gobierno%20Regional%20impulsa%20la%20construcci%C3%B3n%20de%20siete%20miradores%20tur%C3%ADsticos%20en%20la%20Carretera%20Austral&#038;url=https:\/\/radiorevelacionfm.cl\/?p=58599' aria-hidden='false' data-av_icon='\ue8f1' data-av_iconfont='entypo-fontello' title='' data-avia-related-tooltip='Compartir en Twitter' rel=\"noopener\"><span class='avia_hidden_link_text'>Compartir en Twitter<\/span><\/a><\/li><li class='av-share-link av-social-link-whatsapp' ><a target=\"_blank\" aria-label=\"Compartir en Whatsapp\" href='https:\/\/api.whatsapp.com\/send?text=https:\/\/radiorevelacionfm.cl\/?p=58599' aria-hidden='false' data-av_icon='\uf232' data-av_iconfont='entypo-fontello' title='' data-avia-related-tooltip='Compartir en Whatsapp' rel=\"noopener\"><span class='avia_hidden_link_text'>Compartir en Whatsapp<\/span><\/a><\/li><li class='av-share-link av-social-link-linkedin' ><a target=\"_blank\" aria-label=\"Compartir en LinkedIn\" href='https:\/\/linkedin.com\/shareArticle?mini=true&#038;title=Gobierno%20Regional%20impulsa%20la%20construcci%C3%B3n%20de%20siete%20miradores%20tur%C3%ADsticos%20en%20la%20Carretera%20Austral&#038;url=https:\/\/radiorevelacionfm.cl\/?p=58599' aria-hidden='false' data-av_icon='\ue8fc' data-av_iconfont='entypo-fontello' title='' data-avia-related-tooltip='Compartir en LinkedIn' rel=\"noopener\"><span class='avia_hidden_link_text'>Compartir en LinkedIn<\/span><\/a><\/li><li class='av-share-link av-social-link-mail' ><a  aria-label=\"Compartir por correo\" href='mailto:?subject=Gobierno%20Regional%20impulsa%20la%20construcci%C3%B3n%20de%20siete%20miradores%20tur%C3%ADsticos%20en%20la%20Carretera%20Austral&#038;body=https:\/\/radiorevelacionfm.cl\/?p=58599' aria-hidden='false' data-av_icon='\ue805' data-av_iconfont='entypo-fontello' title='' data-avia-related-tooltip='Compartir por correo'><span class='avia_hidden_link_text'>Compartir por correo<\/span><\/a><\/li><\/ul><\/div><\/div>\n<div  style='height:50px' class='hr hr-invisible   avia-builder-el-8  el_after_av_social_share  el_before_av_comments_list '><span class='hr-inner ' ><span class='hr-inner-style'><\/span><\/span><\/div>\n<div  class='av-buildercomment  av-blog-meta-html-info-disabled av-blog-meta-tag-disabled  '><\/div>\n","protected":false},"excerpt":{"rendered":"","protected":false},"author":1,"featured_media":58600,"comment_status":"closed","ping_status":"closed","sticky":false,"template":"","format":"standard","meta":{"footnotes":""},"categories":[38],"tags":[],"class_list":["post-58599","post","type-post","status-publish","format-standard","has-post-thumbnail","hentry","category-regional"],"jetpack_featured_media_url":"https:\/\/radiorevelacionfm.cl\/wp-content\/uploads\/2025\/09\/proyecto-miradores-4-1_optimized.jpg","_links":{"self":[{"href":"https:\/\/radiorevelacionfm.cl\/index.php?rest_route=\/wp\/v2\/posts\/58599","targetHints":{"allow":["GET"]}}],"collection":[{"href":"https:\/\/radiorevelacionfm.cl\/index.php?rest_route=\/wp\/v2\/posts"}],"about":[{"href":"https:\/\/radiorevelacionfm.cl\/index.php?rest_route=\/wp\/v2\/types\/post"}],"author":[{"embeddable":true,"href":"https:\/\/radiorevelacionfm.cl\/index.php?rest_route=\/wp\/v2\/users\/1"}],"replies":[{"embeddable":true,"href":"https:\/\/radiorevelacionfm.cl\/index.php?rest_route=%2Fwp%2Fv2%2Fcomments&post=58599"}],"version-history":[{"count":2,"href":"https:\/\/radiorevelacionfm.cl\/index.php?rest_route=\/wp\/v2\/posts\/58599\/revisions"}],"predecessor-version":[{"id":58605,"href":"https:\/\/radiorevelacionfm.cl\/index.php?rest_route=\/wp\/v2\/posts\/58599\/revisions\/58605"}],"wp:featuredmedia":[{"embeddable":true,"href":"https:\/\/radiorevelacionfm.cl\/index.php?rest_route=\/wp\/v2\/media\/58600"}],"wp:attachment":[{"href":"https:\/\/radiorevelacionfm.cl\/index.php?rest_route=%2Fwp%2Fv2%2Fmedia&parent=58599"}],"wp:term":[{"taxonomy":"category","embeddable":true,"href":"https:\/\/radiorevelacionfm.cl\/index.php?rest_route=%2Fwp%2Fv2%2Fcategories&post=58599"},{"taxonomy":"post_tag","embeddable":true,"href":"https:\/\/radiorevelacionfm.cl\/index.php?rest_route=%2Fwp%2Fv2%2Ftags&post=58599"}],"curies":[{"name":"wp","href":"https:\/\/api.w.org\/{rel}","templated":true}]}}