{"id":58595,"date":"2025-09-01T21:00:50","date_gmt":"2025-09-02T00:00:50","guid":{"rendered":"https:\/\/radiorevelacionfm.cl\/?p=58595"},"modified":"2025-09-01T21:00:50","modified_gmt":"2025-09-02T00:00:50","slug":"diputada-raphael-y-transportistas-solicitan-medidas-al-mtt-por-fallas-en-conectividad-y-logistica","status":"publish","type":"post","link":"https:\/\/radiorevelacionfm.cl\/?p=58595","title":{"rendered":"Diputada Raphael y transportistas solicitan medidas al MTT por fallas en conectividad y log\u00edstica"},"content":{"rendered":"<div class=\"flex_column av_one_full  flex_column_div av-zero-column-padding first  avia-builder-el-0  el_before_av_one_full  avia-builder-el-first  \" style='border-radius:0px; '><div  class='avia-image-container  av-styling-    avia-builder-el-1  avia-builder-el-no-sibling  avia-align-center '  itemprop=\"image\" itemscope=\"itemscope\" itemtype=\"https:\/\/schema.org\/ImageObject\"  ><div class='avia-image-container-inner'><div class='avia-image-overlay-wrap'><img decoding=\"async\" class='wp-image-58596 avia-img-lazy-loading-not-58596 avia_image' src=\"https:\/\/radiorevelacionfm.cl\/wp-content\/uploads\/2025\/09\/Diputada_MTT-1-1.jpg\" alt='' title='Diputada_MTT (1) (1)' height=\"600\" width=\"922\"  itemprop=\"thumbnailUrl\" srcset=\"https:\/\/radiorevelacionfm.cl\/wp-content\/uploads\/2025\/09\/Diputada_MTT-1-1.jpg 922w, https:\/\/radiorevelacionfm.cl\/wp-content\/uploads\/2025\/09\/Diputada_MTT-1-1-300x195.jpg 300w, https:\/\/radiorevelacionfm.cl\/wp-content\/uploads\/2025\/09\/Diputada_MTT-1-1-768x500.jpg 768w, https:\/\/radiorevelacionfm.cl\/wp-content\/uploads\/2025\/09\/Diputada_MTT-1-1-705x459.jpg 705w, https:\/\/radiorevelacionfm.cl\/wp-content\/uploads\/2025\/09\/Diputada_MTT-1-1-450x293.jpg 450w, https:\/\/radiorevelacionfm.cl\/wp-content\/uploads\/2025\/09\/Diputada_MTT-1-1-600x390.jpg 600w\" sizes=\"(max-width: 922px) 100vw, 922px\" \/><\/div><\/div><\/div><\/div><div class=\"flex_column av_one_full  flex_column_div av-zero-column-padding first  avia-builder-el-2  el_after_av_one_full  el_before_av_one_full  column-top-margin\" style='border-radius:0px; '><section class=\"av_textblock_section \"  itemscope=\"itemscope\" itemtype=\"https:\/\/schema.org\/BlogPosting\" itemprop=\"blogPost\" ><div class='avia_textblock  '   itemprop=\"text\" ><p style=\"text-align: center;\"><strong><span style=\"font-size: 18pt;\">Diputada Raphael y transportistas solicitan medidas al MTT por fallas en conectividad y log\u00edstica<\/span><\/strong><\/p>\n<\/div><\/section><\/div><div class=\"flex_column av_one_full  flex_column_div av-zero-column-padding first  avia-builder-el-4  el_after_av_one_full  el_before_av_hr  column-top-margin\" style='border-radius:0px; '><section class=\"av_textblock_section \"  itemscope=\"itemscope\" itemtype=\"https:\/\/schema.org\/BlogPosting\" itemprop=\"blogPost\" ><div class='avia_textblock  '   itemprop=\"text\" ><p style=\"text-align: justify;\"><em>Tras mantener conversaciones con los gremios regionales de transportes, la representante de la regi\u00f3n en el Congreso solicit\u00f3 al Ministro de Transportes y Telecomunicaciones, subsidios para la ruta Quell\u00f3n-Cisnes y un aumento de frecuencias.<\/em><\/p>\n<p style=\"text-align: justify;\">La Diputada (RN), <strong>Marcia Raphael<\/strong><strong> Mora<\/strong>, solicit\u00f3 al Ministro de Transportes y Telecomunicaciones, <strong>Juan Carlos Mu\u00f1oz<\/strong>, acciones que mitiguen el impacto econ\u00f3mico y log\u00edstico que enfrenta la <strong>Regi\u00f3n de Ays\u00e9n<\/strong> debido a la falla estructural detectada en el <strong>Puente Atirantado<\/strong><strong>, ubicado en <\/strong><strong>Lago Yelcho<\/strong><strong> y que mantiene a los transportistas regionales en alerta. La <\/strong>infraestructura es relevante para la conectividad entre las regiones de Los Lagos y Ays\u00e9n, en esa l\u00ednea, la parlamentaria asever\u00f3 que de no tener pronta soluci\u00f3n podr\u00edamos enfrentar alzas en el valor de los productos esenciales.<\/p>\n<p style=\"text-align: justify;\">El puente, que une la Regi\u00f3n de Los Lagos con la Regi\u00f3n de Ays\u00e9n, presenta una <strong>cortadura en uno de sus tensores<\/strong>, lo que oblig\u00f3 a restringir el peso m\u00e1ximo de tr\u00e1nsito a <strong>32 toneladas<\/strong>, el l\u00edmite normado. Sin embargo, anteriormente se permit\u00eda hasta 45 toneladas, lo que hoy genera un serio inconveniente para los transportistas que movilizan carga hacia el territorio aysenino, sumado a ello tambi\u00e9n est\u00e1n limitados los puentes est\u00e1n limitados los puentes Senador Sep\u00falveda y Gonz\u00e1lez, generando un cuello de botella en la ruta.<\/p>\n<p style=\"text-align: justify;\">\u201cComprendemos la necesidad de tomar medidas para resguardar la seguridad vial, pero esta situaci\u00f3n genera una afectaci\u00f3n directa en la actividad de transporte y, por ende, en los costos que enfrentan las familias ayseninas. Si no se implementan soluciones inmediatas, esto podr\u00eda repercutir en un alza en los precios de los productos esenciales\u201d, manifest\u00f3 la diputada Marcia Raphael ante la solicitud realizada al Ministro de Transportes y Telecomunicaciones, que fue tambi\u00e9n respaldada a trav\u00e9s de un oficio al titular de la cartera del ejecutivo.<\/p>\n<p style=\"text-align: justify;\">La parlamentaria record\u00f3 que <strong>toda la carga que ingresa a Ays\u00e9n debe transitar por este punto en Puerto C\u00e1rdenas<\/strong>, lo que convierte esta contingencia en un problema estructural para la conectividad y el abastecimiento regional.<\/p>\n<p style=\"text-align: justify;\">Para enfrentar esta situaci\u00f3n, la diputada propuso al Ministerio un conjunto de medidas extraordinarias que han sido tambi\u00e9n abordadas con representantes gremiales, tales c\u00f3mo; Subvencionar la barcaza Yacaf, que cumple la denominada ruta corta hacia nuestro territorio; aumentar las frecuencias de la barcaza Queulat y con ello los metros de traslado; poner a disposici\u00f3n la barcaza Don Beto para asegurar el traslado de cargas en los puntos donde tambi\u00e9n opera la Barcaza Queulat e incorporar la barcaza Agios, que dispone de 400 metros lineales, de manera que, los d\u00edas domingo pueda cubrir la ruta Puerto Cisnes &#8211; Quell\u00f3n, aumentando con esto la frecuencia de viajes.<\/p>\n<p style=\"text-align: justify;\">Al respecto, Marcia Raphael sostuvo que esta diferencia en la conectividad mar\u00edtima es evidente, \u201c<strong>la Regi\u00f3n de Los Lagos cuenta con 16 frecuencias semanales<\/strong>, mientras que <strong>Ays\u00e9n s\u00f3lo dispone de 6<\/strong>, lo que agrava nuestra condici\u00f3n de aislamiento en momentos cr\u00edticos como el actual\u201d, afirm\u00f3.<\/p>\n<p style=\"text-align: justify;\"><strong>Los gremios del transporte se mantienen en alerta<\/strong><\/p>\n<p style=\"text-align: justify;\">Sobre este requerimiento y las solicitudes que han realizado a las autoridades regionales, el presidente de la Asociaci\u00f3n Gremial de Camioneros Ays\u00e9n &#8211; Chacabuco, Conrado Redlich, explic\u00f3 que \u201cjunto a mis colegas de la Asociaci\u00f3n Gremial de Due\u00f1os de Camiones de Coyhaique y Camioneros de la Patagonia, hemos hechos varias gestiones con los SEREMIS de Obras P\u00fablicas y Transportes ante esta contingencia que se nos present\u00f3, estamos limitados a pasar con 32.000 kilos de carga y nos est\u00e1 causando un problema con la log\u00edstica para la regi\u00f3n, lo que se ver\u00e1 reflejado en algunos d\u00edas sino tenemos una soluci\u00f3n en el encarecimiento de los productos, dado que nosotros como transportistas entregamos esto a nuestros clientes y ellos a su vez a los habitantes de la regi\u00f3n\u201d.<\/p>\n<p style=\"text-align: justify;\">\u201cEn el contexto de las reuniones se nos dijo por parte del Ministerio de Transportes que se har\u00edan las gestiones para ver la posibilidad de poner subvenci\u00f3n para las rutas de Quell\u00f3n a Cisnes, recientemente &#8211; el jueves &#8211; se nos dijo que no hab\u00eda plata para esto y que deber\u00edamos esperar hasta el 2026. Lo que nos deja muy preocupados\u201d, agreg\u00f3.<\/p>\n<p style=\"text-align: justify;\">El dirigente coment\u00f3 que frente a este escenario han estado comunic\u00e1ndose con los tres Diputados, Senador, Gobernador Regional e incluso el alcalde de Cisnes. \u201cNecesitamos una soluci\u00f3n y queremos que nuestra comunidad regional no sufra los embates del aislamiento que tenemos hist\u00f3ricamente del Estado de Chile hacia nuestra regi\u00f3n\u201d, concluy\u00f3 Redlich.<\/p>\n<\/div><\/section><\/div><div  style='height:50px' class='hr hr-invisible   avia-builder-el-6  el_after_av_one_full  el_before_av_social_share '><span class='hr-inner ' ><span class='hr-inner-style'><\/span><\/span><\/div><\/p>\n<div  class='av-social-sharing-box  avia-builder-el-7  el_after_av_hr  el_before_av_hr  '><div class='av-share-box'><h5 class='av-share-link-description av-no-toc '>Compartir esta noticia<\/h5><ul class='av-share-box-list noLightbox'><li class='av-share-link av-social-link-facebook' ><a target=\"_blank\" aria-label=\"Compartir en Facebook\" href='https:\/\/www.facebook.com\/sharer.php?u=https:\/\/radiorevelacionfm.cl\/?p=58595&#038;t=Diputada%20Raphael%20y%20transportistas%20solicitan%20medidas%20al%20MTT%20por%20fallas%20en%20conectividad%20y%20log%C3%ADstica' aria-hidden='false' data-av_icon='\ue8f3' data-av_iconfont='entypo-fontello' title='' data-avia-related-tooltip='Compartir en Facebook' rel=\"noopener\"><span class='avia_hidden_link_text'>Compartir en Facebook<\/span><\/a><\/li><li class='av-share-link av-social-link-twitter' ><a target=\"_blank\" aria-label=\"Compartir en Twitter\" href='https:\/\/twitter.com\/share?text=Diputada%20Raphael%20y%20transportistas%20solicitan%20medidas%20al%20MTT%20por%20fallas%20en%20conectividad%20y%20log%C3%ADstica&#038;url=https:\/\/radiorevelacionfm.cl\/?p=58595' aria-hidden='false' data-av_icon='\ue8f1' data-av_iconfont='entypo-fontello' title='' data-avia-related-tooltip='Compartir en Twitter' rel=\"noopener\"><span class='avia_hidden_link_text'>Compartir en Twitter<\/span><\/a><\/li><li class='av-share-link av-social-link-whatsapp' ><a target=\"_blank\" aria-label=\"Compartir en Whatsapp\" href='https:\/\/api.whatsapp.com\/send?text=https:\/\/radiorevelacionfm.cl\/?p=58595' aria-hidden='false' data-av_icon='\uf232' data-av_iconfont='entypo-fontello' title='' data-avia-related-tooltip='Compartir en Whatsapp' rel=\"noopener\"><span class='avia_hidden_link_text'>Compartir en Whatsapp<\/span><\/a><\/li><li class='av-share-link av-social-link-linkedin' ><a target=\"_blank\" aria-label=\"Compartir en LinkedIn\" href='https:\/\/linkedin.com\/shareArticle?mini=true&#038;title=Diputada%20Raphael%20y%20transportistas%20solicitan%20medidas%20al%20MTT%20por%20fallas%20en%20conectividad%20y%20log%C3%ADstica&#038;url=https:\/\/radiorevelacionfm.cl\/?p=58595' aria-hidden='false' data-av_icon='\ue8fc' data-av_iconfont='entypo-fontello' title='' data-avia-related-tooltip='Compartir en LinkedIn' rel=\"noopener\"><span class='avia_hidden_link_text'>Compartir en LinkedIn<\/span><\/a><\/li><li class='av-share-link av-social-link-mail' ><a  aria-label=\"Compartir por correo\" href='mailto:?subject=Diputada%20Raphael%20y%20transportistas%20solicitan%20medidas%20al%20MTT%20por%20fallas%20en%20conectividad%20y%20log%C3%ADstica&#038;body=https:\/\/radiorevelacionfm.cl\/?p=58595' aria-hidden='false' data-av_icon='\ue805' data-av_iconfont='entypo-fontello' title='' data-avia-related-tooltip='Compartir por correo'><span class='avia_hidden_link_text'>Compartir por correo<\/span><\/a><\/li><\/ul><\/div><\/div>\n<div  style='height:50px' class='hr hr-invisible   avia-builder-el-8  el_after_av_social_share  el_before_av_comments_list '><span class='hr-inner ' ><span class='hr-inner-style'><\/span><\/span><\/div>\n<div  class='av-buildercomment  av-blog-meta-html-info-disabled av-blog-meta-tag-disabled  '><\/div>\n","protected":false},"excerpt":{"rendered":"","protected":false},"author":1,"featured_media":58596,"comment_status":"closed","ping_status":"closed","sticky":false,"template":"","format":"standard","meta":{"footnotes":""},"categories":[35],"tags":[],"class_list":["post-58595","post","type-post","status-publish","format-standard","has-post-thumbnail","hentry","category-politica"],"jetpack_featured_media_url":"https:\/\/radiorevelacionfm.cl\/wp-content\/uploads\/2025\/09\/Diputada_MTT-1-1.jpg","_links":{"self":[{"href":"https:\/\/radiorevelacionfm.cl\/index.php?rest_route=\/wp\/v2\/posts\/58595","targetHints":{"allow":["GET"]}}],"collection":[{"href":"https:\/\/radiorevelacionfm.cl\/index.php?rest_route=\/wp\/v2\/posts"}],"about":[{"href":"https:\/\/radiorevelacionfm.cl\/index.php?rest_route=\/wp\/v2\/types\/post"}],"author":[{"embeddable":true,"href":"https:\/\/radiorevelacionfm.cl\/index.php?rest_route=\/wp\/v2\/users\/1"}],"replies":[{"embeddable":true,"href":"https:\/\/radiorevelacionfm.cl\/index.php?rest_route=%2Fwp%2Fv2%2Fcomments&post=58595"}],"version-history":[{"count":2,"href":"https:\/\/radiorevelacionfm.cl\/index.php?rest_route=\/wp\/v2\/posts\/58595\/revisions"}],"predecessor-version":[{"id":58613,"href":"https:\/\/radiorevelacionfm.cl\/index.php?rest_route=\/wp\/v2\/posts\/58595\/revisions\/58613"}],"wp:featuredmedia":[{"embeddable":true,"href":"https:\/\/radiorevelacionfm.cl\/index.php?rest_route=\/wp\/v2\/media\/58596"}],"wp:attachment":[{"href":"https:\/\/radiorevelacionfm.cl\/index.php?rest_route=%2Fwp%2Fv2%2Fmedia&parent=58595"}],"wp:term":[{"taxonomy":"category","embeddable":true,"href":"https:\/\/radiorevelacionfm.cl\/index.php?rest_route=%2Fwp%2Fv2%2Fcategories&post=58595"},{"taxonomy":"post_tag","embeddable":true,"href":"https:\/\/radiorevelacionfm.cl\/index.php?rest_route=%2Fwp%2Fv2%2Ftags&post=58595"}],"curies":[{"name":"wp","href":"https:\/\/api.w.org\/{rel}","templated":true}]}}