{"id":58585,"date":"2025-09-02T10:09:54","date_gmt":"2025-09-02T13:09:54","guid":{"rendered":"https:\/\/radiorevelacionfm.cl\/?p=58585"},"modified":"2025-09-02T10:09:54","modified_gmt":"2025-09-02T13:09:54","slug":"villa-ohiggins-un-hito-historico-para-la-vivienda-social-en-la-patagonia","status":"publish","type":"post","link":"https:\/\/radiorevelacionfm.cl\/?p=58585","title":{"rendered":"Villa O&#8217;Higgins: Un hito hist\u00f3rico para la vivienda social en la Patagonia"},"content":{"rendered":"<div class=\"flex_column av_one_full  flex_column_div av-zero-column-padding first  avia-builder-el-0  el_before_av_one_full  avia-builder-el-first  \" style='border-radius:0px; '><div  class='avia-image-container  av-styling-    avia-builder-el-1  avia-builder-el-no-sibling  avia-align-center '  itemprop=\"image\" itemscope=\"itemscope\" itemtype=\"https:\/\/schema.org\/ImageObject\"  ><div class='avia-image-container-inner'><div class='avia-image-overlay-wrap'><img decoding=\"async\" class='wp-image-58586 avia-img-lazy-loading-not-58586 avia_image' src=\"https:\/\/radiorevelacionfm.cl\/wp-content\/uploads\/2025\/09\/dsc_4075-1-1_optimized-1_optimized-1.jpg\" alt='' title='dsc_4075-(1)-(1)_optimized-(1)_optimized (1)' height=\"600\" width=\"900\"  itemprop=\"thumbnailUrl\" srcset=\"https:\/\/radiorevelacionfm.cl\/wp-content\/uploads\/2025\/09\/dsc_4075-1-1_optimized-1_optimized-1.jpg 900w, https:\/\/radiorevelacionfm.cl\/wp-content\/uploads\/2025\/09\/dsc_4075-1-1_optimized-1_optimized-1-300x200.jpg 300w, https:\/\/radiorevelacionfm.cl\/wp-content\/uploads\/2025\/09\/dsc_4075-1-1_optimized-1_optimized-1-768x512.jpg 768w, https:\/\/radiorevelacionfm.cl\/wp-content\/uploads\/2025\/09\/dsc_4075-1-1_optimized-1_optimized-1-705x470.jpg 705w, https:\/\/radiorevelacionfm.cl\/wp-content\/uploads\/2025\/09\/dsc_4075-1-1_optimized-1_optimized-1-450x300.jpg 450w, https:\/\/radiorevelacionfm.cl\/wp-content\/uploads\/2025\/09\/dsc_4075-1-1_optimized-1_optimized-1-600x400.jpg 600w\" sizes=\"(max-width: 900px) 100vw, 900px\" \/><\/div><\/div><\/div><\/div><div class=\"flex_column av_one_full  flex_column_div av-zero-column-padding first  avia-builder-el-2  el_after_av_one_full  el_before_av_one_full  column-top-margin\" style='border-radius:0px; '><section class=\"av_textblock_section \"  itemscope=\"itemscope\" itemtype=\"https:\/\/schema.org\/BlogPosting\" itemprop=\"blogPost\" ><div class='avia_textblock  '   itemprop=\"text\" ><p style=\"text-align: center;\"><strong><span style=\"font-size: 18pt;\">Villa O&#8217;Higgins: Un hito hist\u00f3rico para la vivienda social en la Patagonia<\/span><\/strong><\/p>\n<div id=\"gtx-trans\" style=\"position: absolute; left: -50px; top: 4.31534px;\">\n<div class=\"gtx-trans-icon\"><\/div>\n<\/div>\n<\/div><\/section><\/div><div class=\"flex_column av_one_full  flex_column_div av-zero-column-padding first  avia-builder-el-4  el_after_av_one_full  el_before_av_hr  column-top-margin\" style='border-radius:0px; '><section class=\"av_textblock_section \"  itemscope=\"itemscope\" itemtype=\"https:\/\/schema.org\/BlogPosting\" itemprop=\"blogPost\" ><div class='avia_textblock  '   itemprop=\"text\" ><p style=\"text-align: justify;\">El pasado viernes 26 de agosto, un importante hito marc\u00f3 el futuro habitacional de Villa O&#8217;Higgins, la localidad m\u00e1s austral de la regi\u00f3n de Ays\u00e9n. En un acto formal, la Ilustre Municipalidad de O&#8217;Higgins realiz\u00f3 la entrega oficial del terreno al Comit\u00e9 Villa Austral y a la empresa consultora Glaciar Ingenier\u00eda, que ser\u00e1 la encargada de llevar a cabo el estudio de mec\u00e1nica de suelo para el \u00faltimo gran proyecto habitacional de la comuna.<\/p>\n<p style=\"text-align: justify;\">Este proyecto, gestado desde la Oficina de Vivienda del municipio y financiado por el SERVIU, se enmarca en el \u00abPlan de Emergencia Habitacional\u00bb del Gobierno del Presidente Gabriel Boric, y contempla la construcci\u00f3n de alrededor de 40 viviendas destinadas a familias y pobladores vulnerables de la comuna.<\/p>\n<p style=\"text-align: justify;\">La iniciativa es el resultado de un esfuerzo conjunto y una gesti\u00f3n \u00e1gil por parte de diversas instituciones. El proceso se inici\u00f3 con la cesi\u00f3n del terreno al fisco por parte de Carabineros de Chile. Posteriormente, en febrero de este a\u00f1o,<span class=\"gmail_default\">\u00a0en un emotivo act<\/span><span class=\"gmail_default\">o,<\/span>\u00a0el Ministerio de Bienes Nacionales, a trav\u00e9s de la SEREMI Irina Morend, entreg\u00f3 un \u00abPermiso de Ocupaci\u00f3n Anticipada\u00bb al\u00a0<span class=\"gmail_default\">SERVIU,\u00a0<\/span>representado por la SEREMI<span class=\"gmail_default\">\u00a0del<\/span><span class=\"gmail_default\">\u00a0<\/span>Ministerio de Vivienda y Urbanismo\u00a0Paulina Ruz Delf\u00edn. Este permiso permiti\u00f3 dar inicio a los estudios preliminares.<\/p>\n<p style=\"text-align: justify;\">La rapidez en la gesti\u00f3n ha sido clave para asegurar que el proyecto se concrete dentro del plazo del actual gobierno, dada la naturaleza prolongada de estas iniciativas. El Municipio de O&#8217;Higgins asumi\u00f3 el compromiso de licitar y financiar el estudio de mec\u00e1nica de suelo, un paso fundamental para que el proyecto pueda ser ingresado a la cartera de proyectos del SERVIU.<\/p>\n<p style=\"text-align: justify;\">El estudio de suelo, que seg\u00fan la empresa consultora demorar\u00e1 aproximadamente un mes, es el primer paso de una serie de etapas. A\u00fan resta el traspaso definitivo del terreno de Bienes Nacionales al SERVIU para que el proyecto quede completamente asegurado y zanjado dentro del Plan de Emergencia Habitacional. Con esta entrega de terreno, se reafirma el compromiso de las autoridades y la comunidad para avanzar en el desarrollo social y urban\u00edstico de la comuna.<\/p>\n<\/div><\/section><\/div><div  style='height:50px' class='hr hr-invisible   avia-builder-el-6  el_after_av_one_full  el_before_av_social_share '><span class='hr-inner ' ><span class='hr-inner-style'><\/span><\/span><\/div><\/p>\n<div  class='av-social-sharing-box  avia-builder-el-7  el_after_av_hr  el_before_av_hr  '><div class='av-share-box'><h5 class='av-share-link-description av-no-toc '>Compartir esta noticia<\/h5><ul class='av-share-box-list noLightbox'><li class='av-share-link av-social-link-facebook' ><a target=\"_blank\" aria-label=\"Compartir en Facebook\" href='https:\/\/www.facebook.com\/sharer.php?u=https:\/\/radiorevelacionfm.cl\/?p=58585&#038;t=Villa%20O%E2%80%99Higgins%3A%20Un%20hito%20hist%C3%B3rico%20para%20la%20vivienda%20social%20en%20la%20Patagonia' aria-hidden='false' data-av_icon='\ue8f3' data-av_iconfont='entypo-fontello' title='' data-avia-related-tooltip='Compartir en Facebook' rel=\"noopener\"><span class='avia_hidden_link_text'>Compartir en Facebook<\/span><\/a><\/li><li class='av-share-link av-social-link-twitter' ><a target=\"_blank\" aria-label=\"Compartir en Twitter\" href='https:\/\/twitter.com\/share?text=Villa%20O%E2%80%99Higgins%3A%20Un%20hito%20hist%C3%B3rico%20para%20la%20vivienda%20social%20en%20la%20Patagonia&#038;url=https:\/\/radiorevelacionfm.cl\/?p=58585' aria-hidden='false' data-av_icon='\ue8f1' data-av_iconfont='entypo-fontello' title='' data-avia-related-tooltip='Compartir en Twitter' rel=\"noopener\"><span class='avia_hidden_link_text'>Compartir en Twitter<\/span><\/a><\/li><li class='av-share-link av-social-link-whatsapp' ><a target=\"_blank\" aria-label=\"Compartir en Whatsapp\" href='https:\/\/api.whatsapp.com\/send?text=https:\/\/radiorevelacionfm.cl\/?p=58585' aria-hidden='false' data-av_icon='\uf232' data-av_iconfont='entypo-fontello' title='' data-avia-related-tooltip='Compartir en Whatsapp' rel=\"noopener\"><span class='avia_hidden_link_text'>Compartir en Whatsapp<\/span><\/a><\/li><li class='av-share-link av-social-link-linkedin' ><a target=\"_blank\" aria-label=\"Compartir en LinkedIn\" href='https:\/\/linkedin.com\/shareArticle?mini=true&#038;title=Villa%20O%E2%80%99Higgins%3A%20Un%20hito%20hist%C3%B3rico%20para%20la%20vivienda%20social%20en%20la%20Patagonia&#038;url=https:\/\/radiorevelacionfm.cl\/?p=58585' aria-hidden='false' data-av_icon='\ue8fc' data-av_iconfont='entypo-fontello' title='' data-avia-related-tooltip='Compartir en LinkedIn' rel=\"noopener\"><span class='avia_hidden_link_text'>Compartir en LinkedIn<\/span><\/a><\/li><li class='av-share-link av-social-link-mail' ><a  aria-label=\"Compartir por correo\" href='mailto:?subject=Villa%20O%E2%80%99Higgins%3A%20Un%20hito%20hist%C3%B3rico%20para%20la%20vivienda%20social%20en%20la%20Patagonia&#038;body=https:\/\/radiorevelacionfm.cl\/?p=58585' aria-hidden='false' data-av_icon='\ue805' data-av_iconfont='entypo-fontello' title='' data-avia-related-tooltip='Compartir por correo'><span class='avia_hidden_link_text'>Compartir por correo<\/span><\/a><\/li><\/ul><\/div><\/div>\n<div  style='height:50px' class='hr hr-invisible   avia-builder-el-8  el_after_av_social_share  el_before_av_comments_list '><span class='hr-inner ' ><span class='hr-inner-style'><\/span><\/span><\/div>\n<div  class='av-buildercomment  av-blog-meta-html-info-disabled av-blog-meta-tag-disabled  '><\/div>\n","protected":false},"excerpt":{"rendered":"","protected":false},"author":1,"featured_media":58586,"comment_status":"closed","ping_status":"closed","sticky":false,"template":"","format":"standard","meta":{"footnotes":""},"categories":[38],"tags":[],"class_list":["post-58585","post","type-post","status-publish","format-standard","has-post-thumbnail","hentry","category-regional"],"jetpack_featured_media_url":"https:\/\/radiorevelacionfm.cl\/wp-content\/uploads\/2025\/09\/dsc_4075-1-1_optimized-1_optimized-1.jpg","_links":{"self":[{"href":"https:\/\/radiorevelacionfm.cl\/index.php?rest_route=\/wp\/v2\/posts\/58585","targetHints":{"allow":["GET"]}}],"collection":[{"href":"https:\/\/radiorevelacionfm.cl\/index.php?rest_route=\/wp\/v2\/posts"}],"about":[{"href":"https:\/\/radiorevelacionfm.cl\/index.php?rest_route=\/wp\/v2\/types\/post"}],"author":[{"embeddable":true,"href":"https:\/\/radiorevelacionfm.cl\/index.php?rest_route=\/wp\/v2\/users\/1"}],"replies":[{"embeddable":true,"href":"https:\/\/radiorevelacionfm.cl\/index.php?rest_route=%2Fwp%2Fv2%2Fcomments&post=58585"}],"version-history":[{"count":2,"href":"https:\/\/radiorevelacionfm.cl\/index.php?rest_route=\/wp\/v2\/posts\/58585\/revisions"}],"predecessor-version":[{"id":58618,"href":"https:\/\/radiorevelacionfm.cl\/index.php?rest_route=\/wp\/v2\/posts\/58585\/revisions\/58618"}],"wp:featuredmedia":[{"embeddable":true,"href":"https:\/\/radiorevelacionfm.cl\/index.php?rest_route=\/wp\/v2\/media\/58586"}],"wp:attachment":[{"href":"https:\/\/radiorevelacionfm.cl\/index.php?rest_route=%2Fwp%2Fv2%2Fmedia&parent=58585"}],"wp:term":[{"taxonomy":"category","embeddable":true,"href":"https:\/\/radiorevelacionfm.cl\/index.php?rest_route=%2Fwp%2Fv2%2Fcategories&post=58585"},{"taxonomy":"post_tag","embeddable":true,"href":"https:\/\/radiorevelacionfm.cl\/index.php?rest_route=%2Fwp%2Fv2%2Ftags&post=58585"}],"curies":[{"name":"wp","href":"https:\/\/api.w.org\/{rel}","templated":true}]}}