{"id":58581,"date":"2025-09-01T22:21:12","date_gmt":"2025-09-02T01:21:12","guid":{"rendered":"https:\/\/radiorevelacionfm.cl\/?p=58581"},"modified":"2025-09-01T22:21:12","modified_gmt":"2025-09-02T01:21:12","slug":"coyhaique-se-conecta-con-el-mundo-inacap-y-chile-california-conservation-exchange-traen-innovacion-agricola-a-aysen","status":"publish","type":"post","link":"https:\/\/radiorevelacionfm.cl\/?p=58581","title":{"rendered":"Coyhaique se conecta con el mundo: Inacap y Chile California Conservation Exchange traen innovaci\u00f3n agr\u00edcola a Ays\u00e9n"},"content":{"rendered":"<div class=\"flex_column av_one_full  flex_column_div av-zero-column-padding first  avia-builder-el-0  el_before_av_one_full  avia-builder-el-first  \" style='border-radius:0px; '><div  class='avia-image-container  av-styling-    avia-builder-el-1  avia-builder-el-no-sibling  avia-align-center '  itemprop=\"image\" itemscope=\"itemscope\" itemtype=\"https:\/\/schema.org\/ImageObject\"  ><div class='avia-image-container-inner'><div class='avia-image-overlay-wrap'><img decoding=\"async\" class='wp-image-58582 avia-img-lazy-loading-not-58582 avia_image' src=\"https:\/\/radiorevelacionfm.cl\/wp-content\/uploads\/2025\/09\/IINIA-invernader-1-1.jpeg\" alt='' title='IINIA invernader (1) (1)' height=\"600\" width=\"800\"  itemprop=\"thumbnailUrl\" srcset=\"https:\/\/radiorevelacionfm.cl\/wp-content\/uploads\/2025\/09\/IINIA-invernader-1-1.jpeg 800w, https:\/\/radiorevelacionfm.cl\/wp-content\/uploads\/2025\/09\/IINIA-invernader-1-1-300x225.jpeg 300w, https:\/\/radiorevelacionfm.cl\/wp-content\/uploads\/2025\/09\/IINIA-invernader-1-1-768x576.jpeg 768w, https:\/\/radiorevelacionfm.cl\/wp-content\/uploads\/2025\/09\/IINIA-invernader-1-1-705x529.jpeg 705w, https:\/\/radiorevelacionfm.cl\/wp-content\/uploads\/2025\/09\/IINIA-invernader-1-1-450x338.jpeg 450w, https:\/\/radiorevelacionfm.cl\/wp-content\/uploads\/2025\/09\/IINIA-invernader-1-1-600x450.jpeg 600w\" sizes=\"(max-width: 800px) 100vw, 800px\" \/><\/div><\/div><\/div><\/div><div class=\"flex_column av_one_full  flex_column_div av-zero-column-padding first  avia-builder-el-2  el_after_av_one_full  el_before_av_one_full  column-top-margin\" style='border-radius:0px; '><section class=\"av_textblock_section \"  itemscope=\"itemscope\" itemtype=\"https:\/\/schema.org\/BlogPosting\" itemprop=\"blogPost\" ><div class='avia_textblock  '   itemprop=\"text\" ><p style=\"text-align: center;\"><strong><span style=\"font-size: 18pt;\">Coyhaique se conecta con el mundo: Inacap y Chile California Conservation Exchange traen innovaci\u00f3n agr\u00edcola a Ays\u00e9n<\/span><\/strong><\/p>\n<div id=\"gtx-trans\" style=\"position: absolute; left: -50px; top: 4.31534px;\">\n<div class=\"gtx-trans-icon\"><\/div>\n<\/div>\n<\/div><\/section><\/div><div class=\"flex_column av_one_full  flex_column_div av-zero-column-padding first  avia-builder-el-4  el_after_av_one_full  el_before_av_hr  column-top-margin\" style='border-radius:0px; '><section class=\"av_textblock_section \"  itemscope=\"itemscope\" itemtype=\"https:\/\/schema.org\/BlogPosting\" itemprop=\"blogPost\" ><div class='avia_textblock  '   itemprop=\"text\" ><p style=\"text-align: justify;\">Con una convocatoria que <strong>llen\u00f3 el auditorio de INACAP Sede Coyhaique<\/strong>, entre el 17 y el 22 de agosto se vivi\u00f3 una semana de alto impacto acad\u00e9mico, cient\u00edfico y territorial. La sede fue anfitriona de un <strong>encuentro internacional sin precedentes<\/strong>, organizado junto al programa <strong>Chile California Conservation Exchange (CCCX)<\/strong>, que reuni\u00f3 a expertos, investigadores y productores locales en torno a la <strong>innovaci\u00f3n agr\u00edcola sostenible<\/strong>.<\/p>\n<p style=\"text-align: justify;\">El evento cont\u00f3 con la presencia del <strong>Dr. Heiner Lieth<\/strong>, Profesor Em\u00e9rito de la Universidad de California, Davis, reconocido mundialmente por sus investigaciones en producci\u00f3n hort\u00edcola sin suelo. Su visita marc\u00f3 un hito en la regi\u00f3n, al compartir conocimientos de vanguardia sobre <strong>hidropon\u00eda, energ\u00eda solar, sensores de nutrientes e iluminaci\u00f3n LED<\/strong>, tecnolog\u00edas clave para enfrentar los desaf\u00edos clim\u00e1ticos de Ays\u00e9n.<\/p>\n<p style=\"text-align: justify;\">Durante la semana, se realizaron:<\/p>\n<ul style=\"text-align: justify;\">\n<li><strong>Recorridos t\u00e9cnicos<\/strong> a predios hort\u00edcolas en Coyhaique y Puerto Ib\u00e1\u00f1ez, abordando temas como estacionalidad, abastecimiento y sostenibilidad.<\/li>\n<li><strong>Encuentros estrat\u00e9gicos<\/strong> con centros de investigaci\u00f3n como el CIEP e INIA, fortaleciendo redes de colaboraci\u00f3n cient\u00edfica.<\/li>\n<li>El <strong>Seminario Internacional \u201cAdaptabilidad e Hidropon\u00eda en la Regi\u00f3n de Ays\u00e9n\u201d<\/strong>, con la participaci\u00f3n de expertos como Jorge Huichalaf Roa (INDAP e INACAP) y Pablo Hern\u00e1ndez Lorca (Universidad Austral de Chile y CFT INACAP), quienes compartieron experiencias locales y estrategias de cultivo en ambientes protegidos.<\/li>\n<\/ul>\n<p style=\"text-align: justify;\">\u201cLa Regi\u00f3n de Ays\u00e9n tiene un enorme potencial para el desarrollo de cultivos adaptativos. Este tipo de instancias permiten conectar saberes globales con realidades locales\u201d, destac\u00f3 <strong>Patrice Van de Maele<\/strong>, Vicerrector de INACAP Sede Coyhaique.<\/p>\n<p style=\"text-align: justify;\">Este encuentro reafirma el compromiso de INACAP con una <strong>educaci\u00f3n t\u00e9cnico-profesional conectada con el mundo<\/strong>, que articula el conocimiento cient\u00edfico con las necesidades del territorio. La alianza con CCCX y la Universidad de California, Davis, <strong>posiciona a INACAP Coyhaique como un referente en innovaci\u00f3n agr\u00edcola<\/strong>, elevando su trabajo colaborativo a escala internacional.<\/p>\n<\/div><\/section><\/div><div  style='height:50px' class='hr hr-invisible   avia-builder-el-6  el_after_av_one_full  el_before_av_social_share '><span class='hr-inner ' ><span class='hr-inner-style'><\/span><\/span><\/div><\/p>\n<div  class='av-social-sharing-box  avia-builder-el-7  el_after_av_hr  el_before_av_hr  '><div class='av-share-box'><h5 class='av-share-link-description av-no-toc '>Compartir esta noticia<\/h5><ul class='av-share-box-list noLightbox'><li class='av-share-link av-social-link-facebook' ><a target=\"_blank\" aria-label=\"Compartir en Facebook\" href='https:\/\/www.facebook.com\/sharer.php?u=https:\/\/radiorevelacionfm.cl\/?p=58581&#038;t=Coyhaique%20se%20conecta%20con%20el%20mundo%3A%20Inacap%20y%20Chile%20California%20Conservation%20Exchange%20traen%20innovaci%C3%B3n%20agr%C3%ADcola%20a%20Ays%C3%A9n' aria-hidden='false' data-av_icon='\ue8f3' data-av_iconfont='entypo-fontello' title='' data-avia-related-tooltip='Compartir en Facebook' rel=\"noopener\"><span class='avia_hidden_link_text'>Compartir en Facebook<\/span><\/a><\/li><li class='av-share-link av-social-link-twitter' ><a target=\"_blank\" aria-label=\"Compartir en Twitter\" href='https:\/\/twitter.com\/share?text=Coyhaique%20se%20conecta%20con%20el%20mundo%3A%20Inacap%20y%20Chile%20California%20Conservation%20Exchange%20traen%20innovaci%C3%B3n%20agr%C3%ADcola%20a%20Ays%C3%A9n&#038;url=https:\/\/radiorevelacionfm.cl\/?p=58581' aria-hidden='false' data-av_icon='\ue8f1' data-av_iconfont='entypo-fontello' title='' data-avia-related-tooltip='Compartir en Twitter' rel=\"noopener\"><span class='avia_hidden_link_text'>Compartir en Twitter<\/span><\/a><\/li><li class='av-share-link av-social-link-whatsapp' ><a target=\"_blank\" aria-label=\"Compartir en Whatsapp\" href='https:\/\/api.whatsapp.com\/send?text=https:\/\/radiorevelacionfm.cl\/?p=58581' aria-hidden='false' data-av_icon='\uf232' data-av_iconfont='entypo-fontello' title='' data-avia-related-tooltip='Compartir en Whatsapp' rel=\"noopener\"><span class='avia_hidden_link_text'>Compartir en Whatsapp<\/span><\/a><\/li><li class='av-share-link av-social-link-linkedin' ><a target=\"_blank\" aria-label=\"Compartir en LinkedIn\" href='https:\/\/linkedin.com\/shareArticle?mini=true&#038;title=Coyhaique%20se%20conecta%20con%20el%20mundo%3A%20Inacap%20y%20Chile%20California%20Conservation%20Exchange%20traen%20innovaci%C3%B3n%20agr%C3%ADcola%20a%20Ays%C3%A9n&#038;url=https:\/\/radiorevelacionfm.cl\/?p=58581' aria-hidden='false' data-av_icon='\ue8fc' data-av_iconfont='entypo-fontello' title='' data-avia-related-tooltip='Compartir en LinkedIn' rel=\"noopener\"><span class='avia_hidden_link_text'>Compartir en LinkedIn<\/span><\/a><\/li><li class='av-share-link av-social-link-mail' ><a  aria-label=\"Compartir por correo\" href='mailto:?subject=Coyhaique%20se%20conecta%20con%20el%20mundo%3A%20Inacap%20y%20Chile%20California%20Conservation%20Exchange%20traen%20innovaci%C3%B3n%20agr%C3%ADcola%20a%20Ays%C3%A9n&#038;body=https:\/\/radiorevelacionfm.cl\/?p=58581' aria-hidden='false' data-av_icon='\ue805' data-av_iconfont='entypo-fontello' title='' data-avia-related-tooltip='Compartir por correo'><span class='avia_hidden_link_text'>Compartir por correo<\/span><\/a><\/li><\/ul><\/div><\/div>\n<div  style='height:50px' class='hr hr-invisible   avia-builder-el-8  el_after_av_social_share  el_before_av_comments_list '><span class='hr-inner ' ><span class='hr-inner-style'><\/span><\/span><\/div>\n<div  class='av-buildercomment  av-blog-meta-html-info-disabled av-blog-meta-tag-disabled  '><\/div>\n","protected":false},"excerpt":{"rendered":"","protected":false},"author":1,"featured_media":58582,"comment_status":"closed","ping_status":"closed","sticky":false,"template":"","format":"standard","meta":{"footnotes":""},"categories":[49],"tags":[],"class_list":["post-58581","post","type-post","status-publish","format-standard","has-post-thumbnail","hentry","category-educacion"],"jetpack_featured_media_url":"https:\/\/radiorevelacionfm.cl\/wp-content\/uploads\/2025\/09\/IINIA-invernader-1-1.jpeg","_links":{"self":[{"href":"https:\/\/radiorevelacionfm.cl\/index.php?rest_route=\/wp\/v2\/posts\/58581","targetHints":{"allow":["GET"]}}],"collection":[{"href":"https:\/\/radiorevelacionfm.cl\/index.php?rest_route=\/wp\/v2\/posts"}],"about":[{"href":"https:\/\/radiorevelacionfm.cl\/index.php?rest_route=\/wp\/v2\/types\/post"}],"author":[{"embeddable":true,"href":"https:\/\/radiorevelacionfm.cl\/index.php?rest_route=\/wp\/v2\/users\/1"}],"replies":[{"embeddable":true,"href":"https:\/\/radiorevelacionfm.cl\/index.php?rest_route=%2Fwp%2Fv2%2Fcomments&post=58581"}],"version-history":[{"count":2,"href":"https:\/\/radiorevelacionfm.cl\/index.php?rest_route=\/wp\/v2\/posts\/58581\/revisions"}],"predecessor-version":[{"id":58617,"href":"https:\/\/radiorevelacionfm.cl\/index.php?rest_route=\/wp\/v2\/posts\/58581\/revisions\/58617"}],"wp:featuredmedia":[{"embeddable":true,"href":"https:\/\/radiorevelacionfm.cl\/index.php?rest_route=\/wp\/v2\/media\/58582"}],"wp:attachment":[{"href":"https:\/\/radiorevelacionfm.cl\/index.php?rest_route=%2Fwp%2Fv2%2Fmedia&parent=58581"}],"wp:term":[{"taxonomy":"category","embeddable":true,"href":"https:\/\/radiorevelacionfm.cl\/index.php?rest_route=%2Fwp%2Fv2%2Fcategories&post=58581"},{"taxonomy":"post_tag","embeddable":true,"href":"https:\/\/radiorevelacionfm.cl\/index.php?rest_route=%2Fwp%2Fv2%2Ftags&post=58581"}],"curies":[{"name":"wp","href":"https:\/\/api.w.org\/{rel}","templated":true}]}}