{"id":5858,"date":"2021-07-02T11:55:34","date_gmt":"2021-07-02T14:55:34","guid":{"rendered":"https:\/\/radiorevelacionfm.cl\/?p=5858"},"modified":"2021-07-02T11:55:34","modified_gmt":"2021-07-02T14:55:34","slug":"mindep-ind-realiza-donacion-de-piso-parquet-para-restauracion-de-bodegas-portuarias-de-puerto-ibanez","status":"publish","type":"post","link":"https:\/\/radiorevelacionfm.cl\/?p=5858","title":{"rendered":"Mindep-IND realiza donaci\u00f3n de piso parquet para restauraci\u00f3n de bodegas portuarias de Puerto Ib\u00e1\u00f1ez"},"content":{"rendered":"<div class=\"flex_column av_one_full  flex_column_div av-zero-column-padding first  avia-builder-el-0  el_before_av_one_full  avia-builder-el-first  \" style='border-radius:0px; '><div  class='avia-image-container  av-styling-    avia-builder-el-1  avia-builder-el-no-sibling  avia-align-center '  itemprop=\"image\" itemscope=\"itemscope\" itemtype=\"https:\/\/schema.org\/ImageObject\"  ><div class='avia-image-container-inner'><div class='avia-image-overlay-wrap'><img decoding=\"async\" class='wp-image-5859 avia-img-lazy-loading-not-5859 avia_image' src=\"https:\/\/radiorevelacionfm.cl\/wp-content\/uploads\/2021\/07\/1-5i-1-1.jpg\" alt='' title='1 (5)i (1) (1)' height=\"600\" width=\"904\"  itemprop=\"thumbnailUrl\" srcset=\"https:\/\/radiorevelacionfm.cl\/wp-content\/uploads\/2021\/07\/1-5i-1-1.jpg 904w, https:\/\/radiorevelacionfm.cl\/wp-content\/uploads\/2021\/07\/1-5i-1-1-300x199.jpg 300w, https:\/\/radiorevelacionfm.cl\/wp-content\/uploads\/2021\/07\/1-5i-1-1-768x510.jpg 768w, https:\/\/radiorevelacionfm.cl\/wp-content\/uploads\/2021\/07\/1-5i-1-1-705x468.jpg 705w, https:\/\/radiorevelacionfm.cl\/wp-content\/uploads\/2021\/07\/1-5i-1-1-600x398.jpg 600w\" sizes=\"(max-width: 904px) 100vw, 904px\" \/><\/div><\/div><\/div><\/div><div class=\"flex_column av_one_full  flex_column_div av-zero-column-padding first  avia-builder-el-2  el_after_av_one_full  el_before_av_one_full  column-top-margin\" style='border-radius:0px; '><section class=\"av_textblock_section \"  itemscope=\"itemscope\" itemtype=\"https:\/\/schema.org\/BlogPosting\" itemprop=\"blogPost\" ><div class='avia_textblock  '   itemprop=\"text\" ><p style=\"text-align: center;\"><strong><span style=\"font-size: 18pt;\">Mindep-IND realiza donaci\u00f3n de piso parquet para restauraci\u00f3n de bodegas portuarias de Puerto Ib\u00e1\u00f1ez<\/span><\/strong><\/p>\n<div id=\"gtx-trans\" style=\"position: absolute; left: -50px; top: 4.31534px;\">\n<div class=\"gtx-trans-icon\"><\/div>\n<\/div>\n<\/div><\/section><\/div><div class=\"flex_column av_one_full  flex_column_div av-zero-column-padding first  avia-builder-el-4  el_after_av_one_full  el_before_av_hr  column-top-margin\" style='border-radius:0px; '><section class=\"av_textblock_section \"  itemscope=\"itemscope\" itemtype=\"https:\/\/schema.org\/BlogPosting\" itemprop=\"blogPost\" ><div class='avia_textblock  '   itemprop=\"text\" ><div>\n<p class=\"v1MsoNormal\" style=\"text-align: justify;\">Al recinto deportivo concurri\u00f3 el Seremi de Deporte, Rodrigo Cubilla Retamal y el Director Regional de IND, Jos\u00e9 Manuel Sep\u00falveda para supervisar el traslado de cientos de piezas de madera, material\u00a0solicitado por el municipio para la restauraci\u00f3n del Monumento Nacional \u00abBodegas Portuarias Puerto Ib\u00e1\u00f1ez\u00bb, edificaci\u00f3n reconocida como como ejemplo del tes\u00f3n de los colonizadores de principio del siglo XX<i>.<\/i><\/p>\n<p class=\"v1MsoNormal\" style=\"text-align: justify;\">\u00abestamos muy contentos como Ministerio del Deporte e IND de poder colaborar a trav\u00e9s de esta donaci\u00f3n que permitir\u00e1 recuperar las bodegas que<b>\u00a0<\/b>fueron parte del proceso de poblamiento<b>\u00a0<\/b>en la cuenca del lago General Carrera<b>,<\/b>\u00a0teniendo presente adem\u00e1s la relevancia hist\u00f3rica y el valor del piso de parquet, uno de los primeros de estas caracter\u00edsticas\u00a0\u00a0instalados en la regi\u00f3n y m\u00e1s a\u00fan cuando como\u00a0como Estado y como pa\u00eds nos preocupamos de rescatar y poner en valor nuestro Patrimonio en beneficio de la comunidad\u00bb, se\u00f1al\u00f3\u00a0el Seremi Rodrigo Cubilla Retamal.<\/p>\n<p class=\"v1MsoNormal\" style=\"text-align: justify;\">Sobre esta donaci\u00f3n el Director Regional del IND Jos\u00e9 Manuel Sep\u00falveda destac\u00f3 \u00abtodo tipo de alianzas y donaciones que se generen para el progreso de la regi\u00f3n son bienvenidas y en este caso respondemos a una solicitud realizada por la Municipalidad de Ib\u00e1\u00f1ez, para la donaci\u00f3n de madera de parquet\u00a0retirado durante los trabajos de remodelaci\u00f3n del Gimnasio IND de calle Magallanes, de esta forma estamos reciclando y aportando al proyecto de restauraci\u00f3n de las bodegas portuarias que\u00a0se convertir\u00e1n\u00a0en un espacio de encuentro para las\u00a0familias de Puerto Ib\u00e1\u00f1ez\u00bb<\/p>\n<p class=\"v1MsoNormal\" style=\"text-align: justify;\">Por su parte, el\u00a0Alcalde de Puerto Ib\u00e1\u00f1ez Marcelo Santana, precis\u00f3 \u00abdesde\u00a0\u00a0hace un\u00a0\u00a0tiempo estamos trabajando junto al Ministerio de Obras P\u00fablicas en la restauraci\u00f3n de diversos edificios patrimoniales de nuestra comuna, como el caso de las bodegas portuarias de Puerto Ib\u00e1\u00f1ez, que datan de los a\u00f1os 1930 y 1950\u00a0\u00a0respectivamente, ambas ligadas a la actividad y minera y portuarias que esperamos se puedan restaurar dentro del a\u00f1o 2022 y en ese sentido coincidimos con que el Instituto Nacional de Deportes estaba dando de baja un piso parquet de muy buena calidad del gimnasio fiscal, que nos servir\u00e1 para rebajar el costo\u00a0\u00a0de la restauraci\u00f3n, por lo que estoy muy agradecido del IND, de la visi\u00f3n de su Director Jos\u00e9\u00a0Manuel Sep\u00falveda y del trabajo que estamos realizando junto a la Direcci\u00f3n de Arquitectura del MOP\u00bb.<\/p>\n<\/div>\n<div dir=\"ltr\">\n<div dir=\"ltr\"><\/div>\n<\/div>\n<\/div><\/section><\/div><div  style='height:50px' class='hr hr-invisible   avia-builder-el-6  el_after_av_one_full  el_before_av_social_share '><span class='hr-inner ' ><span class='hr-inner-style'><\/span><\/span><\/div><\/p>\n<div  class='av-social-sharing-box  avia-builder-el-7  el_after_av_hr  el_before_av_hr  '><div class='av-share-box'><h5 class='av-share-link-description av-no-toc '>Compartir esta noticia<\/h5><ul class='av-share-box-list noLightbox'><li class='av-share-link av-social-link-facebook' ><a target=\"_blank\" aria-label=\"Compartir en Facebook\" href='https:\/\/www.facebook.com\/sharer.php?u=https:\/\/radiorevelacionfm.cl\/?p=5858&#038;t=Mindep-IND%20realiza%20donaci%C3%B3n%20de%20piso%20parquet%20para%20restauraci%C3%B3n%20de%20bodegas%20portuarias%20de%20Puerto%20Ib%C3%A1%C3%B1ez' aria-hidden='false' data-av_icon='\ue8f3' data-av_iconfont='entypo-fontello' title='' data-avia-related-tooltip='Compartir en Facebook' rel=\"noopener\"><span class='avia_hidden_link_text'>Compartir en Facebook<\/span><\/a><\/li><li class='av-share-link av-social-link-twitter' ><a target=\"_blank\" aria-label=\"Compartir en Twitter\" href='https:\/\/twitter.com\/share?text=Mindep-IND%20realiza%20donaci%C3%B3n%20de%20piso%20parquet%20para%20restauraci%C3%B3n%20de%20bodegas%20portuarias%20de%20Puerto%20Ib%C3%A1%C3%B1ez&#038;url=https:\/\/radiorevelacionfm.cl\/?p=5858' aria-hidden='false' data-av_icon='\ue8f1' data-av_iconfont='entypo-fontello' title='' data-avia-related-tooltip='Compartir en Twitter' rel=\"noopener\"><span class='avia_hidden_link_text'>Compartir en Twitter<\/span><\/a><\/li><li class='av-share-link av-social-link-whatsapp' ><a target=\"_blank\" aria-label=\"Compartir en Whatsapp\" href='https:\/\/api.whatsapp.com\/send?text=https:\/\/radiorevelacionfm.cl\/?p=5858' aria-hidden='false' data-av_icon='\uf232' data-av_iconfont='entypo-fontello' title='' data-avia-related-tooltip='Compartir en Whatsapp' rel=\"noopener\"><span class='avia_hidden_link_text'>Compartir en Whatsapp<\/span><\/a><\/li><li class='av-share-link av-social-link-linkedin' ><a target=\"_blank\" aria-label=\"Compartir en LinkedIn\" href='https:\/\/linkedin.com\/shareArticle?mini=true&#038;title=Mindep-IND%20realiza%20donaci%C3%B3n%20de%20piso%20parquet%20para%20restauraci%C3%B3n%20de%20bodegas%20portuarias%20de%20Puerto%20Ib%C3%A1%C3%B1ez&#038;url=https:\/\/radiorevelacionfm.cl\/?p=5858' aria-hidden='false' data-av_icon='\ue8fc' data-av_iconfont='entypo-fontello' title='' data-avia-related-tooltip='Compartir en LinkedIn' rel=\"noopener\"><span class='avia_hidden_link_text'>Compartir en LinkedIn<\/span><\/a><\/li><li class='av-share-link av-social-link-mail' ><a  aria-label=\"Compartir por correo\" href='mailto:?subject=Mindep-IND%20realiza%20donaci%C3%B3n%20de%20piso%20parquet%20para%20restauraci%C3%B3n%20de%20bodegas%20portuarias%20de%20Puerto%20Ib%C3%A1%C3%B1ez&#038;body=https:\/\/radiorevelacionfm.cl\/?p=5858' aria-hidden='false' data-av_icon='\ue805' data-av_iconfont='entypo-fontello' title='' data-avia-related-tooltip='Compartir por correo'><span class='avia_hidden_link_text'>Compartir por correo<\/span><\/a><\/li><\/ul><\/div><\/div>\n<div  style='height:50px' class='hr hr-invisible   avia-builder-el-8  el_after_av_social_share  el_before_av_comments_list '><span class='hr-inner ' ><span class='hr-inner-style'><\/span><\/span><\/div>\n<div  class='av-buildercomment  av-blog-meta-html-info-disabled av-blog-meta-tag-disabled  '><\/div>\n","protected":false},"excerpt":{"rendered":"","protected":false},"author":1,"featured_media":5859,"comment_status":"open","ping_status":"open","sticky":false,"template":"","format":"standard","meta":{"footnotes":""},"categories":[38],"tags":[],"class_list":["post-5858","post","type-post","status-publish","format-standard","has-post-thumbnail","hentry","category-regional"],"jetpack_featured_media_url":"https:\/\/radiorevelacionfm.cl\/wp-content\/uploads\/2021\/07\/1-5i-1-1.jpg","_links":{"self":[{"href":"https:\/\/radiorevelacionfm.cl\/index.php?rest_route=\/wp\/v2\/posts\/5858","targetHints":{"allow":["GET"]}}],"collection":[{"href":"https:\/\/radiorevelacionfm.cl\/index.php?rest_route=\/wp\/v2\/posts"}],"about":[{"href":"https:\/\/radiorevelacionfm.cl\/index.php?rest_route=\/wp\/v2\/types\/post"}],"author":[{"embeddable":true,"href":"https:\/\/radiorevelacionfm.cl\/index.php?rest_route=\/wp\/v2\/users\/1"}],"replies":[{"embeddable":true,"href":"https:\/\/radiorevelacionfm.cl\/index.php?rest_route=%2Fwp%2Fv2%2Fcomments&post=5858"}],"version-history":[{"count":1,"href":"https:\/\/radiorevelacionfm.cl\/index.php?rest_route=\/wp\/v2\/posts\/5858\/revisions"}],"predecessor-version":[{"id":5860,"href":"https:\/\/radiorevelacionfm.cl\/index.php?rest_route=\/wp\/v2\/posts\/5858\/revisions\/5860"}],"wp:featuredmedia":[{"embeddable":true,"href":"https:\/\/radiorevelacionfm.cl\/index.php?rest_route=\/wp\/v2\/media\/5859"}],"wp:attachment":[{"href":"https:\/\/radiorevelacionfm.cl\/index.php?rest_route=%2Fwp%2Fv2%2Fmedia&parent=5858"}],"wp:term":[{"taxonomy":"category","embeddable":true,"href":"https:\/\/radiorevelacionfm.cl\/index.php?rest_route=%2Fwp%2Fv2%2Fcategories&post=5858"},{"taxonomy":"post_tag","embeddable":true,"href":"https:\/\/radiorevelacionfm.cl\/index.php?rest_route=%2Fwp%2Fv2%2Ftags&post=5858"}],"curies":[{"name":"wp","href":"https:\/\/api.w.org\/{rel}","templated":true}]}}