{"id":58578,"date":"2025-09-01T16:40:16","date_gmt":"2025-09-01T19:40:16","guid":{"rendered":"https:\/\/radiorevelacionfm.cl\/?p=58578"},"modified":"2025-09-01T16:40:16","modified_gmt":"2025-09-01T19:40:16","slug":"tres-municipios-de-la-region-de-aysen-obtienen-distincion-turistica-de-sernatur","status":"publish","type":"post","link":"https:\/\/radiorevelacionfm.cl\/?p=58578","title":{"rendered":"Tres municipios de la regi\u00f3n de Ays\u00e9n obtienen distinci\u00f3n Tur\u00edstica de SERNATUR"},"content":{"rendered":"<div class=\"flex_column av_one_full  flex_column_div av-zero-column-padding first  avia-builder-el-0  el_before_av_one_full  avia-builder-el-first  \" style='border-radius:0px; '><div  class='avia-image-container  av-styling-    avia-builder-el-1  avia-builder-el-no-sibling  avia-align-center '  itemprop=\"image\" itemscope=\"itemscope\" itemtype=\"https:\/\/schema.org\/ImageObject\"  ><div class='avia-image-container-inner'><div class='avia-image-overlay-wrap'><img decoding=\"async\" class='wp-image-58579 avia-img-lazy-loading-not-58579 avia_image' src=\"https:\/\/radiorevelacionfm.cl\/wp-content\/uploads\/2025\/09\/whatsapp-image-2025-09-01-at-15_optimized.51.14-1.jpeg\" alt='' title='whatsapp-image-2025-09-01-at-15_optimized.51.14-(1)' height=\"790\" width=\"801\"  itemprop=\"thumbnailUrl\" srcset=\"https:\/\/radiorevelacionfm.cl\/wp-content\/uploads\/2025\/09\/whatsapp-image-2025-09-01-at-15_optimized.51.14-1.jpeg 801w, https:\/\/radiorevelacionfm.cl\/wp-content\/uploads\/2025\/09\/whatsapp-image-2025-09-01-at-15_optimized.51.14-1-300x296.jpeg 300w, https:\/\/radiorevelacionfm.cl\/wp-content\/uploads\/2025\/09\/whatsapp-image-2025-09-01-at-15_optimized.51.14-1-80x80.jpeg 80w, https:\/\/radiorevelacionfm.cl\/wp-content\/uploads\/2025\/09\/whatsapp-image-2025-09-01-at-15_optimized.51.14-1-768x757.jpeg 768w, https:\/\/radiorevelacionfm.cl\/wp-content\/uploads\/2025\/09\/whatsapp-image-2025-09-01-at-15_optimized.51.14-1-36x36.jpeg 36w, https:\/\/radiorevelacionfm.cl\/wp-content\/uploads\/2025\/09\/whatsapp-image-2025-09-01-at-15_optimized.51.14-1-705x695.jpeg 705w, https:\/\/radiorevelacionfm.cl\/wp-content\/uploads\/2025\/09\/whatsapp-image-2025-09-01-at-15_optimized.51.14-1-450x444.jpeg 450w, https:\/\/radiorevelacionfm.cl\/wp-content\/uploads\/2025\/09\/whatsapp-image-2025-09-01-at-15_optimized.51.14-1-600x592.jpeg 600w, https:\/\/radiorevelacionfm.cl\/wp-content\/uploads\/2025\/09\/whatsapp-image-2025-09-01-at-15_optimized.51.14-1-100x100.jpeg 100w\" sizes=\"(max-width: 801px) 100vw, 801px\" \/><\/div><\/div><\/div><\/div><div class=\"flex_column av_one_full  flex_column_div av-zero-column-padding first  avia-builder-el-2  el_after_av_one_full  el_before_av_one_full  column-top-margin\" style='border-radius:0px; '><section class=\"av_textblock_section \"  itemscope=\"itemscope\" itemtype=\"https:\/\/schema.org\/BlogPosting\" itemprop=\"blogPost\" ><div class='avia_textblock  '   itemprop=\"text\" ><p style=\"text-align: center;\"><strong><span style=\"font-size: 18pt;\">Tres municipios de la regi\u00f3n de Ays\u00e9n obtienen distinci\u00f3n Tur\u00edstica de SERNATUR<\/span><\/strong><\/p>\n<div id=\"gtx-trans\" style=\"position: absolute; left: -50px; top: 4.31534px;\">\n<div class=\"gtx-trans-icon\"><\/div>\n<\/div>\n<\/div><\/section><\/div><div class=\"flex_column av_one_full  flex_column_div av-zero-column-padding first  avia-builder-el-4  el_after_av_one_full  el_before_av_hr  column-top-margin\" style='border-radius:0px; '><section class=\"av_textblock_section \"  itemscope=\"itemscope\" itemtype=\"https:\/\/schema.org\/BlogPosting\" itemprop=\"blogPost\" ><div class='avia_textblock  '   itemprop=\"text\" ><p style=\"text-align: justify;\">Con la presencia de la Subsecretaria de Turismo y el Director Nacional de Sernatur, este 28 y 29 de agosto se desarroll\u00f3 en la ciudad de Futrono, regi\u00f3n de Los R\u00edos, el 5\u00b0 Congreso Nacional de Municipalidades Tur\u00edsticas, organizado por el Servicio Nacional de Turismo, el Gobierno Regional de Los R\u00edos y la Municipalidad de Futrono.<\/p>\n<p style=\"text-align: justify;\">En este importante evento nacional se entreg\u00f3 la distinci\u00f3n de Municipalidad Tur\u00edstica de Sernatur a 33 Municipios del pa\u00eds, con esto se alcanza un total de 77 Municipios con esta distinci\u00f3n a nivel nacional. En esta oportunidad, y como representantes de la regi\u00f3n de Ays\u00e9n, recibieron esta distinci\u00f3n los municipios de Ays\u00e9n, Chile Chico y O\u00b4Higgins. En esta ocasi\u00f3n tambi\u00e9n particip\u00f3 el alcalde de R\u00edo Iba\u00f1ez, Marcelo Jelvez Cardenas, que se encuentra en proceso de obtenci\u00f3n de la distinci\u00f3n tur\u00edstica.<\/p>\n<p style=\"text-align: justify;\">En el marco de esta actividad, el director regional de Sernatur, <em>Claudio Montecinos<\/em> Angulo, destac\u00f3 \u201cLa regi\u00f3n de Ays\u00e9n ha alcanzado un hito significativo en el trabajo con los municipios de la regi\u00f3n. Las comunas de Ays\u00e9n, O&#8217;Higgins y Chile Chico se han sumado a las que ya contaban con esta distinci\u00f3n, Tortel y Coyhaique, fortaleciendo as\u00ed la gesti\u00f3n y planificaci\u00f3n tur\u00edstica en los municipios de la regi\u00f3n, condici\u00f3n necesaria para mejorar la competitividad del destino Ays\u00e9n Patagonia. \u00a0Por otro lado, quisiera destacar el reconocimineto que recibi\u00f3 la encargada de la Unidad de Turismo de la Municipalidad de Ays\u00e9n, Loreta Co\u00f1ecar, como la mejor coordinadora municipal de turismo de la Regi\u00f3n de Ays\u00e9n\u201d.<\/p>\n<p style=\"text-align: justify;\">Por su parte, el alcalde de Ays\u00e9n<strong>, <\/strong><em>Luis Mart\u00ednez Gallardo<\/em>, expres\u00f3 su impresi\u00f3n por la participaci\u00f3n del Municipio en este Congreso, \u00abNos vamos muy felices, porque es la primera vez que tenemos la distinci\u00f3n como municipio tur\u00edstico. Adem\u00e1s, la cantidad de conversaciones que se generan y que son virtuosas para poder avanzar en el turismo de nuestra comuna. Quiero agradecer tambi\u00e9n a Sernatur por la organizaci\u00f3n, por todo lo que han generado y todas las ruedas de negocio y las atenciones que hemos tenido como municipio. Estamos felices, pero tambi\u00e9n esperanzados en que esto nos va a servir en la comuna para seguir creciendo\u00bb.<\/p>\n<p style=\"text-align: justify;\">A su vez, el alcalde de Chile Chico, Ariel Keim Hermosilla, tambi\u00e9n comparti\u00f3 su impresi\u00f3n, \u00abEstamos muy contentos, por supuesto, de estar ac\u00e1 en este quinto encuentro de municipalidades tur\u00edsticas&#8230; contentos de poder estar poniendo en nombre de nuestra comuna en instancias tan importantes como esta, pero tambi\u00e9n, a la vez, contentos por la distinci\u00f3n que hemos recibido como una municipalidad tur\u00edstica, que sin duda tambi\u00e9n viene a reforzar el compromiso que tenemos como administraci\u00f3n con el turismo en la l\u00ednea de poder generar una estrategia seria, responsable y, por supuesto, con hechos concretos que permitan visibilizar a nuestra comuna en el plano nacional e internacional. Por supuesto que agradecer y reconocer tambi\u00e9n el apoyo que hemos recibido de parte de Sernatur para poder\u201d.<\/p>\n<p style=\"text-align: justify;\">Desde 2004, Sernatur impulsa el Programa Nacional de Turismo Municipal, trabajando con m\u00e1s de 90 comunas en todo el pa\u00eds. En 2019 se cre\u00f3 la Distinci\u00f3n Municipalidad Tur\u00edstica, un reconocimiento que certifica a los municipios que alcanzan un est\u00e1ndar m\u00ednimo de desarrollo y aplican buenas pr\u00e1cticas en la gesti\u00f3n del turismo.<\/p>\n<\/div><\/section><\/div><div  style='height:50px' class='hr hr-invisible   avia-builder-el-6  el_after_av_one_full  el_before_av_social_share '><span class='hr-inner ' ><span class='hr-inner-style'><\/span><\/span><\/div><\/p>\n<div  class='av-social-sharing-box  avia-builder-el-7  el_after_av_hr  el_before_av_hr  '><div class='av-share-box'><h5 class='av-share-link-description av-no-toc '>Compartir esta noticia<\/h5><ul class='av-share-box-list noLightbox'><li class='av-share-link av-social-link-facebook' ><a target=\"_blank\" aria-label=\"Compartir en Facebook\" href='https:\/\/www.facebook.com\/sharer.php?u=https:\/\/radiorevelacionfm.cl\/?p=58578&#038;t=Tres%20municipios%20de%20la%20regi%C3%B3n%20de%20Ays%C3%A9n%20obtienen%20distinci%C3%B3n%20Tur%C3%ADstica%20de%20SERNATUR' aria-hidden='false' data-av_icon='\ue8f3' data-av_iconfont='entypo-fontello' title='' data-avia-related-tooltip='Compartir en Facebook' rel=\"noopener\"><span class='avia_hidden_link_text'>Compartir en Facebook<\/span><\/a><\/li><li class='av-share-link av-social-link-twitter' ><a target=\"_blank\" aria-label=\"Compartir en Twitter\" href='https:\/\/twitter.com\/share?text=Tres%20municipios%20de%20la%20regi%C3%B3n%20de%20Ays%C3%A9n%20obtienen%20distinci%C3%B3n%20Tur%C3%ADstica%20de%20SERNATUR&#038;url=https:\/\/radiorevelacionfm.cl\/?p=58578' aria-hidden='false' data-av_icon='\ue8f1' data-av_iconfont='entypo-fontello' title='' data-avia-related-tooltip='Compartir en Twitter' rel=\"noopener\"><span class='avia_hidden_link_text'>Compartir en Twitter<\/span><\/a><\/li><li class='av-share-link av-social-link-whatsapp' ><a target=\"_blank\" aria-label=\"Compartir en Whatsapp\" href='https:\/\/api.whatsapp.com\/send?text=https:\/\/radiorevelacionfm.cl\/?p=58578' aria-hidden='false' data-av_icon='\uf232' data-av_iconfont='entypo-fontello' title='' data-avia-related-tooltip='Compartir en Whatsapp' rel=\"noopener\"><span class='avia_hidden_link_text'>Compartir en Whatsapp<\/span><\/a><\/li><li class='av-share-link av-social-link-linkedin' ><a target=\"_blank\" aria-label=\"Compartir en LinkedIn\" href='https:\/\/linkedin.com\/shareArticle?mini=true&#038;title=Tres%20municipios%20de%20la%20regi%C3%B3n%20de%20Ays%C3%A9n%20obtienen%20distinci%C3%B3n%20Tur%C3%ADstica%20de%20SERNATUR&#038;url=https:\/\/radiorevelacionfm.cl\/?p=58578' aria-hidden='false' data-av_icon='\ue8fc' data-av_iconfont='entypo-fontello' title='' data-avia-related-tooltip='Compartir en LinkedIn' rel=\"noopener\"><span class='avia_hidden_link_text'>Compartir en LinkedIn<\/span><\/a><\/li><li class='av-share-link av-social-link-mail' ><a  aria-label=\"Compartir por correo\" href='mailto:?subject=Tres%20municipios%20de%20la%20regi%C3%B3n%20de%20Ays%C3%A9n%20obtienen%20distinci%C3%B3n%20Tur%C3%ADstica%20de%20SERNATUR&#038;body=https:\/\/radiorevelacionfm.cl\/?p=58578' aria-hidden='false' data-av_icon='\ue805' data-av_iconfont='entypo-fontello' title='' data-avia-related-tooltip='Compartir por correo'><span class='avia_hidden_link_text'>Compartir por correo<\/span><\/a><\/li><\/ul><\/div><\/div>\n<div  style='height:50px' class='hr hr-invisible   avia-builder-el-8  el_after_av_social_share  el_before_av_comments_list '><span class='hr-inner ' ><span class='hr-inner-style'><\/span><\/span><\/div>\n<div  class='av-buildercomment  av-blog-meta-html-info-disabled av-blog-meta-tag-disabled  '><\/div>\n","protected":false},"excerpt":{"rendered":"","protected":false},"author":1,"featured_media":58579,"comment_status":"closed","ping_status":"closed","sticky":false,"template":"","format":"standard","meta":{"footnotes":""},"categories":[54],"tags":[],"class_list":["post-58578","post","type-post","status-publish","format-standard","has-post-thumbnail","hentry","category-turismo"],"jetpack_featured_media_url":"https:\/\/radiorevelacionfm.cl\/wp-content\/uploads\/2025\/09\/whatsapp-image-2025-09-01-at-15_optimized.51.14-1.jpeg","_links":{"self":[{"href":"https:\/\/radiorevelacionfm.cl\/index.php?rest_route=\/wp\/v2\/posts\/58578","targetHints":{"allow":["GET"]}}],"collection":[{"href":"https:\/\/radiorevelacionfm.cl\/index.php?rest_route=\/wp\/v2\/posts"}],"about":[{"href":"https:\/\/radiorevelacionfm.cl\/index.php?rest_route=\/wp\/v2\/types\/post"}],"author":[{"embeddable":true,"href":"https:\/\/radiorevelacionfm.cl\/index.php?rest_route=\/wp\/v2\/users\/1"}],"replies":[{"embeddable":true,"href":"https:\/\/radiorevelacionfm.cl\/index.php?rest_route=%2Fwp%2Fv2%2Fcomments&post=58578"}],"version-history":[{"count":2,"href":"https:\/\/radiorevelacionfm.cl\/index.php?rest_route=\/wp\/v2\/posts\/58578\/revisions"}],"predecessor-version":[{"id":58584,"href":"https:\/\/radiorevelacionfm.cl\/index.php?rest_route=\/wp\/v2\/posts\/58578\/revisions\/58584"}],"wp:featuredmedia":[{"embeddable":true,"href":"https:\/\/radiorevelacionfm.cl\/index.php?rest_route=\/wp\/v2\/media\/58579"}],"wp:attachment":[{"href":"https:\/\/radiorevelacionfm.cl\/index.php?rest_route=%2Fwp%2Fv2%2Fmedia&parent=58578"}],"wp:term":[{"taxonomy":"category","embeddable":true,"href":"https:\/\/radiorevelacionfm.cl\/index.php?rest_route=%2Fwp%2Fv2%2Fcategories&post=58578"},{"taxonomy":"post_tag","embeddable":true,"href":"https:\/\/radiorevelacionfm.cl\/index.php?rest_route=%2Fwp%2Fv2%2Ftags&post=58578"}],"curies":[{"name":"wp","href":"https:\/\/api.w.org\/{rel}","templated":true}]}}