{"id":58574,"date":"2025-09-01T15:58:04","date_gmt":"2025-09-01T18:58:04","guid":{"rendered":"https:\/\/radiorevelacionfm.cl\/?p=58574"},"modified":"2025-09-01T15:58:04","modified_gmt":"2025-09-01T18:58:04","slug":"con-apoyo-de-corfo-emprendimientos-de-aysen-adoptan-estandares-internacionales-en-turismo-sostenible","status":"publish","type":"post","link":"https:\/\/radiorevelacionfm.cl\/?p=58574","title":{"rendered":"Con apoyo de Corfo emprendimientos de Ays\u00e9n adoptan est\u00e1ndares internacionales en turismo sostenible"},"content":{"rendered":"<div class=\"flex_column av_one_full  flex_column_div av-zero-column-padding first  avia-builder-el-0  el_before_av_one_full  avia-builder-el-first  \" style='border-radius:0px; '><div  class='avia-image-container  av-styling-    avia-builder-el-1  avia-builder-el-no-sibling  avia-align-center '  itemprop=\"image\" itemscope=\"itemscope\" itemtype=\"https:\/\/schema.org\/ImageObject\"  ><div class='avia-image-container-inner'><div class='avia-image-overlay-wrap'><img decoding=\"async\" class='wp-image-58575 avia-img-lazy-loading-not-58575 avia_image' src=\"https:\/\/radiorevelacionfm.cl\/wp-content\/uploads\/2025\/09\/3-2025-09-01T155503.080-1-1.jpg\" alt='' title='3 - 2025-09-01T155503.080 (1) (1)' height=\"800\" width=\"824\"  itemprop=\"thumbnailUrl\" srcset=\"https:\/\/radiorevelacionfm.cl\/wp-content\/uploads\/2025\/09\/3-2025-09-01T155503.080-1-1.jpg 824w, https:\/\/radiorevelacionfm.cl\/wp-content\/uploads\/2025\/09\/3-2025-09-01T155503.080-1-1-300x291.jpg 300w, https:\/\/radiorevelacionfm.cl\/wp-content\/uploads\/2025\/09\/3-2025-09-01T155503.080-1-1-768x746.jpg 768w, https:\/\/radiorevelacionfm.cl\/wp-content\/uploads\/2025\/09\/3-2025-09-01T155503.080-1-1-36x36.jpg 36w, https:\/\/radiorevelacionfm.cl\/wp-content\/uploads\/2025\/09\/3-2025-09-01T155503.080-1-1-705x684.jpg 705w, https:\/\/radiorevelacionfm.cl\/wp-content\/uploads\/2025\/09\/3-2025-09-01T155503.080-1-1-450x437.jpg 450w, https:\/\/radiorevelacionfm.cl\/wp-content\/uploads\/2025\/09\/3-2025-09-01T155503.080-1-1-600x583.jpg 600w\" sizes=\"(max-width: 824px) 100vw, 824px\" \/><\/div><\/div><\/div><\/div><div class=\"flex_column av_one_full  flex_column_div av-zero-column-padding first  avia-builder-el-2  el_after_av_one_full  el_before_av_one_full  column-top-margin\" style='border-radius:0px; '><section class=\"av_textblock_section \"  itemscope=\"itemscope\" itemtype=\"https:\/\/schema.org\/BlogPosting\" itemprop=\"blogPost\" ><div class='avia_textblock  '   itemprop=\"text\" ><p style=\"text-align: center;\"><span style=\"font-size: 18pt;\"><b>Con apoyo de Corfo emprendimientos de Ays\u00e9n adoptan est\u00e1ndares internacionales en turismo sostenible<\/b><\/span><\/p>\n<div id=\"gtx-trans\" style=\"position: absolute; left: -50px; top: 4.31534px;\">\n<div class=\"gtx-trans-icon\"><\/div>\n<\/div>\n<\/div><\/section><\/div><div class=\"flex_column av_one_full  flex_column_div av-zero-column-padding first  avia-builder-el-4  el_after_av_one_full  el_before_av_hr  column-top-margin\" style='border-radius:0px; '><section class=\"av_textblock_section \"  itemscope=\"itemscope\" itemtype=\"https:\/\/schema.org\/BlogPosting\" itemprop=\"blogPost\" ><div class='avia_textblock  '   itemprop=\"text\" ><p style=\"font-weight: 400; text-align: justify;\"><em>La segunda versi\u00f3n del programa \u201cLa Aventura del Salm\u00f3n\u201d integr\u00f3 un riguroso m\u00f3dulo de sostenibilidad corporativa que permiti\u00f3 medir el impacto de cada emprendimiento y proyectar mejoras con enfoque internacional.<\/em><\/p>\n<p style=\"font-weight: 400; text-align: justify;\">Un grupo de 30 emprendimientos tur\u00edsticos y gastron\u00f3micos de la Regi\u00f3n de Ays\u00e9n dio un paso clave hacia la sostenibilidad, incorporando por primera vez un sistema de evaluaci\u00f3n basado en est\u00e1ndares internacionales. Esta innovaci\u00f3n forma parte de la segunda versi\u00f3n del programa \u201cGastronom\u00eda Sostenible en Ays\u00e9n\u201d, conocido como la Aventura del Salm\u00f3n, impulsado por Corfo Ays\u00e9n, en alianza con el Consejo del Salm\u00f3n, la C\u00e1mara de Turismo de Puerto Ays\u00e9n y la empresa Guazzini Consultores en Turismo.<\/p>\n<p style=\"font-weight: 400; text-align: justify;\">La iniciativa busca mejorar la competitividad del ecosistema tur\u00edstico de la regi\u00f3n mediante el fortalecimiento de capacidades, la articulaci\u00f3n con la industria salmonera y la incorporaci\u00f3n de pr\u00e1cticas sostenibles. Este a\u00f1o, el componente m\u00e1s innovador del programa fue el m\u00f3dulo de sostenibilidad corporativa, liderado por el consultor estrat\u00e9gico Felipe Vera, quien dise\u00f1\u00f3 e implement\u00f3 un proceso de acompa\u00f1amiento t\u00e9cnico con foco en el impacto real de cada emprendimiento.<\/p>\n<p style=\"font-weight: 400; text-align: justify;\">Desde Corfo Ays\u00e9n subrayan que este proceso fue clave para transformar la forma en que los emprendedores comprenden su rol en el ecosistema tur\u00edstico regional. \u201cLo que m\u00e1s valoramos es que permiti\u00f3 a los participantes mirar su actividad con otros ojos: con datos, indicadores y metas concretas\u201d, se\u00f1al\u00f3 el director, Humberto Mar\u00edn Leiva. A\u00f1adi\u00f3 que esta experiencia \u201cno solo entrega herramientas t\u00e9cnicas, sino que instala una cultura empresarial orientada a la sostenibilidad y proyecta nuevos liderazgos desde los territorios\u201d. Para Mar\u00edn, este tipo de iniciativas refuerza el prop\u00f3sito institucional de Corfo: \u201cacompa\u00f1ar al territorio en su transici\u00f3n hacia un desarrollo m\u00e1s equitativo, consciente y con identidad\u201d.<\/p>\n<p style=\"font-weight: 400; text-align: justify;\">Una visi\u00f3n compartida por Patricia Galleguillos Cuevas, del restaurante Mes\u00f3n de la Patiko, quien valor\u00f3 la posibilidad de cuantificar pr\u00e1cticas que ya ven\u00edan desarrollando hace tiempo. \u201cDescubrimos c\u00f3mo medir acciones de sustentabilidad como el reciclaje de aceite, latas, vidrios, huella de carbono, tratos justos y econom\u00eda circular\u201d, explic\u00f3, y enfatiz\u00f3 que \u201csabemos que es un gran desaf\u00edo, por eso seguiremos capacit\u00e1ndonos para cumplir con los indicadores y reflejar nuestro grado de avance\u201d. Por su parte, Rodrigo Jara, del local A Modo M\u00edo, agradeci\u00f3 el respaldo entregado por Corfo y la alianza institucional, y destac\u00f3 el aporte del taller liderado por Felipe Vera. \u201cNos entregaron un sinf\u00edn de ideas y conocimientos que\u00a0nos abrieron la mente. Nos plantaron una semilla que haremos germinar en conjunto, por el bien de toda nuestra querida y hermosa regi\u00f3n\u201d, afirm\u00f3.<\/p>\n<p style=\"font-weight: 400; text-align: justify;\">Junto a estos actores, el Municipio de Puerto Ays\u00e9n ha cumplido un rol clave como due\u00f1o de casa y aliado estrat\u00e9gico, colaborando activamente en las actividades del programa y fortaleciendo la articulaci\u00f3n territorial desde lo p\u00fablico y lo local.<\/p>\n<p style=\"font-weight: 400; text-align: justify;\">Durante este m\u00f3dulo, se aplic\u00f3 un sistema de 60 indicadores internacionales, enfocados en aspectos clave como gesti\u00f3n energ\u00e9tica, h\u00eddrica, reducci\u00f3n de residuos, empleo digno, relaciones comunitarias y trazabilidad de insumos. A trav\u00e9s de sesiones individuales y visitas en terreno, Felipe Vera trabaj\u00f3 directamente con cada participante para identificar brechas, mapear buenas pr\u00e1cticas y co-construir estrategias de mejora ajustadas a la realidad del territorio.<\/p>\n<p style=\"font-weight: 400; text-align: justify;\">Cada emprendimiento recibi\u00f3 un cuadro de mando personalizado, que no solo midi\u00f3 su nivel de cumplimiento actual, sino que entreg\u00f3 sugerencias concretas para avanzar hacia modelos de negocio m\u00e1s responsables y resilientes. Adem\u00e1s, se otorg\u00f3 un certificado de participaci\u00f3n que reconoce el compromiso de cada empresa con la sostenibilidad.<\/p>\n<p style=\"font-weight: 400; text-align: justify;\">Este proceso es la primera parte para lograr la certificaci\u00f3n internacional Good Travel Seal Program de Green Destinations, que reconoce la implementaci\u00f3n de 41 indicadores adicionales en la regi\u00f3n, consolidando a Ays\u00e9n como un destino emergente en turismo sostenible.<\/p>\n<p style=\"font-weight: 400; text-align: justify;\">En los pr\u00f3ximos meses, el programa continuar\u00e1 con nuevas acciones: dise\u00f1o de planes de absorci\u00f3n tecnol\u00f3gica por empresa, desarrollo de estrategias comerciales y participaci\u00f3n en la Feria VyVA en Santiago, donde los emprendedores exhibir\u00e1n su oferta gastron\u00f3mica sostenible a nivel nacional.<\/p>\n<\/div><\/section><\/div><div  style='height:50px' class='hr hr-invisible   avia-builder-el-6  el_after_av_one_full  el_before_av_social_share '><span class='hr-inner ' ><span class='hr-inner-style'><\/span><\/span><\/div><\/p>\n<div  class='av-social-sharing-box  avia-builder-el-7  el_after_av_hr  el_before_av_hr  '><div class='av-share-box'><h5 class='av-share-link-description av-no-toc '>Compartir esta noticia<\/h5><ul class='av-share-box-list noLightbox'><li class='av-share-link av-social-link-facebook' ><a target=\"_blank\" aria-label=\"Compartir en Facebook\" href='https:\/\/www.facebook.com\/sharer.php?u=https:\/\/radiorevelacionfm.cl\/?p=58574&#038;t=Con%20apoyo%20de%20Corfo%20emprendimientos%20de%20Ays%C3%A9n%20adoptan%20est%C3%A1ndares%20internacionales%20en%20turismo%20sostenible' aria-hidden='false' data-av_icon='\ue8f3' data-av_iconfont='entypo-fontello' title='' data-avia-related-tooltip='Compartir en Facebook' rel=\"noopener\"><span class='avia_hidden_link_text'>Compartir en Facebook<\/span><\/a><\/li><li class='av-share-link av-social-link-twitter' ><a target=\"_blank\" aria-label=\"Compartir en Twitter\" href='https:\/\/twitter.com\/share?text=Con%20apoyo%20de%20Corfo%20emprendimientos%20de%20Ays%C3%A9n%20adoptan%20est%C3%A1ndares%20internacionales%20en%20turismo%20sostenible&#038;url=https:\/\/radiorevelacionfm.cl\/?p=58574' aria-hidden='false' data-av_icon='\ue8f1' data-av_iconfont='entypo-fontello' title='' data-avia-related-tooltip='Compartir en Twitter' rel=\"noopener\"><span class='avia_hidden_link_text'>Compartir en Twitter<\/span><\/a><\/li><li class='av-share-link av-social-link-whatsapp' ><a target=\"_blank\" aria-label=\"Compartir en Whatsapp\" href='https:\/\/api.whatsapp.com\/send?text=https:\/\/radiorevelacionfm.cl\/?p=58574' aria-hidden='false' data-av_icon='\uf232' data-av_iconfont='entypo-fontello' title='' data-avia-related-tooltip='Compartir en Whatsapp' rel=\"noopener\"><span class='avia_hidden_link_text'>Compartir en Whatsapp<\/span><\/a><\/li><li class='av-share-link av-social-link-linkedin' ><a target=\"_blank\" aria-label=\"Compartir en LinkedIn\" href='https:\/\/linkedin.com\/shareArticle?mini=true&#038;title=Con%20apoyo%20de%20Corfo%20emprendimientos%20de%20Ays%C3%A9n%20adoptan%20est%C3%A1ndares%20internacionales%20en%20turismo%20sostenible&#038;url=https:\/\/radiorevelacionfm.cl\/?p=58574' aria-hidden='false' data-av_icon='\ue8fc' data-av_iconfont='entypo-fontello' title='' data-avia-related-tooltip='Compartir en LinkedIn' rel=\"noopener\"><span class='avia_hidden_link_text'>Compartir en LinkedIn<\/span><\/a><\/li><li class='av-share-link av-social-link-mail' ><a  aria-label=\"Compartir por correo\" href='mailto:?subject=Con%20apoyo%20de%20Corfo%20emprendimientos%20de%20Ays%C3%A9n%20adoptan%20est%C3%A1ndares%20internacionales%20en%20turismo%20sostenible&#038;body=https:\/\/radiorevelacionfm.cl\/?p=58574' aria-hidden='false' data-av_icon='\ue805' data-av_iconfont='entypo-fontello' title='' data-avia-related-tooltip='Compartir por correo'><span class='avia_hidden_link_text'>Compartir por correo<\/span><\/a><\/li><\/ul><\/div><\/div>\n<div  style='height:50px' class='hr hr-invisible   avia-builder-el-8  el_after_av_social_share  el_before_av_comments_list '><span class='hr-inner ' ><span class='hr-inner-style'><\/span><\/span><\/div>\n<div  class='av-buildercomment  av-blog-meta-html-info-disabled av-blog-meta-tag-disabled  '><\/div>\n","protected":false},"excerpt":{"rendered":"","protected":false},"author":1,"featured_media":58575,"comment_status":"closed","ping_status":"closed","sticky":false,"template":"","format":"standard","meta":{"footnotes":""},"categories":[38],"tags":[],"class_list":["post-58574","post","type-post","status-publish","format-standard","has-post-thumbnail","hentry","category-regional"],"jetpack_featured_media_url":"https:\/\/radiorevelacionfm.cl\/wp-content\/uploads\/2025\/09\/3-2025-09-01T155503.080-1-1.jpg","_links":{"self":[{"href":"https:\/\/radiorevelacionfm.cl\/index.php?rest_route=\/wp\/v2\/posts\/58574","targetHints":{"allow":["GET"]}}],"collection":[{"href":"https:\/\/radiorevelacionfm.cl\/index.php?rest_route=\/wp\/v2\/posts"}],"about":[{"href":"https:\/\/radiorevelacionfm.cl\/index.php?rest_route=\/wp\/v2\/types\/post"}],"author":[{"embeddable":true,"href":"https:\/\/radiorevelacionfm.cl\/index.php?rest_route=\/wp\/v2\/users\/1"}],"replies":[{"embeddable":true,"href":"https:\/\/radiorevelacionfm.cl\/index.php?rest_route=%2Fwp%2Fv2%2Fcomments&post=58574"}],"version-history":[{"count":2,"href":"https:\/\/radiorevelacionfm.cl\/index.php?rest_route=\/wp\/v2\/posts\/58574\/revisions"}],"predecessor-version":[{"id":58577,"href":"https:\/\/radiorevelacionfm.cl\/index.php?rest_route=\/wp\/v2\/posts\/58574\/revisions\/58577"}],"wp:featuredmedia":[{"embeddable":true,"href":"https:\/\/radiorevelacionfm.cl\/index.php?rest_route=\/wp\/v2\/media\/58575"}],"wp:attachment":[{"href":"https:\/\/radiorevelacionfm.cl\/index.php?rest_route=%2Fwp%2Fv2%2Fmedia&parent=58574"}],"wp:term":[{"taxonomy":"category","embeddable":true,"href":"https:\/\/radiorevelacionfm.cl\/index.php?rest_route=%2Fwp%2Fv2%2Fcategories&post=58574"},{"taxonomy":"post_tag","embeddable":true,"href":"https:\/\/radiorevelacionfm.cl\/index.php?rest_route=%2Fwp%2Fv2%2Ftags&post=58574"}],"curies":[{"name":"wp","href":"https:\/\/api.w.org\/{rel}","templated":true}]}}