{"id":58566,"date":"2025-09-01T14:58:41","date_gmt":"2025-09-01T17:58:41","guid":{"rendered":"https:\/\/radiorevelacionfm.cl\/?p=58566"},"modified":"2025-09-01T14:58:41","modified_gmt":"2025-09-01T17:58:41","slug":"hospital-de-chile-chico-se-encuentra-totalmente-equipado-y-entra-en-su-etapa-final","status":"publish","type":"post","link":"https:\/\/radiorevelacionfm.cl\/?p=58566","title":{"rendered":"Hospital de Chile Chico se encuentra totalmente equipado y entra en su etapa final"},"content":{"rendered":"<div class=\"flex_column av_one_full  flex_column_div av-zero-column-padding first  avia-builder-el-0  el_before_av_one_full  avia-builder-el-first  \" style='border-radius:0px; '><div  class='avia-image-container  av-styling-    avia-builder-el-1  avia-builder-el-no-sibling  avia-align-center '  itemprop=\"image\" itemscope=\"itemscope\" itemtype=\"https:\/\/schema.org\/ImageObject\"  ><div class='avia-image-container-inner'><div class='avia-image-overlay-wrap'><img decoding=\"async\" class='wp-image-58567 avia-img-lazy-loading-not-58567 avia_image' src=\"https:\/\/radiorevelacionfm.cl\/wp-content\/uploads\/2025\/09\/IMG_9155-1-1.jpg\" alt='' title='IMG_9155 (1) (1)' height=\"600\" width=\"900\"  itemprop=\"thumbnailUrl\" srcset=\"https:\/\/radiorevelacionfm.cl\/wp-content\/uploads\/2025\/09\/IMG_9155-1-1.jpg 900w, https:\/\/radiorevelacionfm.cl\/wp-content\/uploads\/2025\/09\/IMG_9155-1-1-300x200.jpg 300w, https:\/\/radiorevelacionfm.cl\/wp-content\/uploads\/2025\/09\/IMG_9155-1-1-768x512.jpg 768w, https:\/\/radiorevelacionfm.cl\/wp-content\/uploads\/2025\/09\/IMG_9155-1-1-705x470.jpg 705w, https:\/\/radiorevelacionfm.cl\/wp-content\/uploads\/2025\/09\/IMG_9155-1-1-450x300.jpg 450w, https:\/\/radiorevelacionfm.cl\/wp-content\/uploads\/2025\/09\/IMG_9155-1-1-600x400.jpg 600w\" sizes=\"(max-width: 900px) 100vw, 900px\" \/><\/div><\/div><\/div><\/div><div class=\"flex_column av_one_full  flex_column_div av-zero-column-padding first  avia-builder-el-2  el_after_av_one_full  el_before_av_one_full  column-top-margin\" style='border-radius:0px; '><section class=\"av_textblock_section \"  itemscope=\"itemscope\" itemtype=\"https:\/\/schema.org\/BlogPosting\" itemprop=\"blogPost\" ><div class='avia_textblock  '   itemprop=\"text\" ><p style=\"text-align: center;\"><span style=\"font-size: 18pt;\"><b>Hospital de Chile Chico se encuentra totalmente equipado y entra en su etapa final<\/b><\/span><\/p>\n<div id=\"gtx-trans\" style=\"position: absolute; left: -50px; top: 4.31534px;\">\n<div class=\"gtx-trans-icon\"><\/div>\n<\/div>\n<\/div><\/section><\/div><div class=\"flex_column av_one_full  flex_column_div av-zero-column-padding first  avia-builder-el-4  el_after_av_one_full  el_before_av_hr  column-top-margin\" style='border-radius:0px; '><section class=\"av_textblock_section \"  itemscope=\"itemscope\" itemtype=\"https:\/\/schema.org\/BlogPosting\" itemprop=\"blogPost\" ><div class='avia_textblock  '   itemprop=\"text\" ><p style=\"font-weight: 400; text-align: justify;\"><em>Con una inversi\u00f3n superior a los 35 mil millones de pesos, esta obra de salud beneficiar\u00e1 a cerca de 5.000 habitantes de la cuenca del Lago General Carrera.<\/em><\/p>\n<p style=\"font-weight: 400; text-align: justify;\">El nuevo Hospital Dr. Leopoldo Ortega Rodr\u00edguez de Chile Chico ya se encuentra completamente equipado y listo para iniciar su funcionamiento. Autoridades regionales, encabezadas por el alcalde de la comuna, el director del Servicio de Salud Ays\u00e9n y la directora (s) del establecimiento, junto a representantes del gabinete regional, recorrieron las dependencias y constataron el estado de avance de esta moderna infraestructura que muy pronto abrir\u00e1 sus puertas a la comunidad.<\/p>\n<p style=\"font-weight: 400; text-align: justify;\">Su puesta en marcha constituye una de las obras m\u00e1s significativas del sector en la \u00faltima d\u00e9cada, levantada junto a la comunidad y autoridades locales.<\/p>\n<p style=\"font-weight: 400; text-align: justify;\">\u201cHemos conocido ya el nuevo hospital de la comuna de Chile Chico y est\u00e1 en la \u00faltima etapa para iniciar este proceso de traspaso y poder disponer de esta importante infraestructura al servicio de la comunidad. Es un edificio de \u00faltima tecnolog\u00eda, sumamente moderno, que cumple con todos los requerimientos, tanto para los usuarios como para los funcionarios que forman parte de la familia de la salud\u201d, dijo Ariel Keim, alcalde de la comuna de Chile Chico.<\/p>\n<p style=\"font-weight: 400; text-align: justify;\">Por su parte, el director del Servicio de Salud Ays\u00e9n, Juan Pablo Bravo Quintana, expres\u00f3: \u201cEl hospital ya est\u00e1 ad portas de entrar en operaci\u00f3n. Se encuentra con los \u00faltimos detalles que estamos trabajando en conjunto con los funcionarios, con el MOP, la concesionaria y la direcci\u00f3n del hospital para su entrada en operaci\u00f3n. Est\u00e1 completamente vestido con su equipamiento y mobiliario, y ya est\u00e1 ad portas de obtener su autorizaci\u00f3n sanitaria\u201d.<\/p>\n<p style=\"font-weight: 400; text-align: justify;\">En esa misma l\u00ednea, la directora (s) del establecimiento, Lorena Guerrero Avenda\u00f1o, acot\u00f3: \u201cLa inversi\u00f3n en equipamiento fue de alrededor de 1.800 millones de pesos. Contamos con ec\u00f3grafos de \u00faltima generaci\u00f3n, un moderno equipo de rayos X, monitores multipar\u00e1metro y de presi\u00f3n invasiva. Tambi\u00e9n con camillas, una mesa de parto electr\u00f3nica moderna, y salas de hospitalizaci\u00f3n habilitadas con camas de \u00faltima generaci\u00f3n y sillones de descanso para pacientes y familiares. En realidad, es una infraestructura moderna al servicio de toda la comunidad\u201d.<\/p>\n<p style=\"font-weight: 400; text-align: justify;\">En los pr\u00f3ximos d\u00edas, adem\u00e1s, se iniciar\u00e1 un proceso de visitas guiadas para que las y los vecinos puedan conocer el hospital antes de su inauguraci\u00f3n oficial.<\/p>\n<p style=\"font-weight: 400; text-align: justify;\">Este hospital comenz\u00f3 a construirse en 2021 y responde al compromiso del Gobierno del Presidente Gabriel Boric de fortalecer la red p\u00fablica de salud en la Regi\u00f3n de Ays\u00e9n.<\/p>\n<\/div><\/section><\/div><div  style='height:50px' class='hr hr-invisible   avia-builder-el-6  el_after_av_one_full  el_before_av_social_share '><span class='hr-inner ' ><span class='hr-inner-style'><\/span><\/span><\/div><\/p>\n<div  class='av-social-sharing-box  avia-builder-el-7  el_after_av_hr  el_before_av_hr  '><div class='av-share-box'><h5 class='av-share-link-description av-no-toc '>Compartir esta noticia<\/h5><ul class='av-share-box-list noLightbox'><li class='av-share-link av-social-link-facebook' ><a target=\"_blank\" aria-label=\"Compartir en Facebook\" href='https:\/\/www.facebook.com\/sharer.php?u=https:\/\/radiorevelacionfm.cl\/?p=58566&#038;t=Hospital%20de%20Chile%20Chico%20se%20encuentra%20totalmente%20equipado%20y%20entra%20en%20su%20etapa%20final' aria-hidden='false' data-av_icon='\ue8f3' data-av_iconfont='entypo-fontello' title='' data-avia-related-tooltip='Compartir en Facebook' rel=\"noopener\"><span class='avia_hidden_link_text'>Compartir en Facebook<\/span><\/a><\/li><li class='av-share-link av-social-link-twitter' ><a target=\"_blank\" aria-label=\"Compartir en Twitter\" href='https:\/\/twitter.com\/share?text=Hospital%20de%20Chile%20Chico%20se%20encuentra%20totalmente%20equipado%20y%20entra%20en%20su%20etapa%20final&#038;url=https:\/\/radiorevelacionfm.cl\/?p=58566' aria-hidden='false' data-av_icon='\ue8f1' data-av_iconfont='entypo-fontello' title='' data-avia-related-tooltip='Compartir en Twitter' rel=\"noopener\"><span class='avia_hidden_link_text'>Compartir en Twitter<\/span><\/a><\/li><li class='av-share-link av-social-link-whatsapp' ><a target=\"_blank\" aria-label=\"Compartir en Whatsapp\" href='https:\/\/api.whatsapp.com\/send?text=https:\/\/radiorevelacionfm.cl\/?p=58566' aria-hidden='false' data-av_icon='\uf232' data-av_iconfont='entypo-fontello' title='' data-avia-related-tooltip='Compartir en Whatsapp' rel=\"noopener\"><span class='avia_hidden_link_text'>Compartir en Whatsapp<\/span><\/a><\/li><li class='av-share-link av-social-link-linkedin' ><a target=\"_blank\" aria-label=\"Compartir en LinkedIn\" href='https:\/\/linkedin.com\/shareArticle?mini=true&#038;title=Hospital%20de%20Chile%20Chico%20se%20encuentra%20totalmente%20equipado%20y%20entra%20en%20su%20etapa%20final&#038;url=https:\/\/radiorevelacionfm.cl\/?p=58566' aria-hidden='false' data-av_icon='\ue8fc' data-av_iconfont='entypo-fontello' title='' data-avia-related-tooltip='Compartir en LinkedIn' rel=\"noopener\"><span class='avia_hidden_link_text'>Compartir en LinkedIn<\/span><\/a><\/li><li class='av-share-link av-social-link-mail' ><a  aria-label=\"Compartir por correo\" href='mailto:?subject=Hospital%20de%20Chile%20Chico%20se%20encuentra%20totalmente%20equipado%20y%20entra%20en%20su%20etapa%20final&#038;body=https:\/\/radiorevelacionfm.cl\/?p=58566' aria-hidden='false' data-av_icon='\ue805' data-av_iconfont='entypo-fontello' title='' data-avia-related-tooltip='Compartir por correo'><span class='avia_hidden_link_text'>Compartir por correo<\/span><\/a><\/li><\/ul><\/div><\/div>\n<div  style='height:50px' class='hr hr-invisible   avia-builder-el-8  el_after_av_social_share  el_before_av_comments_list '><span class='hr-inner ' ><span class='hr-inner-style'><\/span><\/span><\/div>\n<div  class='av-buildercomment  av-blog-meta-html-info-disabled av-blog-meta-tag-disabled  '><\/div>\n","protected":false},"excerpt":{"rendered":"","protected":false},"author":1,"featured_media":58567,"comment_status":"closed","ping_status":"closed","sticky":false,"template":"","format":"standard","meta":{"footnotes":""},"categories":[46],"tags":[],"class_list":["post-58566","post","type-post","status-publish","format-standard","has-post-thumbnail","hentry","category-salud"],"jetpack_featured_media_url":"https:\/\/radiorevelacionfm.cl\/wp-content\/uploads\/2025\/09\/IMG_9155-1-1.jpg","_links":{"self":[{"href":"https:\/\/radiorevelacionfm.cl\/index.php?rest_route=\/wp\/v2\/posts\/58566","targetHints":{"allow":["GET"]}}],"collection":[{"href":"https:\/\/radiorevelacionfm.cl\/index.php?rest_route=\/wp\/v2\/posts"}],"about":[{"href":"https:\/\/radiorevelacionfm.cl\/index.php?rest_route=\/wp\/v2\/types\/post"}],"author":[{"embeddable":true,"href":"https:\/\/radiorevelacionfm.cl\/index.php?rest_route=\/wp\/v2\/users\/1"}],"replies":[{"embeddable":true,"href":"https:\/\/radiorevelacionfm.cl\/index.php?rest_route=%2Fwp%2Fv2%2Fcomments&post=58566"}],"version-history":[{"count":2,"href":"https:\/\/radiorevelacionfm.cl\/index.php?rest_route=\/wp\/v2\/posts\/58566\/revisions"}],"predecessor-version":[{"id":58569,"href":"https:\/\/radiorevelacionfm.cl\/index.php?rest_route=\/wp\/v2\/posts\/58566\/revisions\/58569"}],"wp:featuredmedia":[{"embeddable":true,"href":"https:\/\/radiorevelacionfm.cl\/index.php?rest_route=\/wp\/v2\/media\/58567"}],"wp:attachment":[{"href":"https:\/\/radiorevelacionfm.cl\/index.php?rest_route=%2Fwp%2Fv2%2Fmedia&parent=58566"}],"wp:term":[{"taxonomy":"category","embeddable":true,"href":"https:\/\/radiorevelacionfm.cl\/index.php?rest_route=%2Fwp%2Fv2%2Fcategories&post=58566"},{"taxonomy":"post_tag","embeddable":true,"href":"https:\/\/radiorevelacionfm.cl\/index.php?rest_route=%2Fwp%2Fv2%2Ftags&post=58566"}],"curies":[{"name":"wp","href":"https:\/\/api.w.org\/{rel}","templated":true}]}}