{"id":58562,"date":"2025-09-01T12:25:21","date_gmt":"2025-09-01T15:25:21","guid":{"rendered":"https:\/\/radiorevelacionfm.cl\/?p=58562"},"modified":"2025-09-01T12:30:49","modified_gmt":"2025-09-01T15:30:49","slug":"corte-de-coyhaique-ordena-reincorporar-a-socias-excluidas-de-comite-de-vivienda-raiz-de-la-patagonia","status":"publish","type":"post","link":"https:\/\/radiorevelacionfm.cl\/?p=58562","title":{"rendered":"Corte de Coyhaique ordena reincorporar a socias excluidas de Comit\u00e9 de Vivienda \u2018\u2018Ra\u00edz de la Patagonia\u2019\u2019"},"content":{"rendered":"<div class=\"flex_column av_one_full  flex_column_div av-zero-column-padding first  avia-builder-el-0  el_before_av_one_full  avia-builder-el-first  \" style='border-radius:0px; '><div  class='avia-image-container  av-styling-    avia-builder-el-1  avia-builder-el-no-sibling  avia-align-center '  itemprop=\"image\" itemscope=\"itemscope\" itemtype=\"https:\/\/schema.org\/ImageObject\"  ><div class='avia-image-container-inner'><div class='avia-image-overlay-wrap'><img decoding=\"async\" class='wp-image-34064 avia-img-lazy-loading-not-34064 avia_image' src=\"https:\/\/radiorevelacionfm.cl\/wp-content\/uploads\/2023\/08\/Foto-8-Corte-Coyhaique-1-1.jpg\" alt='' title='Foto 8 Corte Coyhaique (1) (1)' height=\"600\" width=\"772\"  itemprop=\"thumbnailUrl\" srcset=\"https:\/\/radiorevelacionfm.cl\/wp-content\/uploads\/2023\/08\/Foto-8-Corte-Coyhaique-1-1.jpg 772w, https:\/\/radiorevelacionfm.cl\/wp-content\/uploads\/2023\/08\/Foto-8-Corte-Coyhaique-1-1-300x233.jpg 300w, https:\/\/radiorevelacionfm.cl\/wp-content\/uploads\/2023\/08\/Foto-8-Corte-Coyhaique-1-1-768x597.jpg 768w, https:\/\/radiorevelacionfm.cl\/wp-content\/uploads\/2023\/08\/Foto-8-Corte-Coyhaique-1-1-705x548.jpg 705w, https:\/\/radiorevelacionfm.cl\/wp-content\/uploads\/2023\/08\/Foto-8-Corte-Coyhaique-1-1-450x350.jpg 450w, https:\/\/radiorevelacionfm.cl\/wp-content\/uploads\/2023\/08\/Foto-8-Corte-Coyhaique-1-1-600x466.jpg 600w\" sizes=\"(max-width: 772px) 100vw, 772px\" \/><\/div><\/div><\/div><\/div>\n<div class=\"flex_column av_one_full  flex_column_div av-zero-column-padding first  avia-builder-el-2  el_after_av_one_full  el_before_av_one_full  column-top-margin\" style='border-radius:0px; '><section class=\"av_textblock_section \"  itemscope=\"itemscope\" itemtype=\"https:\/\/schema.org\/BlogPosting\" itemprop=\"blogPost\" ><div class='avia_textblock  '   itemprop=\"text\" ><p style=\"text-align: center;\"><strong><span style=\"font-size: 18pt;\">Corte de Coyhaique ordena reincorporar a socias excluidas de Comit\u00e9 de Vivienda \u2018\u2018Ra\u00edz de la Patagonia\u2019\u2019<\/span><\/strong><\/p>\n<div id=\"gtx-trans\" style=\"position: absolute; left: -50px; top: 4.31534px;\">\n<div class=\"gtx-trans-icon\"><\/div>\n<\/div>\n<\/div><\/section><\/div>\n<div class=\"flex_column av_one_full  flex_column_div av-zero-column-padding first  avia-builder-el-4  el_after_av_one_full  el_before_av_hr  column-top-margin\" style='border-radius:0px; '><section class=\"av_textblock_section \"  itemscope=\"itemscope\" itemtype=\"https:\/\/schema.org\/BlogPosting\" itemprop=\"blogPost\" ><div class='avia_textblock  '   itemprop=\"text\" ><p style=\"font-weight: 400; text-align: justify;\">La Corte de Apelaciones de Coyhaique acogi\u00f3 un recurso de protecci\u00f3n y orden\u00f3 al Comit\u00e9 de Vivienda \u201cRa\u00edz de la Patagonia\u201d reincorporar a dos socias que hab\u00edan sido excluidas del listado de postulantes a subsidio habitacional, calificando la decisi\u00f3n del comit\u00e9 como ilegal y arbitraria.<\/p>\n<p style=\"font-weight: 400; text-align: justify;\">En fallo un\u00e1nime (Rol 176-2025), la Primera Sala del tribunal \u2013integrada por el ministro presidente Pedro Castro Espinoza y los ministros Jos\u00e9 Ignacio Mora Trujillo y Natalia Rencoret Oliva\u2013 determin\u00f3 que la desvinculaci\u00f3n de las recurrentes no se ajust\u00f3 a los procedimientos legales ni estatutarios.<\/p>\n<p style=\"font-weight: 400; text-align: justify;\">\u201cQue, en consecuencia, de la normativa citada se vislumbra que, para proceder a la exclusi\u00f3n de un miembro del Comit\u00e9 de Vivienda, en el caso de marras, \u2018\u2019Ra\u00edz de la Patagonia\u2019\u2019, es menester y necesariamente obligatorio que previo al acto de exclusi\u00f3n medie una investigaci\u00f3n previa en la que debe ser o\u00edda la persona que se pretende excluir y si estando citada formalmente no comparece, la asamblea extraordinaria proceder\u00e1 en consecuencia; si comparece y efect\u00faa descargos, debe citarse o convocarse a una Asamblea General de car\u00e1cter Extraordinaria, en la que deber\u00e1 tratarse s\u00f3lo lo relativo a la convocatoria y el acuerdo de exclusi\u00f3n debe tomarse, al menos, por los dos tercios de los miembros presentes\u201d, se\u00f1ala el fallo.<\/p>\n<p style=\"font-weight: 400; text-align: justify;\">A\u00f1ade que: \u201c(\u2026)de la sola lectura del Acta de Asamblea Extraordinaria, de fecha 05 de julio del a\u00f1o 2025, y del Acta de Asamblea, de fecha 20 de julio del a\u00f1o 2025, desde el punto de vista formal, consta que no se cumpli\u00f3 por el citado Comit\u00e9, con ninguno de los requisitos que los estatutos y la Ley determinan obligatoriamente para excluir a un miembro del mismo, puesto que, no existi\u00f3 investigaci\u00f3n previa, no se cit\u00f3 formalmente a las recurrentes a presentar sus descargos y no consta de manera alguna, que se haya cumplido con el quorum exigido\u201d.<\/p>\n<p style=\"font-weight: 400; text-align: justify;\">Asimismo, indica que: \u201c(\u2026) a mayor abundamiento, no se han presentado pruebas objetivas o fehacientes que respalden las acusaciones de faltas de respeto o descalificaciones graves realizadas por las recurrentes contra el Presidente del Comit\u00e9. En efecto, en el acta de la asamblea del 5 de Julio del a\u00f1o 2025, en la del 20 de Julio del mismo a\u00f1o, ni en la carta de desvinculaci\u00f3n, se hace menci\u00f3n alguna a los supuestos descalificativos utilizados por las recurrentes, los cuales habr\u00edan justificado su expulsi\u00f3n del comit\u00e9\u201d.<\/p>\n<p style=\"font-weight: 400; text-align: justify;\">Por tanto, se resolvi\u00f3 que:<\/p>\n<p style=\"text-align: justify;\">I. \u201c<strong>SE ACOGE<\/strong>, sin costas, el recurso de protecci\u00f3n interpuesto por Gonzalo Iv\u00e1n L\u00f3pez Ojeda, en favor de Lucia Vanessa Gallardo Figueroa y de Mirna Gloria Verdugo Figueroa, en contra del Comit\u00e9 de Vivienda \u2018\u2018Ra\u00edz de la Patagonia\u2019\u2019 y de su presidente, Yony P\u00e9rez Vargas y en consecuencia, se deja sin efecto lo resuelto por la Directiva de dicho Comit\u00e9, informado en Asamblea de fecha 5 de julio del a\u00f1o 2025 y ratificado en Asamblea de fecha 20 de julio del mismo a\u00f1o, en orden a excluir a las recurrentes y consecuencialmente, de dejarlas fuera del listado de personas que fuere remitido a la Municipalidad de Coyhaique y posteriormente al Servicio de Vivienda y Urbanismo, para la tramitaci\u00f3n del pertinente subsidio habitacional\u201d.<\/p>\n<p style=\"text-align: justify;\">II. Que, atendido lo resuelto, el recurrido deber\u00e1 disponer la inmediata Reincorporaci\u00f3n de las recurrentes como miembros del citado Comit\u00e9 y por ende, en el listado de beneficiarios que optar\u00e1n al beneficio de subsidio habitacional.<\/p>\n<p style=\"text-align: justify;\">III. Que, para el evento de que el Servicio de Vivienda y Urbanismo hubiere iniciado los tr\u00e1mites de rigor para la consideraci\u00f3n del otorgamiento del subsidio habitacional al que se postula, deber\u00e1 abstenerse de continuar con su tramitaci\u00f3n, hasta que se le presente, en forma, el pertinente listado de solicitantes, en el que deber\u00e1n figurar las recurrentes de autos debiendo oficiarse al efecto al mencionado Servicio.<\/p>\n<\/div><\/section><\/div><div  style='height:50px' class='hr hr-invisible   avia-builder-el-6  el_after_av_one_full  el_before_av_social_share '><span class='hr-inner ' ><span class='hr-inner-style'><\/span><\/span><\/div><\/p>\n<div  class='av-social-sharing-box  avia-builder-el-7  el_after_av_hr  el_before_av_hr  '><div class='av-share-box'><h5 class='av-share-link-description av-no-toc '>Compartir esta noticia<\/h5><ul class='av-share-box-list noLightbox'><li class='av-share-link av-social-link-facebook' ><a target=\"_blank\" aria-label=\"Compartir en Facebook\" href='https:\/\/www.facebook.com\/sharer.php?u=https:\/\/radiorevelacionfm.cl\/?p=58562&#038;t=Corte%20de%20Coyhaique%20ordena%20reincorporar%20a%20socias%20excluidas%20de%20Comit%C3%A9%20de%20Vivienda%20%E2%80%98%E2%80%98Ra%C3%ADz%20de%20la%20Patagonia%E2%80%99%E2%80%99' aria-hidden='false' data-av_icon='\ue8f3' data-av_iconfont='entypo-fontello' title='' data-avia-related-tooltip='Compartir en Facebook' rel=\"noopener\"><span class='avia_hidden_link_text'>Compartir en Facebook<\/span><\/a><\/li><li class='av-share-link av-social-link-twitter' ><a target=\"_blank\" aria-label=\"Compartir en Twitter\" href='https:\/\/twitter.com\/share?text=Corte%20de%20Coyhaique%20ordena%20reincorporar%20a%20socias%20excluidas%20de%20Comit%C3%A9%20de%20Vivienda%20%E2%80%98%E2%80%98Ra%C3%ADz%20de%20la%20Patagonia%E2%80%99%E2%80%99&#038;url=https:\/\/radiorevelacionfm.cl\/?p=58562' aria-hidden='false' data-av_icon='\ue8f1' data-av_iconfont='entypo-fontello' title='' data-avia-related-tooltip='Compartir en Twitter' rel=\"noopener\"><span class='avia_hidden_link_text'>Compartir en Twitter<\/span><\/a><\/li><li class='av-share-link av-social-link-whatsapp' ><a target=\"_blank\" aria-label=\"Compartir en Whatsapp\" href='https:\/\/api.whatsapp.com\/send?text=https:\/\/radiorevelacionfm.cl\/?p=58562' aria-hidden='false' data-av_icon='\uf232' data-av_iconfont='entypo-fontello' title='' data-avia-related-tooltip='Compartir en Whatsapp' rel=\"noopener\"><span class='avia_hidden_link_text'>Compartir en Whatsapp<\/span><\/a><\/li><li class='av-share-link av-social-link-linkedin' ><a target=\"_blank\" aria-label=\"Compartir en LinkedIn\" href='https:\/\/linkedin.com\/shareArticle?mini=true&#038;title=Corte%20de%20Coyhaique%20ordena%20reincorporar%20a%20socias%20excluidas%20de%20Comit%C3%A9%20de%20Vivienda%20%E2%80%98%E2%80%98Ra%C3%ADz%20de%20la%20Patagonia%E2%80%99%E2%80%99&#038;url=https:\/\/radiorevelacionfm.cl\/?p=58562' aria-hidden='false' data-av_icon='\ue8fc' data-av_iconfont='entypo-fontello' title='' data-avia-related-tooltip='Compartir en LinkedIn' rel=\"noopener\"><span class='avia_hidden_link_text'>Compartir en LinkedIn<\/span><\/a><\/li><li class='av-share-link av-social-link-mail' ><a  aria-label=\"Compartir por correo\" href='mailto:?subject=Corte%20de%20Coyhaique%20ordena%20reincorporar%20a%20socias%20excluidas%20de%20Comit%C3%A9%20de%20Vivienda%20%E2%80%98%E2%80%98Ra%C3%ADz%20de%20la%20Patagonia%E2%80%99%E2%80%99&#038;body=https:\/\/radiorevelacionfm.cl\/?p=58562' aria-hidden='false' data-av_icon='\ue805' data-av_iconfont='entypo-fontello' title='' data-avia-related-tooltip='Compartir por correo'><span class='avia_hidden_link_text'>Compartir por correo<\/span><\/a><\/li><\/ul><\/div><\/div>\n<div  style='height:50px' class='hr hr-invisible   avia-builder-el-8  el_after_av_social_share  el_before_av_comments_list '><span class='hr-inner ' ><span class='hr-inner-style'><\/span><\/span><\/div>\n<div  class='av-buildercomment  av-blog-meta-html-info-disabled av-blog-meta-tag-disabled  '><\/div>\n","protected":false},"excerpt":{"rendered":"","protected":false},"author":1,"featured_media":34064,"comment_status":"closed","ping_status":"closed","sticky":false,"template":"","format":"standard","meta":{"footnotes":""},"categories":[55],"tags":[],"class_list":["post-58562","post","type-post","status-publish","format-standard","has-post-thumbnail","hentry","category-justicia"],"jetpack_featured_media_url":"https:\/\/radiorevelacionfm.cl\/wp-content\/uploads\/2023\/08\/Foto-8-Corte-Coyhaique-1-1.jpg","_links":{"self":[{"href":"https:\/\/radiorevelacionfm.cl\/index.php?rest_route=\/wp\/v2\/posts\/58562","targetHints":{"allow":["GET"]}}],"collection":[{"href":"https:\/\/radiorevelacionfm.cl\/index.php?rest_route=\/wp\/v2\/posts"}],"about":[{"href":"https:\/\/radiorevelacionfm.cl\/index.php?rest_route=\/wp\/v2\/types\/post"}],"author":[{"embeddable":true,"href":"https:\/\/radiorevelacionfm.cl\/index.php?rest_route=\/wp\/v2\/users\/1"}],"replies":[{"embeddable":true,"href":"https:\/\/radiorevelacionfm.cl\/index.php?rest_route=%2Fwp%2Fv2%2Fcomments&post=58562"}],"version-history":[{"count":3,"href":"https:\/\/radiorevelacionfm.cl\/index.php?rest_route=\/wp\/v2\/posts\/58562\/revisions"}],"predecessor-version":[{"id":58564,"href":"https:\/\/radiorevelacionfm.cl\/index.php?rest_route=\/wp\/v2\/posts\/58562\/revisions\/58564"}],"wp:featuredmedia":[{"embeddable":true,"href":"https:\/\/radiorevelacionfm.cl\/index.php?rest_route=\/wp\/v2\/media\/34064"}],"wp:attachment":[{"href":"https:\/\/radiorevelacionfm.cl\/index.php?rest_route=%2Fwp%2Fv2%2Fmedia&parent=58562"}],"wp:term":[{"taxonomy":"category","embeddable":true,"href":"https:\/\/radiorevelacionfm.cl\/index.php?rest_route=%2Fwp%2Fv2%2Fcategories&post=58562"},{"taxonomy":"post_tag","embeddable":true,"href":"https:\/\/radiorevelacionfm.cl\/index.php?rest_route=%2Fwp%2Fv2%2Ftags&post=58562"}],"curies":[{"name":"wp","href":"https:\/\/api.w.org\/{rel}","templated":true}]}}