{"id":58558,"date":"2025-09-01T11:03:40","date_gmt":"2025-09-01T14:03:40","guid":{"rendered":"https:\/\/radiorevelacionfm.cl\/?p=58558"},"modified":"2025-09-01T11:03:40","modified_gmt":"2025-09-01T14:03:40","slug":"entregan-dos-obras-del-fondo-social-presidente-de-la-republica-en-la-comuna-de-chile-chico","status":"publish","type":"post","link":"https:\/\/radiorevelacionfm.cl\/?p=58558","title":{"rendered":"Entregan dos obras del Fondo Social Presidente de la Rep\u00fablica en la comuna de Chile Chico"},"content":{"rendered":"<div class=\"flex_column av_one_full  flex_column_div av-zero-column-padding first  avia-builder-el-0  el_before_av_one_full  avia-builder-el-first  \" style='border-radius:0px; '><div  class='avia-image-container  av-styling-    avia-builder-el-1  avia-builder-el-no-sibling  avia-align-center '  itemprop=\"image\" itemscope=\"itemscope\" itemtype=\"https:\/\/schema.org\/ImageObject\"  ><div class='avia-image-container-inner'><div class='avia-image-overlay-wrap'><img decoding=\"async\" class='wp-image-58559 avia-img-lazy-loading-not-58559 avia_image' src=\"https:\/\/radiorevelacionfm.cl\/wp-content\/uploads\/2025\/09\/entrega-fspr-1-1_optimized.jpeg\" alt='' title='entrega-fspr-(1)-(1)_optimized' height=\"600\" width=\"1067\"  itemprop=\"thumbnailUrl\" srcset=\"https:\/\/radiorevelacionfm.cl\/wp-content\/uploads\/2025\/09\/entrega-fspr-1-1_optimized.jpeg 1067w, https:\/\/radiorevelacionfm.cl\/wp-content\/uploads\/2025\/09\/entrega-fspr-1-1_optimized-300x169.jpeg 300w, https:\/\/radiorevelacionfm.cl\/wp-content\/uploads\/2025\/09\/entrega-fspr-1-1_optimized-1030x579.jpeg 1030w, https:\/\/radiorevelacionfm.cl\/wp-content\/uploads\/2025\/09\/entrega-fspr-1-1_optimized-768x432.jpeg 768w, https:\/\/radiorevelacionfm.cl\/wp-content\/uploads\/2025\/09\/entrega-fspr-1-1_optimized-705x396.jpeg 705w, https:\/\/radiorevelacionfm.cl\/wp-content\/uploads\/2025\/09\/entrega-fspr-1-1_optimized-450x253.jpeg 450w, https:\/\/radiorevelacionfm.cl\/wp-content\/uploads\/2025\/09\/entrega-fspr-1-1_optimized-600x337.jpeg 600w\" sizes=\"(max-width: 1067px) 100vw, 1067px\" \/><\/div><\/div><\/div><\/div><div class=\"flex_column av_one_full  flex_column_div av-zero-column-padding first  avia-builder-el-2  el_after_av_one_full  el_before_av_one_full  column-top-margin\" style='border-radius:0px; '><section class=\"av_textblock_section \"  itemscope=\"itemscope\" itemtype=\"https:\/\/schema.org\/BlogPosting\" itemprop=\"blogPost\" ><div class='avia_textblock  '   itemprop=\"text\" ><p style=\"text-align: center;\"><strong><span style=\"font-size: 18pt;\">Entregan dos obras del Fondo Social Presidente de la Rep\u00fablica en la comuna de Chile Chico<\/span><\/strong><\/p>\n<div id=\"gtx-trans\" style=\"position: absolute; left: -50px; top: 4.31534px;\">\n<div class=\"gtx-trans-icon\"><\/div>\n<\/div>\n<\/div><\/section><\/div><div class=\"flex_column av_one_full  flex_column_div av-zero-column-padding first  avia-builder-el-4  el_after_av_one_full  el_before_av_hr  column-top-margin\" style='border-radius:0px; '><section class=\"av_textblock_section \"  itemscope=\"itemscope\" itemtype=\"https:\/\/schema.org\/BlogPosting\" itemprop=\"blogPost\" ><div class='avia_textblock  '   itemprop=\"text\" ><p style=\"text-align: justify;\">La Delegaci\u00f3n Presidencial Provincial de General Carrera concret\u00f3 la entrega de dos proyectos financiados a trav\u00e9s del Fondo Social Presidente de la Rep\u00fablica, iniciativa del Ministerio del Interior que permite a organizaciones sociales fortalecer sus espacios comunitarios y productivos.<\/p>\n<p style=\"text-align: justify;\">En esta ocasi\u00f3n, las obras se materializaron en la comuna de Chile Chico, con una inversi\u00f3n cercana a los $15 millones cada una. La primera corresponde a la Agrupaci\u00f3n de Mineros Artesanales Pirquineros de Puerto Guadal, que postul\u00f3 al cierre vidriado y extensi\u00f3n del techo de su taller. Con esta mejora, los socios podr\u00e1n resguardar sus maquinarias de la lluvia y la nieve, optimizando el uso del espacio sin la necesidad de trasladar sus herramientas a containers tras cada jornada. La agrupaci\u00f3n se dedica al trabajo en rocas ornamentales y a la elaboraci\u00f3n de artesan\u00eda en piedra.<\/p>\n<p style=\"text-align: justify;\">En tanto, la Agrupaci\u00f3n de Mineros Aur\u00edferos de Chile Chico recibi\u00f3 un cierre perimetral para el terreno donde actualmente mantienen dos containers con equipos. Se trata de un primer paso para habilitar un espacio que en el futuro esperan transformar en sala de ventas de sus artesan\u00edas. Este sitio fue regularizado con el apoyo del Ministerio de Obras P\u00fablicas, posteriormente, entregado por Bienes Nacionales, y se encuentra estrat\u00e9gicamente ubicado a un costado del Paseo del Sol, en la cabecera comunal.<\/p>\n<p style=\"text-align: justify;\">Ambas iniciativas forman parte del sello que ha tenido este fondo en la provincia, donde tres de los cinco proyectos adjudicados durante el \u00faltimo periodo han estado vinculados a la peque\u00f1a miner\u00eda.<\/p>\n<p style=\"text-align: justify;\">Iv\u00e1n De la Rosa, presidente de la Agrupaci\u00f3n de Mineros Artesanales Pirquineros de Puerto Guadal, destac\u00f3 que \u201cesto es un anhelo ya de varios a\u00f1os por el problema clim\u00e1tico de que cuando hab\u00eda lluvia o nieve, se filtraba toda hacia abajo de la parte techada\u201d, agregando que \u201cFue muy fundamental el apoyo de la Delegaci\u00f3n Presidencial, tanto en la formulaci\u00f3n al principio del proyecto, la postulaci\u00f3n y el seguimiento que ellos nos han dado\u201d.<\/p>\n<p style=\"text-align: justify;\">Por su parte, Yamilet Burgos, presidenta de la Agrupaci\u00f3n de Mineros Aur\u00edferos de Chile Chico, valor\u00f3 el trabajo conjunto para concretar este cierre perimetral: \u201cEstamos m\u00e1s que contentos, este es un trabajo que hemos ido desarrollando con la directiva y se ha visto un progreso, junto con el apoyo de las autoridades que nos han guiado para que esto se haga realidad\u201d.<\/p>\n<p style=\"text-align: justify;\">El delegado presidencial provincial de General Carrera, Crist\u00f3bal Barcel\u00f3, sostuvo que \u201cEl Fondo Social Presidente de la Rep\u00fablica ha sido fundamental para la provincia General Carrera, hemos tenido un aporte significativo a las distintas organizaciones que han postulado y han sido beneficiadas con este fondo. En el caso de Guadal y en Chile Chico, ambas AG ligadas a la miner\u00eda artesanal, han sido beneficiadas para poder mejorar su infraestructura y contar con mejores condiciones en sus espacios de trabajo\u201d, a lo que sum\u00f3 \u201cEsto cumple con el mandato que nos ha dado nuestro Presidente Gabriel Boric Font con estar en los territorios, con apoyar a las comunidades y escuchar cu\u00e1les son sus reales necesidades\u201d cerr\u00f3 la autoridad provincial.<\/p>\n<p style=\"text-align: justify;\">Con estas iniciativas, la Delegaci\u00f3n Presidencial Provincial refuerza su compromiso con el desarrollo productivo y comunitario en la cuenca del Lago General Carrera.<\/p>\n<\/div><\/section><\/div><div  style='height:50px' class='hr hr-invisible   avia-builder-el-6  el_after_av_one_full  el_before_av_social_share '><span class='hr-inner ' ><span class='hr-inner-style'><\/span><\/span><\/div><\/p>\n<div  class='av-social-sharing-box  avia-builder-el-7  el_after_av_hr  el_before_av_hr  '><div class='av-share-box'><h5 class='av-share-link-description av-no-toc '>Compartir esta noticia<\/h5><ul class='av-share-box-list noLightbox'><li class='av-share-link av-social-link-facebook' ><a target=\"_blank\" aria-label=\"Compartir en Facebook\" href='https:\/\/www.facebook.com\/sharer.php?u=https:\/\/radiorevelacionfm.cl\/?p=58558&#038;t=Entregan%20dos%20obras%20del%20Fondo%20Social%20Presidente%20de%20la%20Rep%C3%BAblica%20en%20la%20comuna%20de%20Chile%20Chico' aria-hidden='false' data-av_icon='\ue8f3' data-av_iconfont='entypo-fontello' title='' data-avia-related-tooltip='Compartir en Facebook' rel=\"noopener\"><span class='avia_hidden_link_text'>Compartir en Facebook<\/span><\/a><\/li><li class='av-share-link av-social-link-twitter' ><a target=\"_blank\" aria-label=\"Compartir en Twitter\" href='https:\/\/twitter.com\/share?text=Entregan%20dos%20obras%20del%20Fondo%20Social%20Presidente%20de%20la%20Rep%C3%BAblica%20en%20la%20comuna%20de%20Chile%20Chico&#038;url=https:\/\/radiorevelacionfm.cl\/?p=58558' aria-hidden='false' data-av_icon='\ue8f1' data-av_iconfont='entypo-fontello' title='' data-avia-related-tooltip='Compartir en Twitter' rel=\"noopener\"><span class='avia_hidden_link_text'>Compartir en Twitter<\/span><\/a><\/li><li class='av-share-link av-social-link-whatsapp' ><a target=\"_blank\" aria-label=\"Compartir en Whatsapp\" href='https:\/\/api.whatsapp.com\/send?text=https:\/\/radiorevelacionfm.cl\/?p=58558' aria-hidden='false' data-av_icon='\uf232' data-av_iconfont='entypo-fontello' title='' data-avia-related-tooltip='Compartir en Whatsapp' rel=\"noopener\"><span class='avia_hidden_link_text'>Compartir en Whatsapp<\/span><\/a><\/li><li class='av-share-link av-social-link-linkedin' ><a target=\"_blank\" aria-label=\"Compartir en LinkedIn\" href='https:\/\/linkedin.com\/shareArticle?mini=true&#038;title=Entregan%20dos%20obras%20del%20Fondo%20Social%20Presidente%20de%20la%20Rep%C3%BAblica%20en%20la%20comuna%20de%20Chile%20Chico&#038;url=https:\/\/radiorevelacionfm.cl\/?p=58558' aria-hidden='false' data-av_icon='\ue8fc' data-av_iconfont='entypo-fontello' title='' data-avia-related-tooltip='Compartir en LinkedIn' rel=\"noopener\"><span class='avia_hidden_link_text'>Compartir en LinkedIn<\/span><\/a><\/li><li class='av-share-link av-social-link-mail' ><a  aria-label=\"Compartir por correo\" href='mailto:?subject=Entregan%20dos%20obras%20del%20Fondo%20Social%20Presidente%20de%20la%20Rep%C3%BAblica%20en%20la%20comuna%20de%20Chile%20Chico&#038;body=https:\/\/radiorevelacionfm.cl\/?p=58558' aria-hidden='false' data-av_icon='\ue805' data-av_iconfont='entypo-fontello' title='' data-avia-related-tooltip='Compartir por correo'><span class='avia_hidden_link_text'>Compartir por correo<\/span><\/a><\/li><\/ul><\/div><\/div>\n<div  style='height:50px' class='hr hr-invisible   avia-builder-el-8  el_after_av_social_share  el_before_av_comments_list '><span class='hr-inner ' ><span class='hr-inner-style'><\/span><\/span><\/div>\n<div  class='av-buildercomment  av-blog-meta-html-info-disabled av-blog-meta-tag-disabled  '><\/div>\n","protected":false},"excerpt":{"rendered":"","protected":false},"author":1,"featured_media":58559,"comment_status":"closed","ping_status":"closed","sticky":false,"template":"","format":"standard","meta":{"footnotes":""},"categories":[38],"tags":[],"class_list":["post-58558","post","type-post","status-publish","format-standard","has-post-thumbnail","hentry","category-regional"],"jetpack_featured_media_url":"https:\/\/radiorevelacionfm.cl\/wp-content\/uploads\/2025\/09\/entrega-fspr-1-1_optimized.jpeg","_links":{"self":[{"href":"https:\/\/radiorevelacionfm.cl\/index.php?rest_route=\/wp\/v2\/posts\/58558","targetHints":{"allow":["GET"]}}],"collection":[{"href":"https:\/\/radiorevelacionfm.cl\/index.php?rest_route=\/wp\/v2\/posts"}],"about":[{"href":"https:\/\/radiorevelacionfm.cl\/index.php?rest_route=\/wp\/v2\/types\/post"}],"author":[{"embeddable":true,"href":"https:\/\/radiorevelacionfm.cl\/index.php?rest_route=\/wp\/v2\/users\/1"}],"replies":[{"embeddable":true,"href":"https:\/\/radiorevelacionfm.cl\/index.php?rest_route=%2Fwp%2Fv2%2Fcomments&post=58558"}],"version-history":[{"count":2,"href":"https:\/\/radiorevelacionfm.cl\/index.php?rest_route=\/wp\/v2\/posts\/58558\/revisions"}],"predecessor-version":[{"id":58561,"href":"https:\/\/radiorevelacionfm.cl\/index.php?rest_route=\/wp\/v2\/posts\/58558\/revisions\/58561"}],"wp:featuredmedia":[{"embeddable":true,"href":"https:\/\/radiorevelacionfm.cl\/index.php?rest_route=\/wp\/v2\/media\/58559"}],"wp:attachment":[{"href":"https:\/\/radiorevelacionfm.cl\/index.php?rest_route=%2Fwp%2Fv2%2Fmedia&parent=58558"}],"wp:term":[{"taxonomy":"category","embeddable":true,"href":"https:\/\/radiorevelacionfm.cl\/index.php?rest_route=%2Fwp%2Fv2%2Fcategories&post=58558"},{"taxonomy":"post_tag","embeddable":true,"href":"https:\/\/radiorevelacionfm.cl\/index.php?rest_route=%2Fwp%2Fv2%2Ftags&post=58558"}],"curies":[{"name":"wp","href":"https:\/\/api.w.org\/{rel}","templated":true}]}}