{"id":5855,"date":"2021-07-02T11:11:27","date_gmt":"2021-07-02T14:11:27","guid":{"rendered":"https:\/\/radiorevelacionfm.cl\/?p=5855"},"modified":"2021-07-02T11:11:27","modified_gmt":"2021-07-02T14:11:27","slug":"fonasa-inicia-cobertura-de-salud-para-trabajadores-independientes","status":"publish","type":"post","link":"https:\/\/radiorevelacionfm.cl\/?p=5855","title":{"rendered":"Fonasa inicia cobertura de salud para Trabajadores Independientes"},"content":{"rendered":"<div class=\"flex_column av_one_full  flex_column_div av-zero-column-padding first  avia-builder-el-0  el_before_av_one_full  avia-builder-el-first  \" style='border-radius:0px; '><div  class='avia-image-container  av-styling-    avia-builder-el-1  avia-builder-el-no-sibling  avia-align-center '  itemprop=\"image\" itemscope=\"itemscope\" itemtype=\"https:\/\/schema.org\/ImageObject\"  ><div class='avia-image-container-inner'><div class='avia-image-overlay-wrap'><img decoding=\"async\" class='wp-image-5856 avia-img-lazy-loading-not-5856 avia_image' src=\"https:\/\/radiorevelacionfm.cl\/wp-content\/uploads\/2021\/07\/Fonasa-apoyo-1.jpg\" alt='' title='Fonasa apoyo (1)' height=\"599\" width=\"779\"  itemprop=\"thumbnailUrl\" srcset=\"https:\/\/radiorevelacionfm.cl\/wp-content\/uploads\/2021\/07\/Fonasa-apoyo-1.jpg 779w, https:\/\/radiorevelacionfm.cl\/wp-content\/uploads\/2021\/07\/Fonasa-apoyo-1-300x231.jpg 300w, https:\/\/radiorevelacionfm.cl\/wp-content\/uploads\/2021\/07\/Fonasa-apoyo-1-768x591.jpg 768w, https:\/\/radiorevelacionfm.cl\/wp-content\/uploads\/2021\/07\/Fonasa-apoyo-1-705x542.jpg 705w, https:\/\/radiorevelacionfm.cl\/wp-content\/uploads\/2021\/07\/Fonasa-apoyo-1-600x461.jpg 600w\" sizes=\"(max-width: 779px) 100vw, 779px\" \/><\/div><\/div><\/div><\/div><div class=\"flex_column av_one_full  flex_column_div av-zero-column-padding first  avia-builder-el-2  el_after_av_one_full  el_before_av_one_full  column-top-margin\" style='border-radius:0px; '><section class=\"av_textblock_section \"  itemscope=\"itemscope\" itemtype=\"https:\/\/schema.org\/BlogPosting\" itemprop=\"blogPost\" ><div class='avia_textblock  '   itemprop=\"text\" ><p style=\"text-align: center;\"><strong><span style=\"font-size: 18pt;\">Fonasa inicia cobertura de salud para Trabajadores Independientes <\/span><\/strong><\/p>\n<div id=\"gtx-trans\" style=\"position: absolute; left: -50px; top: 4.31534px;\">\n<div class=\"gtx-trans-icon\"><\/div>\n<\/div>\n<\/div><\/section><\/div><div class=\"flex_column av_one_full  flex_column_div av-zero-column-padding first  avia-builder-el-4  el_after_av_one_full  el_before_av_hr  column-top-margin\" style='border-radius:0px; '><section class=\"av_textblock_section \"  itemscope=\"itemscope\" itemtype=\"https:\/\/schema.org\/BlogPosting\" itemprop=\"blogPost\" ><div class='avia_textblock  '   itemprop=\"text\" ><p style=\"text-align: justify;\">Fonasa informa que las personas que tuvieron retenciones para Seguridad Social en sus Boletas de Honorarios correspondientes al a\u00f1o 2020, tendr\u00e1n cobertura para atenciones de salud desde el 1 julio de 2021 hasta el 30 de junio de 2022.<\/p>\n<p style=\"text-align: justify;\">La cobertura de los Subsidios de Incapacidad Laboral (SIL) depender\u00e1 del monto de retenci\u00f3n del R\u00e9gimen de cobertura que eligi\u00f3, ya que pudo acogerse a una cotizaci\u00f3n sobre una base reducida (cobertura parcial). Puede revisar su imponible en el Certificado de Cotizaciones descargado del SII, con su clave.<\/p>\n<p style=\"text-align: justify;\">Un trabajador independiente que emite boletas de honorarios y que tenga retenciones obligatorias para el r\u00e9gimen de Seguridad Social debe saber que, en salud, tendr\u00e1 derecho al pago de Licencias M\u00e9dicas por enfermedad com\u00fan, pre y post natal, parental laboral o por enfermedad grave de su hijo o hija menor de un a\u00f1o. Tendr\u00e1 acceso a atenciones de salud en la Red P\u00fablica y podr\u00e1 acceder a la Red Privada de Salud en convenio con Fonasa, a trav\u00e9s de la compra de bonos para consultas y ex\u00e1menes, y tendr\u00e1 acceso a la cobertura GES, que incluye protecci\u00f3n para 80 problemas de salud (o enfermedades) que por Ley tienen garantizado acceso, plazo de atenci\u00f3n, calidad y cobertura financiera.<\/p>\n<p style=\"text-align: justify;\">Otros beneficios de esta cotizaci\u00f3n obligatoria son el Seguro de Invalidez y Sobrevivencia (SIS), Seguro de Accidentes del Trabajo y Enfermedades Profesionales (ATEP) y LEY SANNA que otorga licencia m\u00e9dica y subsidios en caso de enfermedad grave o terminal de un hijo o hija, adem\u00e1s de reconocer el derecho a Prestaciones Familiares y a Pensiones de Vejez.<\/p>\n<p style=\"text-align: justify;\">La Afiliaci\u00f3n en Fonasa para el trabajador Independiente, es un tr\u00e1mite simple y sencillo que permite al titular y sus cargas legales contar con todos los beneficios y protecci\u00f3n financiera que entrega el Seguro P\u00fablico de Salud. Para realizar su tr\u00e1mite de afiliaci\u00f3n, puede realizar su solicitud a trav\u00e9s de nuestra p\u00e1gina web <a href=\"https:\/\/www.fonasa.cl\/sites\/fonasa\/beneficiarios\/tramites\/afiliate\">https:\/\/www.fonasa.cl\/sites\/fonasa\/beneficiarios\/tramites\/afiliate<\/a>. O escribirnos al <strong>WhatsApp +569 8232 21 86<\/strong> donde ser\u00e1 atendido por uno de nuestros Asesores de Salud.<\/p>\n<p style=\"text-align: justify;\">De acuerdo a la ley, el monto de retenci\u00f3n anual se ir\u00e1 incrementando gradualmente. Para el presente a\u00f1o, la retenci\u00f3n fue de 11,5%, el 2022 ser\u00e1 de 12,2%, el 2023 13%, hasta llegar al a\u00f1o 2028 con un 17%. La obligaci\u00f3n de cotizar para la Seguridad Social aplica a los trabajadores que emiten boletas de honorarios por 5 o m\u00e1s Ingresos M\u00ednimos Mensuales en el a\u00f1o.<\/p>\n<\/div><\/section><\/div><div  style='height:50px' class='hr hr-invisible   avia-builder-el-6  el_after_av_one_full  el_before_av_social_share '><span class='hr-inner ' ><span class='hr-inner-style'><\/span><\/span><\/div><\/p>\n<div  class='av-social-sharing-box  avia-builder-el-7  el_after_av_hr  el_before_av_hr  '><div class='av-share-box'><h5 class='av-share-link-description av-no-toc '>Compartir esta noticia<\/h5><ul class='av-share-box-list noLightbox'><li class='av-share-link av-social-link-facebook' ><a target=\"_blank\" aria-label=\"Compartir en Facebook\" href='https:\/\/www.facebook.com\/sharer.php?u=https:\/\/radiorevelacionfm.cl\/?p=5855&#038;t=Fonasa%20inicia%20cobertura%20de%20salud%20para%20Trabajadores%20Independientes' aria-hidden='false' data-av_icon='\ue8f3' data-av_iconfont='entypo-fontello' title='' data-avia-related-tooltip='Compartir en Facebook' rel=\"noopener\"><span class='avia_hidden_link_text'>Compartir en Facebook<\/span><\/a><\/li><li class='av-share-link av-social-link-twitter' ><a target=\"_blank\" aria-label=\"Compartir en Twitter\" href='https:\/\/twitter.com\/share?text=Fonasa%20inicia%20cobertura%20de%20salud%20para%20Trabajadores%20Independientes&#038;url=https:\/\/radiorevelacionfm.cl\/?p=5855' aria-hidden='false' data-av_icon='\ue8f1' data-av_iconfont='entypo-fontello' title='' data-avia-related-tooltip='Compartir en Twitter' rel=\"noopener\"><span class='avia_hidden_link_text'>Compartir en Twitter<\/span><\/a><\/li><li class='av-share-link av-social-link-whatsapp' ><a target=\"_blank\" aria-label=\"Compartir en Whatsapp\" href='https:\/\/api.whatsapp.com\/send?text=https:\/\/radiorevelacionfm.cl\/?p=5855' aria-hidden='false' data-av_icon='\uf232' data-av_iconfont='entypo-fontello' title='' data-avia-related-tooltip='Compartir en Whatsapp' rel=\"noopener\"><span class='avia_hidden_link_text'>Compartir en Whatsapp<\/span><\/a><\/li><li class='av-share-link av-social-link-linkedin' ><a target=\"_blank\" aria-label=\"Compartir en LinkedIn\" href='https:\/\/linkedin.com\/shareArticle?mini=true&#038;title=Fonasa%20inicia%20cobertura%20de%20salud%20para%20Trabajadores%20Independientes&#038;url=https:\/\/radiorevelacionfm.cl\/?p=5855' aria-hidden='false' data-av_icon='\ue8fc' data-av_iconfont='entypo-fontello' title='' data-avia-related-tooltip='Compartir en LinkedIn' rel=\"noopener\"><span class='avia_hidden_link_text'>Compartir en LinkedIn<\/span><\/a><\/li><li class='av-share-link av-social-link-mail' ><a  aria-label=\"Compartir por correo\" href='mailto:?subject=Fonasa%20inicia%20cobertura%20de%20salud%20para%20Trabajadores%20Independientes&#038;body=https:\/\/radiorevelacionfm.cl\/?p=5855' aria-hidden='false' data-av_icon='\ue805' data-av_iconfont='entypo-fontello' title='' data-avia-related-tooltip='Compartir por correo'><span class='avia_hidden_link_text'>Compartir por correo<\/span><\/a><\/li><\/ul><\/div><\/div>\n<div  style='height:50px' class='hr hr-invisible   avia-builder-el-8  el_after_av_social_share  el_before_av_comments_list '><span class='hr-inner ' ><span class='hr-inner-style'><\/span><\/span><\/div>\n<div  class='av-buildercomment  av-blog-meta-html-info-disabled av-blog-meta-tag-disabled  '><\/div>\n","protected":false},"excerpt":{"rendered":"","protected":false},"author":1,"featured_media":5856,"comment_status":"open","ping_status":"open","sticky":false,"template":"","format":"standard","meta":{"footnotes":""},"categories":[46],"tags":[],"class_list":["post-5855","post","type-post","status-publish","format-standard","has-post-thumbnail","hentry","category-salud"],"jetpack_featured_media_url":"https:\/\/radiorevelacionfm.cl\/wp-content\/uploads\/2021\/07\/Fonasa-apoyo-1.jpg","_links":{"self":[{"href":"https:\/\/radiorevelacionfm.cl\/index.php?rest_route=\/wp\/v2\/posts\/5855","targetHints":{"allow":["GET"]}}],"collection":[{"href":"https:\/\/radiorevelacionfm.cl\/index.php?rest_route=\/wp\/v2\/posts"}],"about":[{"href":"https:\/\/radiorevelacionfm.cl\/index.php?rest_route=\/wp\/v2\/types\/post"}],"author":[{"embeddable":true,"href":"https:\/\/radiorevelacionfm.cl\/index.php?rest_route=\/wp\/v2\/users\/1"}],"replies":[{"embeddable":true,"href":"https:\/\/radiorevelacionfm.cl\/index.php?rest_route=%2Fwp%2Fv2%2Fcomments&post=5855"}],"version-history":[{"count":1,"href":"https:\/\/radiorevelacionfm.cl\/index.php?rest_route=\/wp\/v2\/posts\/5855\/revisions"}],"predecessor-version":[{"id":5857,"href":"https:\/\/radiorevelacionfm.cl\/index.php?rest_route=\/wp\/v2\/posts\/5855\/revisions\/5857"}],"wp:featuredmedia":[{"embeddable":true,"href":"https:\/\/radiorevelacionfm.cl\/index.php?rest_route=\/wp\/v2\/media\/5856"}],"wp:attachment":[{"href":"https:\/\/radiorevelacionfm.cl\/index.php?rest_route=%2Fwp%2Fv2%2Fmedia&parent=5855"}],"wp:term":[{"taxonomy":"category","embeddable":true,"href":"https:\/\/radiorevelacionfm.cl\/index.php?rest_route=%2Fwp%2Fv2%2Fcategories&post=5855"},{"taxonomy":"post_tag","embeddable":true,"href":"https:\/\/radiorevelacionfm.cl\/index.php?rest_route=%2Fwp%2Fv2%2Ftags&post=5855"}],"curies":[{"name":"wp","href":"https:\/\/api.w.org\/{rel}","templated":true}]}}