{"id":58547,"date":"2025-09-01T09:53:08","date_gmt":"2025-09-01T12:53:08","guid":{"rendered":"https:\/\/radiorevelacionfm.cl\/?p=58547"},"modified":"2025-09-01T09:53:08","modified_gmt":"2025-09-01T12:53:08","slug":"fructifero-dialogo-sobre-la-implementacion-de-la-reforma-de-pensiones-se-realizo-con-adultos-mayores-y-comunidad","status":"publish","type":"post","link":"https:\/\/radiorevelacionfm.cl\/?p=58547","title":{"rendered":"Fruct\u00edfero di\u00e1logo sobre la implementaci\u00f3n de la Reforma de Pensiones se realiz\u00f3 con adultos mayores y comunidad"},"content":{"rendered":"<div class=\"flex_column av_one_full  flex_column_div av-zero-column-padding first  avia-builder-el-0  el_before_av_one_full  avia-builder-el-first  \" style='border-radius:0px; '><div  class='avia-image-container  av-styling-    avia-builder-el-1  avia-builder-el-no-sibling  avia-align-center '  itemprop=\"image\" itemscope=\"itemscope\" itemtype=\"https:\/\/schema.org\/ImageObject\"  ><div class='avia-image-container-inner'><div class='avia-image-overlay-wrap'><img decoding=\"async\" class='wp-image-58508 avia-img-lazy-loading-not-58508 avia_image' src=\"https:\/\/radiorevelacionfm.cl\/wp-content\/uploads\/2025\/08\/54752934361_819ba8de54_c-1_optimized-1.jpg\" alt='' title='54752934361_819ba8de54_c-(1)_optimized (1)' height=\"600\" width=\"899\"  itemprop=\"thumbnailUrl\" srcset=\"https:\/\/radiorevelacionfm.cl\/wp-content\/uploads\/2025\/08\/54752934361_819ba8de54_c-1_optimized-1.jpg 899w, https:\/\/radiorevelacionfm.cl\/wp-content\/uploads\/2025\/08\/54752934361_819ba8de54_c-1_optimized-1-300x200.jpg 300w, https:\/\/radiorevelacionfm.cl\/wp-content\/uploads\/2025\/08\/54752934361_819ba8de54_c-1_optimized-1-768x513.jpg 768w, https:\/\/radiorevelacionfm.cl\/wp-content\/uploads\/2025\/08\/54752934361_819ba8de54_c-1_optimized-1-705x471.jpg 705w, https:\/\/radiorevelacionfm.cl\/wp-content\/uploads\/2025\/08\/54752934361_819ba8de54_c-1_optimized-1-450x300.jpg 450w, https:\/\/radiorevelacionfm.cl\/wp-content\/uploads\/2025\/08\/54752934361_819ba8de54_c-1_optimized-1-600x400.jpg 600w\" sizes=\"(max-width: 899px) 100vw, 899px\" \/><\/div><\/div><\/div><\/div><div class=\"flex_column av_one_full  flex_column_div av-zero-column-padding first  avia-builder-el-2  el_after_av_one_full  el_before_av_one_full  column-top-margin\" style='border-radius:0px; '><section class=\"av_textblock_section \"  itemscope=\"itemscope\" itemtype=\"https:\/\/schema.org\/BlogPosting\" itemprop=\"blogPost\" ><div class='avia_textblock  '   itemprop=\"text\" ><p style=\"text-align: center;\"><span style=\"font-size: 18pt;\"><b><span lang=\"es-419\">Fruct\u00edfero di\u00e1logo sobre la implementaci\u00f3n de la Reforma de Pensiones se realiz\u00f3 con adultos mayores y comunidad<\/span><\/b><\/span><\/p>\n<div id=\"gtx-trans\" style=\"position: absolute; left: -50px; top: 4.31534px;\">\n<div class=\"gtx-trans-icon\"><\/div>\n<\/div>\n<\/div><\/section><\/div><div class=\"flex_column av_one_full  flex_column_div av-zero-column-padding first  avia-builder-el-4  el_after_av_one_full  el_before_av_hr  column-top-margin\" style='border-radius:0px; '><section class=\"av_textblock_section \"  itemscope=\"itemscope\" itemtype=\"https:\/\/schema.org\/BlogPosting\" itemprop=\"blogPost\" ><div class='avia_textblock  '   itemprop=\"text\" ><p style=\"text-align: justify;\">Con una presentaci\u00f3n y conversatorio se entregaron detalles de la implementaci\u00f3n de la Ley 21.735 con el aumento de la PGU a $250 mil desde septiembre y el inicio en enero de 2026 de los beneficios del Seguro Social, que elevar\u00e1n las pensiones de actuales y futuros jubilados.<\/p>\n<p style=\"text-align: justify;\">En la hist\u00f3rica Escuela Pedro Quintana Mansilla, de Coyhaique, se desarroll\u00f3 un conversatorio sobre la implementaci\u00f3n de la Reforma de Pensiones, Ley 21.735, que cont\u00f3 con la presentaci\u00f3n de detalles de su implementaci\u00f3n, luego de su promulgaci\u00f3n en marzo de 2025.<\/p>\n<p style=\"text-align: justify;\">Durante m\u00e1s de una hora, los asistentes pudieron ver casos espec\u00edficos y realizar preguntas, las que fueron respondidas por parte de la Subsecretaria de Desarrollo Regional y Administrativo, Subdere, Francisca Perales Flores y el Seremi(s) del Trabajo y Previsi\u00f3n Social y director regional del Instituto de Previsi\u00f3n Social, IPS ChileAtiende, Rodrigo D\u00edaz Cordaro, con la moderaci\u00f3n de las Seremis de Gobierno, \u00darsula Mix Jim\u00e9nez y de Desarrollo Social y Familia, Karina Acevedo Auad.<\/p>\n<p style=\"text-align: justify;\">En el punto de prensa, la Subsecretaria Francisca Peraleso, sostuvo \u201cEntregarle una muy buena noticia a Chile y al pa\u00eds, que es un hito importante que se marca el primero de septiembre con la Reforma de Pensiones, que es una reforma que ya es una realidad, que es una ley que fue aprobada e impulsada por el Gobierno del Presidente Gabriel Boric y que nos permite darle mejores condiciones a las personas mayores y tambi\u00e9n a los jubilados del futuro, que es un elemento bastante importante de destacar. Estamos aqu\u00ed haciendo un conversatorio respecto de ella para entregar informaci\u00f3n a la ciudadan\u00eda, que eso es algo muy importante y significativo tambi\u00e9n, para poder ir dialogando e informando de los pasos que vienen, tanto actualmente como a futuro en la reforma de pensiones\u201d.<\/p>\n<p style=\"text-align: justify;\">La autoridad nacional destac\u00f3 el incremento de la Pensi\u00f3n Garantizada Universal, PGU, se\u00f1alando que \u201cUn punto que marca este di\u00e1logo tiene que ver con que en septiembre aumenta la Pensi\u00f3n Garantizada Universal, a los $250.000 pesos para los pensionados de m\u00e1s de 82 a\u00f1os y que ir\u00e1 progresivamente abarcando m\u00e1s segmentos de la poblaci\u00f3n. En septiembre del a\u00f1o 2026 va a aumentar hacia todas las personas que tengan m\u00e1s de 75 a\u00f1os y progresivamente en el a\u00f1o 2027, a todos quienes tengan m\u00e1s de 65 a\u00f1os. \u00bfQu\u00e9 significa esto? Que todas las personas mayores van a estar por sobre la l\u00ednea de la pobreza, es decir, que todos los pensionados van a tener una pensi\u00f3n m\u00ednima como piso de 250000 pesos, que adem\u00e1s se ver\u00e1 impactado en funci\u00f3n de los pensionados futuros con el Seguro Social y con la cotizaci\u00f3n extraordinaria del empleador, que tambi\u00e9n inici\u00f3 con un 1% en el mes de agosto de este a\u00f1o y que progresivamente se ir\u00e1 trabajando para subir las pensiones actuales, subir las pensiones futuras y tambi\u00e9n sin cobrarles ning\u00fan peso a los trabajadores\u201d, manifest\u00f3 la Subsecretaria Subdere.<\/p>\n<p style=\"text-align: justify;\">Por su parte, el Delegado(s) presidencial regional, Samuel Navarro, llam\u00f3 a participar en este tipo de instancias ciudadanas, para informarse de primera fuente, \u201cHay muchas fake news, hay muchas noticias falsas, pero aqu\u00ed hay una soluci\u00f3n concreta, lo que dice nuestro slogan, \u201cSe logr\u00f3 lo imposible\u201d. La subsecretaria realza esta actividad que estamos desarrollando y nos permite informar a la comunidad luego de una tramitaci\u00f3n bastante larga, pero con responsabilidad y en un car\u00e1cter gradual, c\u00f3mo se est\u00e1 implementando esta reforma que viene a dar una soluci\u00f3n a las personas mayores. A contar del primero de septiembre se comienza con el aumento de la PGU y a contar de enero tambi\u00e9n viene el seguro que viene a reconocer los a\u00f1os de cotizaci\u00f3n, por lo tanto, es una reforma responsable, es una reforma que resuelve los problemas y como Gobierno damos respuesta a esta necesidad muy sentida de la comunidad\u201d.<\/p>\n<p style=\"text-align: justify;\">Reforzando lo anterior, el Seremi(s) Trabajo y Previsi\u00f3n Social, Rodrigo D\u00edaz Cordaro mencion\u00f3 sobre el beneficio concreto para la Regi\u00f3n de Ays\u00e9n, \u201cHoy d\u00eda estamos viendo un escenario muy bueno para nuestros actuales pensionados y los futuros pensionados, esto que logr\u00f3 el Gobierno del Presidente Boric es un hecho hist\u00f3rico, esto es m\u00e1s grande que la reforma del a\u00f1o 2009, entonces es un hecho que como pa\u00eds, como sociedad nos debe tener muy contentos. Actualmente en la Regi\u00f3n de Ays\u00e9n tenemos aproximadamente 12.000 personas que son beneficiadas por la Pensi\u00f3n Garantizada Universal, PGU, y todos estos cambios que se est\u00e1n incorporando con gradualidad, nos permite mirarlos de otra manera, como sociedad, reconocer la situaci\u00f3n que ten\u00edan nuestros pensionados, de todo el espectro, porque con quien hablara, todos estaban igual de mal pensionados\u201d, sostuvo el tambi\u00e9n director regional del Instituto de Previsi\u00f3n Social, IPS ChileAtiende, que posee un activo rol en esta implementaci\u00f3n, teniendo en cuenta que m\u00e1s de 1.960 personas ver\u00e1n aumentada su PGU en septiembre en la regi\u00f3n.<\/p>\n<p style=\"text-align: justify;\"><strong><u>Di\u00e1logo \u201cfruct\u00edfero\u201d<\/u><\/strong><\/p>\n<p style=\"text-align: justify;\">Al finalizar el conversatorio, la Subsecretaria Francisca Perales estuvo conversando con los asistentes, catalogando la instancia como \u201cfruct\u00edfera\u201d.<\/p>\n<p style=\"text-align: justify;\">Una de las dirigentes que participaron de la actividad fue Mar\u00eda Rebeca San Mart\u00edn, presidenta de la Junta de Vecinos de los \u00c1lamos de la Poblaci\u00f3n Pablo Neruda y del Club de Adultos Mayores Marcela Paz,\u00a0<a href=\"https:\/\/onedrive.live.com\/?cid=CE6F0C33B81BD089&amp;id=CE6F0C33B81BD089!sfaef76e46d1743b29063a59dec3229c9\" data-saferedirecturl=\"https:\/\/www.google.com\/url?q=https:\/\/onedrive.live.com?cid%3DCE6F0C33B81BD089%26id%3DCE6F0C33B81BD089!sfaef76e46d1743b29063a59dec3229c9&amp;source=gmail&amp;ust=1756760003242000&amp;usg=AOvVaw14qrocL5fbcfiph-tlzege\">quien agradeci\u00f3 la instancia informativa, \u201cLo encontr\u00e9 muy bueno porque una aclara muchas dudas que tiene y otra que una puede transmitirles a los adultos mayores, sobre todo que est\u00e1n dentro de mi organizaci\u00f3n, que somos 40, entonces decirle c\u00f3mo van a cobrar de aqu\u00ed a septiembre los que tienen m\u00e1s de 82 a\u00f1os y van a sacar los $250.000 y programarle la pensi\u00f3n y puedan inscribirse porque hay muchos que no la tienen todav\u00eda, por la edad y otra porque quedaron afuera y tienen ese concepto de que no pueden recibir pensiones porque nunca cotizaron. Entonces eso a m\u00ed me gust\u00f3, que se haya aclarado esto y que ellos puedan inscribirse y cobrar esa pensi\u00f3n que es la PGU ahora\u201d.<\/a><\/p>\n<p style=\"text-align: justify;\">Otro asistente fue H\u00e9ctor Elgueta, quien solicit\u00f3 que se realicen m\u00e1s charlas como \u00e9sta, \u201cSigan invitando a adultos mayores y que otras personas sean portavoz. Que aquellos que puedan llegar se informen como lo hice yo en este d\u00eda, a pesar que hab\u00eda muchas cosas que yo ya las sab\u00eda, pero uno nunca deja de aprender\u201d.<\/p>\n<p style=\"text-align: justify;\">La Subsecretaria Perales adem\u00e1s coment\u00f3 las actividades realizadas junto al equipo Subdere, en R\u00edo Ib\u00e1\u00f1ez donde inspeccionaron las obras del proyecto de mejoramiento de soluciones de agua potable y aguas servidas domiciliarias, y la construcci\u00f3n de casetas sanitarias y en Puerto Chacabuco, donde se financiar\u00e1n proyectos de construcci\u00f3n de un mirador, senderos y el mejoramiento del estadio municipal,que entregar\u00e1n empleo a trabajadores\/as de los Planes de Empleo Municipal PMU.<\/p>\n<p style=\"text-align: justify;\">La actividad fue organizada en conjunto entre la delegaci\u00f3n regional, la seremi de Trabajo y Previsi\u00f3n Social, Desarrollo Social y Familia, de Gobierno, el Instituto de Previsi\u00f3n Social, IPS ChileAtiende, Senama y Prodemu. Cont\u00f3 adem\u00e1s con stands del IPS, Divisi\u00f3n de Organizaciones Sociales, Superintendencia de Pensiones y Registro Social de Hogares, para realizar tr\u00e1mites y resolver consultas inmediatamente. En la jornada participaron adem\u00e1s del delegado(s) presidencial regional, Samuel Navarro y autoridades mencionada, la Seremi de Salud, Bienes Nacionales, jefe Subdere, directoras regionales de Senama, Prodemu, Instituto de Seguridad Laboral y Fosis.<\/p>\n<p style=\"text-align: justify;\"><strong><u>Pr\u00f3ximos pasos de la Reforma de pensiones<\/u><\/strong><\/p>\n<p style=\"text-align: justify;\">Cabe recordar que en agosto la Reforma de Pensiones comenz\u00f3 la recaudaci\u00f3n del 1% adicional de cotizaci\u00f3n de los empleadores que se pagan hasta el 13 septiembre. Esta cotizaci\u00f3n extra tiene por objeto, principalmente, financiar el Seguro Social Previsional que a partir de enero de 2026 entregar\u00e1 una compensaci\u00f3n de un 0,1 UF por a\u00f1o cotizado -con un m\u00e1ximo de 25 a\u00f1os de cotizaciones-, y un complemento a las pensiones de las mujeres, con un aporte m\u00ednimo de $10.000 mensuales.<\/p>\n<p style=\"text-align: justify;\">Como mencionaron las autoridades, en septiembre se concretar\u00e1 el primer aumento de la Pensi\u00f3n Garantizada Universal a $250.000 para las personas de 82 y m\u00e1s a\u00f1os.<\/p>\n<p style=\"text-align: justify;\">Junto esto, en septiembre se incorporar\u00e1n los beneficiarios de las leyes reparatorias Rettig, Valech y exonerados.<\/p>\n<p style=\"text-align: justify;\">Mayor informaci\u00f3n sobre la Reforma de Pensiones en\u00a0<a href=\"http:\/\/www.lareformadepensiones.cl\/\" data-saferedirecturl=\"https:\/\/www.google.com\/url?q=http:\/\/www.LaReformadePensiones.cl&amp;source=gmail&amp;ust=1756760003242000&amp;usg=AOvVaw2z0O9qoaEjxfC9zoluMBSv\">www.LaReformadePensiones.cl<\/a>\u00a0y en\u00a0<a href=\"http:\/\/www.chileatiende.cl\/\" data-saferedirecturl=\"https:\/\/www.google.com\/url?q=http:\/\/www.chileatiende.cl&amp;source=gmail&amp;ust=1756760003242000&amp;usg=AOvVaw27yEXbbbvd-GXdlIlCl3jA\">www.chileatiende.cl<\/a>.<\/p>\n<\/div><\/section><\/div><div  style='height:50px' class='hr hr-invisible   avia-builder-el-6  el_after_av_one_full  el_before_av_social_share '><span class='hr-inner ' ><span class='hr-inner-style'><\/span><\/span><\/div><\/p>\n<div  class='av-social-sharing-box  avia-builder-el-7  el_after_av_hr  el_before_av_hr  '><div class='av-share-box'><h5 class='av-share-link-description av-no-toc '>Compartir esta noticia<\/h5><ul class='av-share-box-list noLightbox'><li class='av-share-link av-social-link-facebook' ><a target=\"_blank\" aria-label=\"Compartir en Facebook\" href='https:\/\/www.facebook.com\/sharer.php?u=https:\/\/radiorevelacionfm.cl\/?p=58547&#038;t=Fruct%C3%ADfero%20di%C3%A1logo%20sobre%20la%20implementaci%C3%B3n%20de%20la%20Reforma%20de%20Pensiones%20se%20realiz%C3%B3%20con%20adultos%20mayores%20y%20comunidad' aria-hidden='false' data-av_icon='\ue8f3' data-av_iconfont='entypo-fontello' title='' data-avia-related-tooltip='Compartir en Facebook' rel=\"noopener\"><span class='avia_hidden_link_text'>Compartir en Facebook<\/span><\/a><\/li><li class='av-share-link av-social-link-twitter' ><a target=\"_blank\" aria-label=\"Compartir en Twitter\" href='https:\/\/twitter.com\/share?text=Fruct%C3%ADfero%20di%C3%A1logo%20sobre%20la%20implementaci%C3%B3n%20de%20la%20Reforma%20de%20Pensiones%20se%20realiz%C3%B3%20con%20adultos%20mayores%20y%20comunidad&#038;url=https:\/\/radiorevelacionfm.cl\/?p=58547' aria-hidden='false' data-av_icon='\ue8f1' data-av_iconfont='entypo-fontello' title='' data-avia-related-tooltip='Compartir en Twitter' rel=\"noopener\"><span class='avia_hidden_link_text'>Compartir en Twitter<\/span><\/a><\/li><li class='av-share-link av-social-link-whatsapp' ><a target=\"_blank\" aria-label=\"Compartir en Whatsapp\" href='https:\/\/api.whatsapp.com\/send?text=https:\/\/radiorevelacionfm.cl\/?p=58547' aria-hidden='false' data-av_icon='\uf232' data-av_iconfont='entypo-fontello' title='' data-avia-related-tooltip='Compartir en Whatsapp' rel=\"noopener\"><span class='avia_hidden_link_text'>Compartir en Whatsapp<\/span><\/a><\/li><li class='av-share-link av-social-link-linkedin' ><a target=\"_blank\" aria-label=\"Compartir en LinkedIn\" href='https:\/\/linkedin.com\/shareArticle?mini=true&#038;title=Fruct%C3%ADfero%20di%C3%A1logo%20sobre%20la%20implementaci%C3%B3n%20de%20la%20Reforma%20de%20Pensiones%20se%20realiz%C3%B3%20con%20adultos%20mayores%20y%20comunidad&#038;url=https:\/\/radiorevelacionfm.cl\/?p=58547' aria-hidden='false' data-av_icon='\ue8fc' data-av_iconfont='entypo-fontello' title='' data-avia-related-tooltip='Compartir en LinkedIn' rel=\"noopener\"><span class='avia_hidden_link_text'>Compartir en LinkedIn<\/span><\/a><\/li><li class='av-share-link av-social-link-mail' ><a  aria-label=\"Compartir por correo\" href='mailto:?subject=Fruct%C3%ADfero%20di%C3%A1logo%20sobre%20la%20implementaci%C3%B3n%20de%20la%20Reforma%20de%20Pensiones%20se%20realiz%C3%B3%20con%20adultos%20mayores%20y%20comunidad&#038;body=https:\/\/radiorevelacionfm.cl\/?p=58547' aria-hidden='false' data-av_icon='\ue805' data-av_iconfont='entypo-fontello' title='' data-avia-related-tooltip='Compartir por correo'><span class='avia_hidden_link_text'>Compartir por correo<\/span><\/a><\/li><\/ul><\/div><\/div>\n<div  style='height:50px' class='hr hr-invisible   avia-builder-el-8  el_after_av_social_share  el_before_av_comments_list '><span class='hr-inner ' ><span class='hr-inner-style'><\/span><\/span><\/div>\n<div  class='av-buildercomment  av-blog-meta-html-info-disabled av-blog-meta-tag-disabled  '><\/div>\n","protected":false},"excerpt":{"rendered":"","protected":false},"author":1,"featured_media":58508,"comment_status":"closed","ping_status":"closed","sticky":false,"template":"","format":"standard","meta":{"footnotes":""},"categories":[38],"tags":[],"class_list":["post-58547","post","type-post","status-publish","format-standard","has-post-thumbnail","hentry","category-regional"],"jetpack_featured_media_url":"https:\/\/radiorevelacionfm.cl\/wp-content\/uploads\/2025\/08\/54752934361_819ba8de54_c-1_optimized-1.jpg","_links":{"self":[{"href":"https:\/\/radiorevelacionfm.cl\/index.php?rest_route=\/wp\/v2\/posts\/58547","targetHints":{"allow":["GET"]}}],"collection":[{"href":"https:\/\/radiorevelacionfm.cl\/index.php?rest_route=\/wp\/v2\/posts"}],"about":[{"href":"https:\/\/radiorevelacionfm.cl\/index.php?rest_route=\/wp\/v2\/types\/post"}],"author":[{"embeddable":true,"href":"https:\/\/radiorevelacionfm.cl\/index.php?rest_route=\/wp\/v2\/users\/1"}],"replies":[{"embeddable":true,"href":"https:\/\/radiorevelacionfm.cl\/index.php?rest_route=%2Fwp%2Fv2%2Fcomments&post=58547"}],"version-history":[{"count":2,"href":"https:\/\/radiorevelacionfm.cl\/index.php?rest_route=\/wp\/v2\/posts\/58547\/revisions"}],"predecessor-version":[{"id":58554,"href":"https:\/\/radiorevelacionfm.cl\/index.php?rest_route=\/wp\/v2\/posts\/58547\/revisions\/58554"}],"wp:featuredmedia":[{"embeddable":true,"href":"https:\/\/radiorevelacionfm.cl\/index.php?rest_route=\/wp\/v2\/media\/58508"}],"wp:attachment":[{"href":"https:\/\/radiorevelacionfm.cl\/index.php?rest_route=%2Fwp%2Fv2%2Fmedia&parent=58547"}],"wp:term":[{"taxonomy":"category","embeddable":true,"href":"https:\/\/radiorevelacionfm.cl\/index.php?rest_route=%2Fwp%2Fv2%2Fcategories&post=58547"},{"taxonomy":"post_tag","embeddable":true,"href":"https:\/\/radiorevelacionfm.cl\/index.php?rest_route=%2Fwp%2Fv2%2Ftags&post=58547"}],"curies":[{"name":"wp","href":"https:\/\/api.w.org\/{rel}","templated":true}]}}