{"id":58536,"date":"2025-08-31T15:35:25","date_gmt":"2025-08-31T18:35:25","guid":{"rendered":"https:\/\/radiorevelacionfm.cl\/?p=58536"},"modified":"2025-08-31T15:41:53","modified_gmt":"2025-08-31T18:41:53","slug":"ante-de-riesgo-de-desabastecimiento-alertado-por-transportistas-sandoval-llama-a-ministerio-de-transportes-a-implementar-servicio-complementario-entre-quellon-y-puerto-cisnes","status":"publish","type":"post","link":"https:\/\/radiorevelacionfm.cl\/?p=58536","title":{"rendered":"Ante de riesgo de desabastecimiento alertado por transportistas: Sandoval llama a Ministerio de Transportes a implementar servicio complementario entre Quell\u00f3n y Puerto Cisnes"},"content":{"rendered":"<div class=\"flex_column av_one_full  flex_column_div av-zero-column-padding first  avia-builder-el-0  el_before_av_one_full  avia-builder-el-first  \" style='border-radius:0px; '><div  class='avia-image-container  av-styling-    avia-builder-el-1  avia-builder-el-no-sibling  avia-align-center '  itemprop=\"image\" itemscope=\"itemscope\" itemtype=\"https:\/\/schema.org\/ImageObject\"  ><div class='avia-image-container-inner'><div class='avia-image-overlay-wrap'><img decoding=\"async\" class='wp-image-58539 avia-img-lazy-loading-not-58539 avia_image' src=\"https:\/\/radiorevelacionfm.cl\/wp-content\/uploads\/2025\/08\/Muelle-Puerto-Cisnes-1-1-1.jpg\" alt='' title='Muelle Puerto Cisnes-1 (1) (1)' height=\"600\" width=\"800\"  itemprop=\"thumbnailUrl\" srcset=\"https:\/\/radiorevelacionfm.cl\/wp-content\/uploads\/2025\/08\/Muelle-Puerto-Cisnes-1-1-1.jpg 800w, https:\/\/radiorevelacionfm.cl\/wp-content\/uploads\/2025\/08\/Muelle-Puerto-Cisnes-1-1-1-300x225.jpg 300w, https:\/\/radiorevelacionfm.cl\/wp-content\/uploads\/2025\/08\/Muelle-Puerto-Cisnes-1-1-1-768x576.jpg 768w, https:\/\/radiorevelacionfm.cl\/wp-content\/uploads\/2025\/08\/Muelle-Puerto-Cisnes-1-1-1-705x529.jpg 705w, https:\/\/radiorevelacionfm.cl\/wp-content\/uploads\/2025\/08\/Muelle-Puerto-Cisnes-1-1-1-450x338.jpg 450w, https:\/\/radiorevelacionfm.cl\/wp-content\/uploads\/2025\/08\/Muelle-Puerto-Cisnes-1-1-1-600x450.jpg 600w\" sizes=\"(max-width: 800px) 100vw, 800px\" \/><\/div><\/div><\/div><\/div><div class=\"flex_column av_one_full  flex_column_div av-zero-column-padding first  avia-builder-el-2  el_after_av_one_full  el_before_av_one_full  column-top-margin\" style='border-radius:0px; '><section class=\"av_textblock_section \"  itemscope=\"itemscope\" itemtype=\"https:\/\/schema.org\/BlogPosting\" itemprop=\"blogPost\" ><div class='avia_textblock  '   itemprop=\"text\" ><p style=\"text-align: center;\"><strong><span style=\"font-size: 18pt;\">Ante de riesgo de desabastecimiento alertado por transportistas: Sandoval llama a Ministerio de Transportes a implementar servicio complementario entre Quell\u00f3n y Puerto Cisnes <\/span><\/strong><\/p>\n<div id=\"gtx-trans\" style=\"position: absolute; left: -50px; top: 4.31534px;\">\n<div class=\"gtx-trans-icon\"><\/div>\n<\/div>\n<\/div><\/section><\/div><\/p>\n<div class=\"flex_column av_one_full  flex_column_div av-zero-column-padding first  avia-builder-el-4  el_after_av_one_full  el_before_av_hr  column-top-margin\" style='border-radius:0px; '><section class=\"av_textblock_section \"  itemscope=\"itemscope\" itemtype=\"https:\/\/schema.org\/BlogPosting\" itemprop=\"blogPost\" ><div class='avia_textblock  '   itemprop=\"text\" ><p style=\"text-align: justify;\"><em>Gremios del transporte regional declararon en los \u00faltimos d\u00edas estado de alerta amarilla ante los problemas de conectividad producto del deterioro estructural del Puente Yelcho en la ruta 7 norte.<\/em><\/p>\n<p style=\"text-align: justify;\">El senador David Sandoval manifest\u00f3 su preocupaci\u00f3n luego de que en los \u00faltimos d\u00edas la Asociaci\u00f3n Gremial de Transportistas Ays\u00e9n-Chacabuco (Agrecach), la Asociaci\u00f3n Gremial de Camioneros de la Patagonia, y la Asociaci\u00f3n Gremial de Due\u00f1os de Camiones de Coyhaique (Aducam) declararan estado de alerta amarilla ante los problemas de conectividad que se viven en la ruta 7 norte por el deterioro estructural del Puente Yelcho y las restricciones impuestas al tr\u00e1nsito de camiones.<\/p>\n<p style=\"text-align: justify;\">En ese sentido, el parlamentario convers\u00f3 de este tema con Conrado Redlich, de Agrecach, quien manifest\u00f3 su inquietud con lo que est\u00e1 pasando actualmente y las dificultades que trae consigo una situaci\u00f3n de esta naturaleza. \u201cLo que plantea el Ministerio de Obras P\u00fablicas es que, para una soluci\u00f3n definitiva, van a pasar muchos a\u00f1os m\u00e1s antes de reponer un puente de esas caracter\u00edsticas. Y el ministerio de Transportes dice que no hay plata para aplicar un subsidio complementario\u201d, indic\u00f3.<\/p>\n<p style=\"text-align: justify;\">Por lo mismo es que expres\u00f3 su inquietud pues una de las alternativas que \u00a0les proponen es una frecuencia adicional, pero con costo comercial. \u201c(Pero) ellos dicen que no tienen la culpa de que el Estado no haya previsto los problemas de transporte, de recuperaci\u00f3n, de mantenciones de los puentes. Entonces plantean que se dispongan otros servicios entre Quell\u00f3n y Puerto Cisnes\u201d, explic\u00f3.<\/p>\n<p style=\"text-align: justify;\">En esa l\u00ednea, Sandoval comprometi\u00f3 acciones para buscar una soluci\u00f3n al tema, remitiendo los antecedentes al propio ministerio de Transportes, resaltando la labor de los dirigentes de las distintas asociaciones, quienes han puesto el tema en el debate. \u201cEsto es un verdadero cuello de botella que evidentemente genera algunas dificultades. Son las fragilidades de transporte y vamos a estar muy atentos, porque como bien se\u00f1alan los transportistas, si esto pudiera afectar el abastecimiento de la regi\u00f3n de Ays\u00e9n, es un tema que debe preocupar absolutamente\u201d, recalc\u00f3.<\/p>\n<p style=\"text-align: justify;\">Con todo, el legislador insisti\u00f3 en que como la reparaci\u00f3n del puente no es una opci\u00f3n a corto plazo, \u201cla \u00fanica soluci\u00f3n por lo tanto, es pedir un servicio complementario de transporte mar\u00edtimo entre Quell\u00f3n y Puerto Cisnes\u201d, m\u00e1s a\u00fan si se considera lo se\u00f1alado por los propios transportistas en cuanto a que el 60% de lo que entra a Ays\u00e9n pasa por la Ruta 7.<\/p>\n<\/div><\/section><\/div>\n<div  style='height:50px' class='hr hr-invisible   avia-builder-el-6  el_after_av_one_full  el_before_av_social_share '><span class='hr-inner ' ><span class='hr-inner-style'><\/span><\/span><\/div>\n<div  class='av-social-sharing-box  avia-builder-el-7  el_after_av_hr  el_before_av_hr  '><div class='av-share-box'><h5 class='av-share-link-description av-no-toc '>Compartir esta noticia<\/h5><ul class='av-share-box-list noLightbox'><li class='av-share-link av-social-link-facebook' ><a target=\"_blank\" aria-label=\"Compartir en Facebook\" href='https:\/\/www.facebook.com\/sharer.php?u=https:\/\/radiorevelacionfm.cl\/?p=58536&#038;t=Ante%20de%20riesgo%20de%20desabastecimiento%20alertado%20por%20transportistas%3A%20Sandoval%20llama%20a%20Ministerio%20de%20Transportes%20a%20implementar%20servicio%20complementario%20entre%20Quell%C3%B3n%20y%20Puerto%20Cisnes' aria-hidden='false' data-av_icon='\ue8f3' data-av_iconfont='entypo-fontello' title='' data-avia-related-tooltip='Compartir en Facebook' rel=\"noopener\"><span class='avia_hidden_link_text'>Compartir en Facebook<\/span><\/a><\/li><li class='av-share-link av-social-link-twitter' ><a target=\"_blank\" aria-label=\"Compartir en Twitter\" href='https:\/\/twitter.com\/share?text=Ante%20de%20riesgo%20de%20desabastecimiento%20alertado%20por%20transportistas%3A%20Sandoval%20llama%20a%20Ministerio%20de%20Transportes%20a%20implementar%20servicio%20complementario%20entre%20Quell%C3%B3n%20y%20Puerto%20Cisnes&#038;url=https:\/\/radiorevelacionfm.cl\/?p=58536' aria-hidden='false' data-av_icon='\ue8f1' data-av_iconfont='entypo-fontello' title='' data-avia-related-tooltip='Compartir en Twitter' rel=\"noopener\"><span class='avia_hidden_link_text'>Compartir en Twitter<\/span><\/a><\/li><li class='av-share-link av-social-link-whatsapp' ><a target=\"_blank\" aria-label=\"Compartir en Whatsapp\" href='https:\/\/api.whatsapp.com\/send?text=https:\/\/radiorevelacionfm.cl\/?p=58536' aria-hidden='false' data-av_icon='\uf232' data-av_iconfont='entypo-fontello' title='' data-avia-related-tooltip='Compartir en Whatsapp' rel=\"noopener\"><span class='avia_hidden_link_text'>Compartir en Whatsapp<\/span><\/a><\/li><li class='av-share-link av-social-link-linkedin' ><a target=\"_blank\" aria-label=\"Compartir en LinkedIn\" href='https:\/\/linkedin.com\/shareArticle?mini=true&#038;title=Ante%20de%20riesgo%20de%20desabastecimiento%20alertado%20por%20transportistas%3A%20Sandoval%20llama%20a%20Ministerio%20de%20Transportes%20a%20implementar%20servicio%20complementario%20entre%20Quell%C3%B3n%20y%20Puerto%20Cisnes&#038;url=https:\/\/radiorevelacionfm.cl\/?p=58536' aria-hidden='false' data-av_icon='\ue8fc' data-av_iconfont='entypo-fontello' title='' data-avia-related-tooltip='Compartir en LinkedIn' rel=\"noopener\"><span class='avia_hidden_link_text'>Compartir en LinkedIn<\/span><\/a><\/li><li class='av-share-link av-social-link-mail' ><a  aria-label=\"Compartir por correo\" href='mailto:?subject=Ante%20de%20riesgo%20de%20desabastecimiento%20alertado%20por%20transportistas%3A%20Sandoval%20llama%20a%20Ministerio%20de%20Transportes%20a%20implementar%20servicio%20complementario%20entre%20Quell%C3%B3n%20y%20Puerto%20Cisnes&#038;body=https:\/\/radiorevelacionfm.cl\/?p=58536' aria-hidden='false' data-av_icon='\ue805' data-av_iconfont='entypo-fontello' title='' data-avia-related-tooltip='Compartir por correo'><span class='avia_hidden_link_text'>Compartir por correo<\/span><\/a><\/li><\/ul><\/div><\/div>\n<div  style='height:50px' class='hr hr-invisible   avia-builder-el-8  el_after_av_social_share  el_before_av_comments_list '><span class='hr-inner ' ><span class='hr-inner-style'><\/span><\/span><\/div>\n<div  class='av-buildercomment  av-blog-meta-html-info-disabled av-blog-meta-tag-disabled  '><\/div>\n","protected":false},"excerpt":{"rendered":"","protected":false},"author":1,"featured_media":58539,"comment_status":"closed","ping_status":"closed","sticky":false,"template":"","format":"standard","meta":{"footnotes":""},"categories":[35],"tags":[],"class_list":["post-58536","post","type-post","status-publish","format-standard","has-post-thumbnail","hentry","category-politica"],"jetpack_featured_media_url":"https:\/\/radiorevelacionfm.cl\/wp-content\/uploads\/2025\/08\/Muelle-Puerto-Cisnes-1-1-1.jpg","_links":{"self":[{"href":"https:\/\/radiorevelacionfm.cl\/index.php?rest_route=\/wp\/v2\/posts\/58536","targetHints":{"allow":["GET"]}}],"collection":[{"href":"https:\/\/radiorevelacionfm.cl\/index.php?rest_route=\/wp\/v2\/posts"}],"about":[{"href":"https:\/\/radiorevelacionfm.cl\/index.php?rest_route=\/wp\/v2\/types\/post"}],"author":[{"embeddable":true,"href":"https:\/\/radiorevelacionfm.cl\/index.php?rest_route=\/wp\/v2\/users\/1"}],"replies":[{"embeddable":true,"href":"https:\/\/radiorevelacionfm.cl\/index.php?rest_route=%2Fwp%2Fv2%2Fcomments&post=58536"}],"version-history":[{"count":3,"href":"https:\/\/radiorevelacionfm.cl\/index.php?rest_route=\/wp\/v2\/posts\/58536\/revisions"}],"predecessor-version":[{"id":58538,"href":"https:\/\/radiorevelacionfm.cl\/index.php?rest_route=\/wp\/v2\/posts\/58536\/revisions\/58538"}],"wp:featuredmedia":[{"embeddable":true,"href":"https:\/\/radiorevelacionfm.cl\/index.php?rest_route=\/wp\/v2\/media\/58539"}],"wp:attachment":[{"href":"https:\/\/radiorevelacionfm.cl\/index.php?rest_route=%2Fwp%2Fv2%2Fmedia&parent=58536"}],"wp:term":[{"taxonomy":"category","embeddable":true,"href":"https:\/\/radiorevelacionfm.cl\/index.php?rest_route=%2Fwp%2Fv2%2Fcategories&post=58536"},{"taxonomy":"post_tag","embeddable":true,"href":"https:\/\/radiorevelacionfm.cl\/index.php?rest_route=%2Fwp%2Fv2%2Ftags&post=58536"}],"curies":[{"name":"wp","href":"https:\/\/api.w.org\/{rel}","templated":true}]}}