{"id":58532,"date":"2025-08-31T15:18:19","date_gmt":"2025-08-31T18:18:19","guid":{"rendered":"https:\/\/radiorevelacionfm.cl\/?p=58532"},"modified":"2025-08-31T15:18:19","modified_gmt":"2025-08-31T18:18:19","slug":"dirigentes-estudiantiles-de-coyhaique-dialogaron-sobre-participacion-ciudadana-digital","status":"publish","type":"post","link":"https:\/\/radiorevelacionfm.cl\/?p=58532","title":{"rendered":"Dirigentes estudiantiles de Coyhaique dialogaron sobre participaci\u00f3n ciudadana digital"},"content":{"rendered":"<div class=\"flex_column av_one_full  flex_column_div av-zero-column-padding first  avia-builder-el-0  el_before_av_one_full  avia-builder-el-first  \" style='border-radius:0px; '><div  class='avia-image-container  av-styling-    avia-builder-el-1  avia-builder-el-no-sibling  avia-align-center '  itemprop=\"image\" itemscope=\"itemscope\" itemtype=\"https:\/\/schema.org\/ImageObject\"  ><div class='avia-image-container-inner'><div class='avia-image-overlay-wrap'><img decoding=\"async\" class='wp-image-58533 avia-img-lazy-loading-not-58533 avia_image' src=\"https:\/\/radiorevelacionfm.cl\/wp-content\/uploads\/2025\/08\/encuentro-grupal-1-1-1_optimized-1.jpg\" alt='' title='encuentro-grupal-(1)-(1)-(1)_optimized (1)' height=\"600\" width=\"1016\"  itemprop=\"thumbnailUrl\" srcset=\"https:\/\/radiorevelacionfm.cl\/wp-content\/uploads\/2025\/08\/encuentro-grupal-1-1-1_optimized-1.jpg 1016w, https:\/\/radiorevelacionfm.cl\/wp-content\/uploads\/2025\/08\/encuentro-grupal-1-1-1_optimized-1-300x177.jpg 300w, https:\/\/radiorevelacionfm.cl\/wp-content\/uploads\/2025\/08\/encuentro-grupal-1-1-1_optimized-1-768x454.jpg 768w, https:\/\/radiorevelacionfm.cl\/wp-content\/uploads\/2025\/08\/encuentro-grupal-1-1-1_optimized-1-705x416.jpg 705w, https:\/\/radiorevelacionfm.cl\/wp-content\/uploads\/2025\/08\/encuentro-grupal-1-1-1_optimized-1-450x266.jpg 450w, https:\/\/radiorevelacionfm.cl\/wp-content\/uploads\/2025\/08\/encuentro-grupal-1-1-1_optimized-1-600x354.jpg 600w\" sizes=\"(max-width: 1016px) 100vw, 1016px\" \/><\/div><\/div><\/div><\/div><div class=\"flex_column av_one_full  flex_column_div av-zero-column-padding first  avia-builder-el-2  el_after_av_one_full  el_before_av_one_full  column-top-margin\" style='border-radius:0px; '><section class=\"av_textblock_section \"  itemscope=\"itemscope\" itemtype=\"https:\/\/schema.org\/BlogPosting\" itemprop=\"blogPost\" ><div class='avia_textblock  '   itemprop=\"text\" ><p style=\"text-align: center;\"><span style=\"font-size: 18pt;\"><b>Dirigentes estudiantiles de Coyhaique dialogaron sobre participaci\u00f3n ciudadana digital<\/b><\/span><\/p>\n<div id=\"gtx-trans\" style=\"position: absolute; left: -50px; top: 4.31534px;\">\n<div class=\"gtx-trans-icon\"><\/div>\n<\/div>\n<\/div><\/section><\/div><div class=\"flex_column av_one_full  flex_column_div av-zero-column-padding first  avia-builder-el-4  el_after_av_one_full  el_before_av_hr  column-top-margin\" style='border-radius:0px; '><section class=\"av_textblock_section \"  itemscope=\"itemscope\" itemtype=\"https:\/\/schema.org\/BlogPosting\" itemprop=\"blogPost\" ><div class='avia_textblock  '   itemprop=\"text\" ><p style=\"font-weight: 400; text-align: justify;\"><em>El encuentro fue convocado por la Secretar\u00eda Ministerial de Educaci\u00f3n y cont\u00f3 con la presencia del director nacional del Instituto Nacional de la Juventud.<\/em><\/p>\n<p style=\"font-weight: 400; text-align: justify;\">En dependencias del Centro de Educaci\u00f3n Integrada de Adultos CEIA del Slep Ays\u00e9n se llev\u00f3 a cabo el Encuentro de Centros de Estudiantes de Educaci\u00f3n Media la ciudad de Coyhaique, convocados por la Secretar\u00eda Ministerial de Educaci\u00f3n de Ays\u00e9n y el Instituto Nacional de la Juventud INJUV Ays\u00e9n con el objetivo de dialogar, reflexionar y proponer ideas para fortalecer la participaci\u00f3n ciudadana digital, y el rol que le cabe como estudiantes, ciudadanos y usuarios de redes sociales y plataformas digitales.<\/p>\n<p style=\"font-weight: 400; text-align: justify;\">Asistieron a la jornada los directivos de Centros de Estudiantes del Liceo Bicentenario Altos del Mackay, Liceo Josefina Aguirre Montenegro, Liceo T\u00e9cnico Profesional Profesor \u00a0Ricardo Navarrete Barr\u00eda, Liceo San Felipe Benicio, Liceo Juan Pablo II, Colegio Francisco Xavier Buti\u00f1\u00e1, Liceo Bicentenario Agr\u00edcola e Industrial de Patagonia, Colegio Diego Portales, Colegio Alianza Austral, Colegio Alborada y Colegio Antoine de Saint Exupery.<\/p>\n<p style=\"font-weight: 400; text-align: justify;\">Acompa\u00f1aron a los dirigentes estudiantiles el Director Nacional del INJUV Juan Pablo Duhalde, las seremis de Educaci\u00f3n Katherine Miqueles y de Desarrollo Social y Familia Karina Acevedo y el director regional del INJUV Camilo Trivi\u00f1o.<\/p>\n<p style=\"font-weight: 400; text-align: justify;\">Al dar la bienvenida Katherine Miqueles destac\u00f3 el rol fundamental de las y los j\u00f3venes \u00a0en la construcci\u00f3n de una ciudadan\u00eda m\u00e1s participativa, informada y activa, especialmente en el mundo digital.<\/p>\n<p style=\"font-weight: 400; text-align: justify;\">\u201cUstedes los j\u00f3venes son el presente y futuro del pa\u00eds; los dirigentes estudiantiles son quienes han impulsado los cambios que Chile necesita. Por ello, los animamos a organizarse en sus establecimientos educacionales y a informarse sobre los temas que los afectan directamente y uno de ellos es la ciudadan\u00eda digital responsable y por eso los hemos convocado hoy. Esperamos que vengan otras convocatorias en el futuro sobre importantes \u00a0temas\u201d.<\/p>\n<p style=\"font-weight: 400; text-align: justify;\">Los l\u00edderes estudiantiles se reunieron en cuatro grupos de di\u00e1logo para conversar y reflexionar en torno a dos videos: \u00bfQu\u00e9 es la democracia digital? y Participaci\u00f3n ciudadana digital. Posteriormente se realiz\u00f3 un plenario, donde un representante de cada grupo de discusi\u00f3n expuso conclusiones y propuestas, entre otras ideas que se discutieron est\u00e1n: La ciudadan\u00eda digital no es algo lejano o abstracto. Es una herramienta real, poderosa, que nos permite expresarnos, organizarnos y generar cambios. Pero tambi\u00e9n requiere responsabilidad, pensamiento cr\u00edtico y, sobre todo, participaci\u00f3n.<\/p>\n<p style=\"font-weight: 400; text-align: justify;\">Al hacer una evaluaci\u00f3n de la jornada el Director \u00a0Nacional del INJUV Juan Pablo Duhalde manifest\u00f3:\u00a0\u201cLogramos convocar a los centros de estudiantes de Coyhaique en un di\u00e1logo fluido y relevante para entender cu\u00e1les son las oportunidades que entregan las redes sociales para la participaci\u00f3n juvenil, los nudos cr\u00edticos y principalmente levantar propuestas para llegar a los lugares donde el Estado tiene menos presencia, principalmente en las zonas rurales y tambi\u00e9n identificar los actores con los cuales se puede hacer una articulaci\u00f3n entre los j\u00f3venes organizados, las instituciones del Estado, los medios de comunicaci\u00f3n para llegar donde m\u00e1s se requiere.\u00a0Destaco\u00a0la participaci\u00f3n de estos j\u00f3venes dirigentes que est\u00e1n poniendo toda su experiencia al servicio de llegar a toda la juventud de la regi\u00f3n\u201d.<\/p>\n<p style=\"font-weight: 400; text-align: justify;\">Se espera que este encuentro sea solo un punto de partida. Las propuestas levantadas por las y los dirigentes estudiantiles ser\u00e1n la base para transformar a sus comunidades escolares y el conjunto de la sociedad.<\/p>\n<\/div><\/section><\/div><div  style='height:50px' class='hr hr-invisible   avia-builder-el-6  el_after_av_one_full  el_before_av_social_share '><span class='hr-inner ' ><span class='hr-inner-style'><\/span><\/span><\/div><\/p>\n<div  class='av-social-sharing-box  avia-builder-el-7  el_after_av_hr  el_before_av_hr  '><div class='av-share-box'><h5 class='av-share-link-description av-no-toc '>Compartir esta noticia<\/h5><ul class='av-share-box-list noLightbox'><li class='av-share-link av-social-link-facebook' ><a target=\"_blank\" aria-label=\"Compartir en Facebook\" href='https:\/\/www.facebook.com\/sharer.php?u=https:\/\/radiorevelacionfm.cl\/?p=58532&#038;t=Dirigentes%20estudiantiles%20de%20Coyhaique%20dialogaron%20sobre%20participaci%C3%B3n%20ciudadana%20digital' aria-hidden='false' data-av_icon='\ue8f3' data-av_iconfont='entypo-fontello' title='' data-avia-related-tooltip='Compartir en Facebook' rel=\"noopener\"><span class='avia_hidden_link_text'>Compartir en Facebook<\/span><\/a><\/li><li class='av-share-link av-social-link-twitter' ><a target=\"_blank\" aria-label=\"Compartir en Twitter\" href='https:\/\/twitter.com\/share?text=Dirigentes%20estudiantiles%20de%20Coyhaique%20dialogaron%20sobre%20participaci%C3%B3n%20ciudadana%20digital&#038;url=https:\/\/radiorevelacionfm.cl\/?p=58532' aria-hidden='false' data-av_icon='\ue8f1' data-av_iconfont='entypo-fontello' title='' data-avia-related-tooltip='Compartir en Twitter' rel=\"noopener\"><span class='avia_hidden_link_text'>Compartir en Twitter<\/span><\/a><\/li><li class='av-share-link av-social-link-whatsapp' ><a target=\"_blank\" aria-label=\"Compartir en Whatsapp\" href='https:\/\/api.whatsapp.com\/send?text=https:\/\/radiorevelacionfm.cl\/?p=58532' aria-hidden='false' data-av_icon='\uf232' data-av_iconfont='entypo-fontello' title='' data-avia-related-tooltip='Compartir en Whatsapp' rel=\"noopener\"><span class='avia_hidden_link_text'>Compartir en Whatsapp<\/span><\/a><\/li><li class='av-share-link av-social-link-linkedin' ><a target=\"_blank\" aria-label=\"Compartir en LinkedIn\" href='https:\/\/linkedin.com\/shareArticle?mini=true&#038;title=Dirigentes%20estudiantiles%20de%20Coyhaique%20dialogaron%20sobre%20participaci%C3%B3n%20ciudadana%20digital&#038;url=https:\/\/radiorevelacionfm.cl\/?p=58532' aria-hidden='false' data-av_icon='\ue8fc' data-av_iconfont='entypo-fontello' title='' data-avia-related-tooltip='Compartir en LinkedIn' rel=\"noopener\"><span class='avia_hidden_link_text'>Compartir en LinkedIn<\/span><\/a><\/li><li class='av-share-link av-social-link-mail' ><a  aria-label=\"Compartir por correo\" href='mailto:?subject=Dirigentes%20estudiantiles%20de%20Coyhaique%20dialogaron%20sobre%20participaci%C3%B3n%20ciudadana%20digital&#038;body=https:\/\/radiorevelacionfm.cl\/?p=58532' aria-hidden='false' data-av_icon='\ue805' data-av_iconfont='entypo-fontello' title='' data-avia-related-tooltip='Compartir por correo'><span class='avia_hidden_link_text'>Compartir por correo<\/span><\/a><\/li><\/ul><\/div><\/div>\n<div  style='height:50px' class='hr hr-invisible   avia-builder-el-8  el_after_av_social_share  el_before_av_comments_list '><span class='hr-inner ' ><span class='hr-inner-style'><\/span><\/span><\/div>\n<div  class='av-buildercomment  av-blog-meta-html-info-disabled av-blog-meta-tag-disabled  '><\/div>\n","protected":false},"excerpt":{"rendered":"","protected":false},"author":1,"featured_media":58533,"comment_status":"closed","ping_status":"closed","sticky":false,"template":"","format":"standard","meta":{"footnotes":""},"categories":[49],"tags":[],"class_list":["post-58532","post","type-post","status-publish","format-standard","has-post-thumbnail","hentry","category-educacion"],"jetpack_featured_media_url":"https:\/\/radiorevelacionfm.cl\/wp-content\/uploads\/2025\/08\/encuentro-grupal-1-1-1_optimized-1.jpg","_links":{"self":[{"href":"https:\/\/radiorevelacionfm.cl\/index.php?rest_route=\/wp\/v2\/posts\/58532","targetHints":{"allow":["GET"]}}],"collection":[{"href":"https:\/\/radiorevelacionfm.cl\/index.php?rest_route=\/wp\/v2\/posts"}],"about":[{"href":"https:\/\/radiorevelacionfm.cl\/index.php?rest_route=\/wp\/v2\/types\/post"}],"author":[{"embeddable":true,"href":"https:\/\/radiorevelacionfm.cl\/index.php?rest_route=\/wp\/v2\/users\/1"}],"replies":[{"embeddable":true,"href":"https:\/\/radiorevelacionfm.cl\/index.php?rest_route=%2Fwp%2Fv2%2Fcomments&post=58532"}],"version-history":[{"count":2,"href":"https:\/\/radiorevelacionfm.cl\/index.php?rest_route=\/wp\/v2\/posts\/58532\/revisions"}],"predecessor-version":[{"id":58535,"href":"https:\/\/radiorevelacionfm.cl\/index.php?rest_route=\/wp\/v2\/posts\/58532\/revisions\/58535"}],"wp:featuredmedia":[{"embeddable":true,"href":"https:\/\/radiorevelacionfm.cl\/index.php?rest_route=\/wp\/v2\/media\/58533"}],"wp:attachment":[{"href":"https:\/\/radiorevelacionfm.cl\/index.php?rest_route=%2Fwp%2Fv2%2Fmedia&parent=58532"}],"wp:term":[{"taxonomy":"category","embeddable":true,"href":"https:\/\/radiorevelacionfm.cl\/index.php?rest_route=%2Fwp%2Fv2%2Fcategories&post=58532"},{"taxonomy":"post_tag","embeddable":true,"href":"https:\/\/radiorevelacionfm.cl\/index.php?rest_route=%2Fwp%2Fv2%2Ftags&post=58532"}],"curies":[{"name":"wp","href":"https:\/\/api.w.org\/{rel}","templated":true}]}}