{"id":58522,"date":"2025-08-30T15:57:04","date_gmt":"2025-08-30T18:57:04","guid":{"rendered":"https:\/\/radiorevelacionfm.cl\/?p=58522"},"modified":"2025-08-30T15:57:04","modified_gmt":"2025-08-30T18:57:04","slug":"subsecretaria-perales-en-su-visita-a-la-region-anuncio-el-financiamiento-de-dos-proyectos-de-inversion-en-la-comuna-de-aysen-y-visito-obras-de-mejoramiento-de-agua-potable-y-la-construccion-de-casetas","status":"publish","type":"post","link":"https:\/\/radiorevelacionfm.cl\/?p=58522","title":{"rendered":"Subsecretaria Perales en su visita a la regi\u00f3n anunci\u00f3 el financiamiento de dos proyectos de inversi\u00f3n en la comuna de Ays\u00e9n y visit\u00f3 obras de mejoramiento de agua potable y la construcci\u00f3n de casetas sanitarias en R\u00edo Ib\u00e1\u00f1ez"},"content":{"rendered":"<div class=\"flex_column av_one_full  flex_column_div av-zero-column-padding first  avia-builder-el-0  el_before_av_one_full  avia-builder-el-first  \" style='border-radius:0px; '><div  class='avia-image-container  av-styling-    avia-builder-el-1  avia-builder-el-no-sibling  avia-align-center '  itemprop=\"image\" itemscope=\"itemscope\" itemtype=\"https:\/\/schema.org\/ImageObject\"  ><div class='avia-image-container-inner'><div class='avia-image-overlay-wrap'><img decoding=\"async\" class='wp-image-58523 avia-img-lazy-loading-not-58523 avia_image' src=\"https:\/\/radiorevelacionfm.cl\/wp-content\/uploads\/2025\/08\/54753109633_5064985a83_c-1_optimized-1.jpg\" alt='' title='54753109633_5064985a83_c-(1)_optimized (1)' height=\"600\" width=\"899\"  itemprop=\"thumbnailUrl\" srcset=\"https:\/\/radiorevelacionfm.cl\/wp-content\/uploads\/2025\/08\/54753109633_5064985a83_c-1_optimized-1.jpg 899w, https:\/\/radiorevelacionfm.cl\/wp-content\/uploads\/2025\/08\/54753109633_5064985a83_c-1_optimized-1-300x200.jpg 300w, https:\/\/radiorevelacionfm.cl\/wp-content\/uploads\/2025\/08\/54753109633_5064985a83_c-1_optimized-1-768x513.jpg 768w, https:\/\/radiorevelacionfm.cl\/wp-content\/uploads\/2025\/08\/54753109633_5064985a83_c-1_optimized-1-705x471.jpg 705w, https:\/\/radiorevelacionfm.cl\/wp-content\/uploads\/2025\/08\/54753109633_5064985a83_c-1_optimized-1-450x300.jpg 450w, https:\/\/radiorevelacionfm.cl\/wp-content\/uploads\/2025\/08\/54753109633_5064985a83_c-1_optimized-1-600x400.jpg 600w\" sizes=\"(max-width: 899px) 100vw, 899px\" \/><\/div><\/div><\/div><\/div><div class=\"flex_column av_one_full  flex_column_div av-zero-column-padding first  avia-builder-el-2  el_after_av_one_full  el_before_av_one_full  column-top-margin\" style='border-radius:0px; '><section class=\"av_textblock_section \"  itemscope=\"itemscope\" itemtype=\"https:\/\/schema.org\/BlogPosting\" itemprop=\"blogPost\" ><div class='avia_textblock  '   itemprop=\"text\" ><p style=\"text-align: center;\"><strong><span style=\"font-size: 18pt;\">Subsecretaria Perales en su visita a la regi\u00f3n anunci\u00f3 el financiamiento de dos proyectos de inversi\u00f3n en la comuna de Ays\u00e9n y visit\u00f3 obras de mejoramiento de agua potable y la construcci\u00f3n de casetas sanitarias en R\u00edo Ib\u00e1\u00f1ez<\/span><\/strong><\/p>\n<div id=\"gtx-trans\" style=\"position: absolute; left: -50px; top: 4.31534px;\">\n<div class=\"gtx-trans-icon\"><\/div>\n<\/div>\n<\/div><\/section><\/div><div class=\"flex_column av_one_full  flex_column_div av-zero-column-padding first  avia-builder-el-4  el_after_av_one_full  el_before_av_hr  column-top-margin\" style='border-radius:0px; '><section class=\"av_textblock_section \"  itemscope=\"itemscope\" itemtype=\"https:\/\/schema.org\/BlogPosting\" itemprop=\"blogPost\" ><div class='avia_textblock  '   itemprop=\"text\" ><p style=\"text-align: justify;\">En su visita a la regi\u00f3n la subsecretaria Perales anunci\u00f3 el financiamiento de dos proyectos de inversi\u00f3n en la comuna de Ays\u00e9n: se trata de la construcci\u00f3n del mirador y senderos de Puerto Chacabuco y el mejoramiento del estadio municipal, ambas iniciativas cuentan con los recursos de la Subdere a trav\u00e9s del Programa de Mejoramiento Urbano y Equipamiento Comunal (PMU), instancia que fue anunciada en reuni\u00f3n con los sindicatos de trabajadoras PMU en esta localidad.<\/p>\n<p style=\"text-align: justify;\">El proyecto de construcci\u00f3n del mirador y los senderos tiene una inversi\u00f3n de $151.978.547 y considera estas obras que contar\u00e1n con senderos peatonales con pavimento tipo adocreto con una extensi\u00f3n de 500 metros lineales, junto con la implementaci\u00f3n de un mirador estructural de 60 m2 construido en base a madera y acero, adem\u00e1s de la instalaci\u00f3n de mobiliario urbano y la colocaci\u00f3n de un panel informativo que oriente y entregue contenido relevante sobre el entorno y su valor ambiental tur\u00edstico.<\/p>\n<p style=\"text-align: justify;\">\u201cNos reunimos con los sindicatos PMU de las dirigentas que est\u00e1n trabajando en los proyectos de mejoramiento de \u00e1reas verdes y de espacios p\u00fablicos con mecanismos de asignaci\u00f3n directa donde son las mujeres las que efectivamente ejecutan estas iniciativas. Anunciamos el financiamiento de dos proyectos por m\u00e1s de 300 millones de pesos que van a hermosear \u00e1reas de la comuna de Ays\u00e9n, particularmente en Puerto Chacabuco, pero que adem\u00e1s le van a dar continuidad laboral generando puestos de empleos para mujeres que son sostenedoras de sus familias\u201d, sostuvo la autoridad Subdere.<\/p>\n<p style=\"text-align: justify;\">Durante la jornada del jueves, la subsecretaria Perales visit\u00f3 R\u00edo Ib\u00e1\u00f1ez para inspeccionar las obras del proyecto de mejoramiento de soluciones de agua potable y aguas servidas domiciliarias, y la construcci\u00f3n de casetas sanitarias en el sector El Bosque y sus alrededores, iniciativa que tiene una inversi\u00f3n de $196.121.768 cuyas obras se encuentran en ejecuci\u00f3n. Adem\u00e1s de El Bosque, tambi\u00e9n beneficiar\u00e1 a las localidades de El Caique, La Bajada, La Balsa, Pen\u00ednsula Levic\u00e1n y Puerto Ingeniero Ib\u00e1\u00f1ez.<\/p>\n<\/div><\/section><\/div><div  style='height:50px' class='hr hr-invisible   avia-builder-el-6  el_after_av_one_full  el_before_av_social_share '><span class='hr-inner ' ><span class='hr-inner-style'><\/span><\/span><\/div><\/p>\n<div  class='av-social-sharing-box  avia-builder-el-7  el_after_av_hr  el_before_av_hr  '><div class='av-share-box'><h5 class='av-share-link-description av-no-toc '>Compartir esta noticia<\/h5><ul class='av-share-box-list noLightbox'><li class='av-share-link av-social-link-facebook' ><a target=\"_blank\" aria-label=\"Compartir en Facebook\" href='https:\/\/www.facebook.com\/sharer.php?u=https:\/\/radiorevelacionfm.cl\/?p=58522&#038;t=Subsecretaria%20Perales%20en%20su%20visita%20a%20la%20regi%C3%B3n%20anunci%C3%B3%20el%20financiamiento%20de%20dos%20proyectos%20de%20inversi%C3%B3n%20en%20la%20comuna%20de%20Ays%C3%A9n%20y%20visit%C3%B3%20obras%20de%20mejoramiento%20de%20agua%20potable%20y%20la%20construcci%C3%B3n%20de%20casetas%20sanitarias%20en%20R%C3%ADo%20Ib%C3%A1%C3%B1ez' aria-hidden='false' data-av_icon='\ue8f3' data-av_iconfont='entypo-fontello' title='' data-avia-related-tooltip='Compartir en Facebook' rel=\"noopener\"><span class='avia_hidden_link_text'>Compartir en Facebook<\/span><\/a><\/li><li class='av-share-link av-social-link-twitter' ><a target=\"_blank\" aria-label=\"Compartir en Twitter\" href='https:\/\/twitter.com\/share?text=Subsecretaria%20Perales%20en%20su%20visita%20a%20la%20regi%C3%B3n%20anunci%C3%B3%20el%20financiamiento%20de%20dos%20proyectos%20de%20inversi%C3%B3n%20en%20la%20comuna%20de%20Ays%C3%A9n%20y%20visit%C3%B3%20obras%20de%20mejoramiento%20de%20agua%20potable%20y%20la%20construcci%C3%B3n%20de%20casetas%20sanitarias%20en%20R%C3%ADo%20Ib%C3%A1%C3%B1ez&#038;url=https:\/\/radiorevelacionfm.cl\/?p=58522' aria-hidden='false' data-av_icon='\ue8f1' data-av_iconfont='entypo-fontello' title='' data-avia-related-tooltip='Compartir en Twitter' rel=\"noopener\"><span class='avia_hidden_link_text'>Compartir en Twitter<\/span><\/a><\/li><li class='av-share-link av-social-link-whatsapp' ><a target=\"_blank\" aria-label=\"Compartir en Whatsapp\" href='https:\/\/api.whatsapp.com\/send?text=https:\/\/radiorevelacionfm.cl\/?p=58522' aria-hidden='false' data-av_icon='\uf232' data-av_iconfont='entypo-fontello' title='' data-avia-related-tooltip='Compartir en Whatsapp' rel=\"noopener\"><span class='avia_hidden_link_text'>Compartir en Whatsapp<\/span><\/a><\/li><li class='av-share-link av-social-link-linkedin' ><a target=\"_blank\" aria-label=\"Compartir en LinkedIn\" href='https:\/\/linkedin.com\/shareArticle?mini=true&#038;title=Subsecretaria%20Perales%20en%20su%20visita%20a%20la%20regi%C3%B3n%20anunci%C3%B3%20el%20financiamiento%20de%20dos%20proyectos%20de%20inversi%C3%B3n%20en%20la%20comuna%20de%20Ays%C3%A9n%20y%20visit%C3%B3%20obras%20de%20mejoramiento%20de%20agua%20potable%20y%20la%20construcci%C3%B3n%20de%20casetas%20sanitarias%20en%20R%C3%ADo%20Ib%C3%A1%C3%B1ez&#038;url=https:\/\/radiorevelacionfm.cl\/?p=58522' aria-hidden='false' data-av_icon='\ue8fc' data-av_iconfont='entypo-fontello' title='' data-avia-related-tooltip='Compartir en LinkedIn' rel=\"noopener\"><span class='avia_hidden_link_text'>Compartir en LinkedIn<\/span><\/a><\/li><li class='av-share-link av-social-link-mail' ><a  aria-label=\"Compartir por correo\" href='mailto:?subject=Subsecretaria%20Perales%20en%20su%20visita%20a%20la%20regi%C3%B3n%20anunci%C3%B3%20el%20financiamiento%20de%20dos%20proyectos%20de%20inversi%C3%B3n%20en%20la%20comuna%20de%20Ays%C3%A9n%20y%20visit%C3%B3%20obras%20de%20mejoramiento%20de%20agua%20potable%20y%20la%20construcci%C3%B3n%20de%20casetas%20sanitarias%20en%20R%C3%ADo%20Ib%C3%A1%C3%B1ez&#038;body=https:\/\/radiorevelacionfm.cl\/?p=58522' aria-hidden='false' data-av_icon='\ue805' data-av_iconfont='entypo-fontello' title='' data-avia-related-tooltip='Compartir por correo'><span class='avia_hidden_link_text'>Compartir por correo<\/span><\/a><\/li><\/ul><\/div><\/div>\n<div  style='height:50px' class='hr hr-invisible   avia-builder-el-8  el_after_av_social_share  el_before_av_comments_list '><span class='hr-inner ' ><span class='hr-inner-style'><\/span><\/span><\/div>\n<div  class='av-buildercomment  av-blog-meta-html-info-disabled av-blog-meta-tag-disabled  '><\/div>\n","protected":false},"excerpt":{"rendered":"","protected":false},"author":1,"featured_media":58523,"comment_status":"closed","ping_status":"closed","sticky":false,"template":"","format":"standard","meta":{"footnotes":""},"categories":[38],"tags":[],"class_list":["post-58522","post","type-post","status-publish","format-standard","has-post-thumbnail","hentry","category-regional"],"jetpack_featured_media_url":"https:\/\/radiorevelacionfm.cl\/wp-content\/uploads\/2025\/08\/54753109633_5064985a83_c-1_optimized-1.jpg","_links":{"self":[{"href":"https:\/\/radiorevelacionfm.cl\/index.php?rest_route=\/wp\/v2\/posts\/58522","targetHints":{"allow":["GET"]}}],"collection":[{"href":"https:\/\/radiorevelacionfm.cl\/index.php?rest_route=\/wp\/v2\/posts"}],"about":[{"href":"https:\/\/radiorevelacionfm.cl\/index.php?rest_route=\/wp\/v2\/types\/post"}],"author":[{"embeddable":true,"href":"https:\/\/radiorevelacionfm.cl\/index.php?rest_route=\/wp\/v2\/users\/1"}],"replies":[{"embeddable":true,"href":"https:\/\/radiorevelacionfm.cl\/index.php?rest_route=%2Fwp%2Fv2%2Fcomments&post=58522"}],"version-history":[{"count":2,"href":"https:\/\/radiorevelacionfm.cl\/index.php?rest_route=\/wp\/v2\/posts\/58522\/revisions"}],"predecessor-version":[{"id":58526,"href":"https:\/\/radiorevelacionfm.cl\/index.php?rest_route=\/wp\/v2\/posts\/58522\/revisions\/58526"}],"wp:featuredmedia":[{"embeddable":true,"href":"https:\/\/radiorevelacionfm.cl\/index.php?rest_route=\/wp\/v2\/media\/58523"}],"wp:attachment":[{"href":"https:\/\/radiorevelacionfm.cl\/index.php?rest_route=%2Fwp%2Fv2%2Fmedia&parent=58522"}],"wp:term":[{"taxonomy":"category","embeddable":true,"href":"https:\/\/radiorevelacionfm.cl\/index.php?rest_route=%2Fwp%2Fv2%2Fcategories&post=58522"},{"taxonomy":"post_tag","embeddable":true,"href":"https:\/\/radiorevelacionfm.cl\/index.php?rest_route=%2Fwp%2Fv2%2Ftags&post=58522"}],"curies":[{"name":"wp","href":"https:\/\/api.w.org\/{rel}","templated":true}]}}