{"id":5852,"date":"2021-07-03T17:31:24","date_gmt":"2021-07-03T20:31:24","guid":{"rendered":"https:\/\/radiorevelacionfm.cl\/?p=5852"},"modified":"2021-07-03T17:31:24","modified_gmt":"2021-07-03T20:31:24","slug":"dialogo-nacional-por-la-vivienda-y-la-ciudad-presenta-20-medidas-para-reducir-deficit-habitacional-en-el-corto-plazo","status":"publish","type":"post","link":"https:\/\/radiorevelacionfm.cl\/?p=5852","title":{"rendered":"\u201cDi\u00e1logo Nacional por la Vivienda y la Ciudad\u201d presenta 20 medidas para reducir d\u00e9ficit habitacional en el corto plazo"},"content":{"rendered":"<div class=\"flex_column av_one_full  flex_column_div av-zero-column-padding first  avia-builder-el-0  el_before_av_one_full  avia-builder-el-first  \" style='border-radius:0px; '><div  class='avia-image-container  av-styling-    avia-builder-el-1  avia-builder-el-no-sibling  avia-align-center '  itemprop=\"image\" itemscope=\"itemscope\" itemtype=\"https:\/\/schema.org\/ImageObject\"  ><div class='avia-image-container-inner'><div class='avia-image-overlay-wrap'><img decoding=\"async\" class='wp-image-5853 avia-img-lazy-loading-not-5853 avia_image' src=\"https:\/\/radiorevelacionfm.cl\/wp-content\/uploads\/2021\/07\/imagen-2-Dialogo-Ciudad-y-Vivienda1-1-1.jpg\" alt='' title='imagen 2 Dialogo Ciudad y Vivienda1 (1) (1)' height=\"590\" width=\"823\"  itemprop=\"thumbnailUrl\" srcset=\"https:\/\/radiorevelacionfm.cl\/wp-content\/uploads\/2021\/07\/imagen-2-Dialogo-Ciudad-y-Vivienda1-1-1.jpg 823w, https:\/\/radiorevelacionfm.cl\/wp-content\/uploads\/2021\/07\/imagen-2-Dialogo-Ciudad-y-Vivienda1-1-1-300x215.jpg 300w, https:\/\/radiorevelacionfm.cl\/wp-content\/uploads\/2021\/07\/imagen-2-Dialogo-Ciudad-y-Vivienda1-1-1-768x551.jpg 768w, https:\/\/radiorevelacionfm.cl\/wp-content\/uploads\/2021\/07\/imagen-2-Dialogo-Ciudad-y-Vivienda1-1-1-260x185.jpg 260w, https:\/\/radiorevelacionfm.cl\/wp-content\/uploads\/2021\/07\/imagen-2-Dialogo-Ciudad-y-Vivienda1-1-1-705x505.jpg 705w, https:\/\/radiorevelacionfm.cl\/wp-content\/uploads\/2021\/07\/imagen-2-Dialogo-Ciudad-y-Vivienda1-1-1-600x430.jpg 600w\" sizes=\"(max-width: 823px) 100vw, 823px\" \/><\/div><\/div><\/div><\/div><div class=\"flex_column av_one_full  flex_column_div av-zero-column-padding first  avia-builder-el-2  el_after_av_one_full  el_before_av_one_full  column-top-margin\" style='border-radius:0px; '><section class=\"av_textblock_section \"  itemscope=\"itemscope\" itemtype=\"https:\/\/schema.org\/BlogPosting\" itemprop=\"blogPost\" ><div class='avia_textblock  '   itemprop=\"text\" ><p style=\"text-align: center;\"><strong><span style=\"font-size: 18pt;\">\u201cDi\u00e1logo Nacional por la Vivienda y la Ciudad\u201d presenta 20 medidas para reducir d\u00e9ficit habitacional en el corto plazo<\/span><\/strong><\/p>\n<div id=\"gtx-trans\" style=\"position: absolute; left: -50px; top: 4.31534px;\">\n<div class=\"gtx-trans-icon\"><\/div>\n<\/div>\n<\/div><\/section><\/div><div class=\"flex_column av_one_full  flex_column_div av-zero-column-padding first  avia-builder-el-4  el_after_av_one_full  el_before_av_hr  column-top-margin\" style='border-radius:0px; '><section class=\"av_textblock_section \"  itemscope=\"itemscope\" itemtype=\"https:\/\/schema.org\/BlogPosting\" itemprop=\"blogPost\" ><div class='avia_textblock  '   itemprop=\"text\" ><p style=\"text-align: justify;\">El ministro de Vivienda y Urbanismo, Felipe Ward, junto al subsecretario de la cartera, Guillermo Rolando, presentaron este mi\u00e9rcoles las 20 medidas para reducir el d\u00e9ficit habitacional y atender la situaci\u00f3n de campamentos, parte del Plan de Acci\u00f3n resuelto tras el <strong>Di\u00e1logo Nacional por la Vivienda y la Ciudad<\/strong>, que convoc\u00f3 a representantes de la academia, gremios, dirigentes sociales, sociedad civil, parlamentarios, fundaciones y centros de estudio, para avanzar en soluciones concretas y aplicables en el corto plazo.<\/p>\n<p style=\"text-align: justify;\">Sobre los resultados, el ministro Ward explic\u00f3 que \u201ceste es un esfuerzo de Estado, transversal, es por eso que, en estos 60 d\u00edas, en estas 8 sesiones de trabajo, en estas m\u00e1s de 200 horas de trabajo, en la que participaron cerca de 50 personas representante de 25 instituciones, logramos un objetivo: trazar un camino a trav\u00e9s de medidas concretas, accionables en el corto plazo\u201d.<\/p>\n<p style=\"text-align: justify;\">El titular del Minvu asegur\u00f3 que las medidas de este Plan de Acci\u00f3n tendr\u00e1n un \u201cimpacto directo e inmediato\u201d en las familias del pa\u00eds que esperan por una soluci\u00f3n habitacional definitiva. En ese sentido, explic\u00f3 que se aumentar\u00e1 sostenidamente la construcci\u00f3n de viviendas al a\u00f1o, pasando de 51 mil en 2020 a 74 mil en 2021. Asimismo, se incrementar\u00e1 para el 2022 el Programa de Arriendo en un 52% (25.000 nuevos subsidios).<\/p>\n<p style=\"text-align: justify;\">Respecto a la situaci\u00f3n de las familias de campamentos, la autoridad afirm\u00f3 que se triplicar\u00e1n las intervenciones en territorios de campamentos, a trav\u00e9s del \u201cDesaf\u00edo 100+100\u201d, pasando de 65 a 200 asentamientos precarios.<\/p>\n<p style=\"text-align: justify;\">En cuanto a la aceleraci\u00f3n en la entrega de viviendas, el ministro Ward explic\u00f3 que se reducir\u00e1 a la mitad los tiempos de entrega de viviendas, desde la conformaci\u00f3n del comit\u00e9 hasta la entrega de llaves. Adem\u00e1s, se aumentar\u00e1 la construcci\u00f3n de viviendas en terrenos del Banco de Suelo en 25 mil unidades del Fondo Solidario de Elecci\u00f3n de Vivienda (DS49) en los pr\u00f3ximos dos a\u00f1os.<\/p>\n<p style=\"text-align: justify;\">Por \u00faltimo, se anunci\u00f3 la modernizaci\u00f3n en la gesti\u00f3n del Estado a trav\u00e9s de la implementaci\u00f3n del Plan BIM y DOM en L\u00ednea en programas Minvu, lo que permitir\u00e1 reducci\u00f3n en tiempos de revisi\u00f3n y sobrecostos en obras, y se impulsar\u00e1 la inversi\u00f3n de 4,4 millones de UF en programas de eficiencia energ\u00e9tica y sustentabilidad.<\/p>\n<p style=\"text-align: justify;\">En la actividad\u00a0 participaron dirigentas sociales quienes fueron parte de la construcci\u00f3n del Plan de Acci\u00f3n. \u201cAgradezco poder ser parte de esto, y representar a muchas familias que lo est\u00e1n pasando mal y saber que las 20 medidas son las m\u00e1s urgentes\u201d, coment\u00f3 Erika Gonz\u00e1lez, mientras que Karla Urz\u00faa, destac\u00f3 que \u201clo mejor que pudieron hacer fue invitarnos a participar y le dimos el color necesario y aterrizamos nuestros temas. Nos permitieron se voz y voto.\u00a0 Esto para m\u00ed es el primer paso\u201d.<\/p>\n<p style=\"text-align: justify;\">El Congreso tambi\u00e9n estuvo representado a trav\u00e9s del senador David Sandoval, quien expres\u00f3 que \u201cyo creo que primero es felicitar esta iniciativa que lleva adelante el ministerio que hoy d\u00eda se transforma en este acuerdo nacional, en este Di\u00e1logo Nacional para construir una visi\u00f3n distinta, nueva y c\u00f3mo nos hacemos parte en esa nueva visi\u00f3n de lo que significa el sue\u00f1o m\u00e1s anhelado por las familias en nuestro pa\u00eds, la vivienda\u201d.<\/p>\n<p style=\"text-align: justify;\">Finalmente el Seremi de Vivienda, Diego Silva, valor\u00f3 el resultado de este trabajo conjunto, el cual se refleja en un documento capaz de reunir opiniones diversas e ideas valiosas para el futuro de nuestro pa\u00eds. \u201cSon medidas concretas, que se aplicar\u00e1n en el corto plazo, en los pr\u00f3ximos meses y que sin duda tendr\u00e1n un positivo impacto en el acceso a la vivienda y a una mejor calidad de vida para nuestras familias. Asumimos con orgullo estas nuevas tareas, pero tambi\u00e9n creemos que la sociedad civil deber\u00e1 asumir un rol activo y protag\u00f3nico para aportar en estos desaf\u00edos, de forma que podamos concretar y ejecutar entre todos estos grandes compromisos\u201d, manifest\u00f3.<\/p>\n<p style=\"text-align: justify;\">Cada una de las 20 medidas de corto plazo tendr\u00e1 una instituci\u00f3n responsable, recursos asociados y plazos propuestos de implementaci\u00f3n.<\/p>\n<p style=\"text-align: justify;\"><strong><u>Las 20 medidas<\/u><\/strong><\/p>\n<p style=\"text-align: justify;\"><strong>Medidas de Planificaci\u00f3n Urbana<\/strong><\/p>\n<ol style=\"text-align: justify;\">\n<li>Desarrollar Planes Estrat\u00e9gicos de Vivienda por ciudad.<\/li>\n<li>Avanzar en un parque de vivienda p\u00fablica.<\/li>\n<li>Desarrollar Concursos P\u00fablicos en proyectos de arquitectura y dise\u00f1o urbano.<\/li>\n<li>Fortalecer la micro radicaci\u00f3n.<\/li>\n<li>Acelerar los pilotos de urbanizaci\u00f3n progresiva y vivienda incremental.<strong>\u00a0<\/strong><\/li>\n<\/ol>\n<p style=\"text-align: justify;\"><strong>Medidas de Gesti\u00f3n de Suelo y Financiamiento<\/strong><\/p>\n<ol style=\"text-align: justify;\" start=\"6\">\n<li>Fortalecer el Programa Fondo Solidario de Elecci\u00f3n de Vivienda.<\/li>\n<li>Implementar un programa piloto de Arriendo Protegido en terrenos fiscales.<\/li>\n<li>Fortalecer el Banco de Suelo p\u00fablico del Minvu.<\/li>\n<li>Potenciar y aumentar los subsidios de arriendo.<\/li>\n<li>Generar incentivos para facilitar el financiamiento de la vivienda en sectores medios.<\/li>\n<\/ol>\n<p style=\"text-align: justify;\"><strong>Medidas de Normativa, Institucionalidad y Reducci\u00f3n de Tiempos<\/strong><\/p>\n<ol style=\"text-align: justify;\" start=\"11\">\n<li>Acortar los tiempos de revisi\u00f3n en Serviu.<\/li>\n<li>Avanzar en mecanismo para contrataci\u00f3n conjunta de dise\u00f1o y ejecuci\u00f3n de obras en suelo p\u00fablico.<\/li>\n<li>Implementar la ley que entrega atribuciones de normas urban\u00edsticas para proyectos de integraci\u00f3n social.<\/li>\n<li>Potenciar programas habitacionales y disminuir los plazos de ejecuci\u00f3n.<\/li>\n<li>Permitir la postulaci\u00f3n de proyectos con familias ya adscritas al DS19.<\/li>\n<\/ol>\n<p style=\"text-align: justify;\"><strong>Medidas de Integraci\u00f3n y Equidad Urbana<\/strong><\/p>\n<ol start=\"16\">\n<li style=\"text-align: justify;\">Desarrollar y fortalecer los programas de acompa\u00f1amiento social.<\/li>\n<li style=\"text-align: justify;\">Incluir una soluci\u00f3n transitoria para familias de campamentos.<\/li>\n<li style=\"text-align: justify;\">Implementar una Operaci\u00f3n Invierno para proteger a las familias de campamentos.<\/li>\n<li style=\"text-align: justify;\">Agilizar la regularizaci\u00f3n de los t\u00edtulos de dominio.<\/li>\n<li style=\"text-align: justify;\">Trabajar y despachar el proyecto de Ley de Integraci\u00f3n Social y Urbana.<\/li>\n<\/ol>\n<\/div><\/section><\/div><div  style='height:50px' class='hr hr-invisible   avia-builder-el-6  el_after_av_one_full  el_before_av_social_share '><span class='hr-inner ' ><span class='hr-inner-style'><\/span><\/span><\/div><\/p>\n<div  class='av-social-sharing-box  avia-builder-el-7  el_after_av_hr  el_before_av_hr  '><div class='av-share-box'><h5 class='av-share-link-description av-no-toc '>Compartir esta noticia<\/h5><ul class='av-share-box-list noLightbox'><li class='av-share-link av-social-link-facebook' ><a target=\"_blank\" aria-label=\"Compartir en Facebook\" href='https:\/\/www.facebook.com\/sharer.php?u=https:\/\/radiorevelacionfm.cl\/?p=5852&#038;t=%E2%80%9CDi%C3%A1logo%20Nacional%20por%20la%20Vivienda%20y%20la%20Ciudad%E2%80%9D%20presenta%2020%20medidas%20para%20reducir%20d%C3%A9ficit%20habitacional%20en%20el%20corto%20plazo' aria-hidden='false' data-av_icon='\ue8f3' data-av_iconfont='entypo-fontello' title='' data-avia-related-tooltip='Compartir en Facebook' rel=\"noopener\"><span class='avia_hidden_link_text'>Compartir en Facebook<\/span><\/a><\/li><li class='av-share-link av-social-link-twitter' ><a target=\"_blank\" aria-label=\"Compartir en Twitter\" href='https:\/\/twitter.com\/share?text=%E2%80%9CDi%C3%A1logo%20Nacional%20por%20la%20Vivienda%20y%20la%20Ciudad%E2%80%9D%20presenta%2020%20medidas%20para%20reducir%20d%C3%A9ficit%20habitacional%20en%20el%20corto%20plazo&#038;url=https:\/\/radiorevelacionfm.cl\/?p=5852' aria-hidden='false' data-av_icon='\ue8f1' data-av_iconfont='entypo-fontello' title='' data-avia-related-tooltip='Compartir en Twitter' rel=\"noopener\"><span class='avia_hidden_link_text'>Compartir en Twitter<\/span><\/a><\/li><li class='av-share-link av-social-link-whatsapp' ><a target=\"_blank\" aria-label=\"Compartir en Whatsapp\" href='https:\/\/api.whatsapp.com\/send?text=https:\/\/radiorevelacionfm.cl\/?p=5852' aria-hidden='false' data-av_icon='\uf232' data-av_iconfont='entypo-fontello' title='' data-avia-related-tooltip='Compartir en Whatsapp' rel=\"noopener\"><span class='avia_hidden_link_text'>Compartir en Whatsapp<\/span><\/a><\/li><li class='av-share-link av-social-link-linkedin' ><a target=\"_blank\" aria-label=\"Compartir en LinkedIn\" href='https:\/\/linkedin.com\/shareArticle?mini=true&#038;title=%E2%80%9CDi%C3%A1logo%20Nacional%20por%20la%20Vivienda%20y%20la%20Ciudad%E2%80%9D%20presenta%2020%20medidas%20para%20reducir%20d%C3%A9ficit%20habitacional%20en%20el%20corto%20plazo&#038;url=https:\/\/radiorevelacionfm.cl\/?p=5852' aria-hidden='false' data-av_icon='\ue8fc' data-av_iconfont='entypo-fontello' title='' data-avia-related-tooltip='Compartir en LinkedIn' rel=\"noopener\"><span class='avia_hidden_link_text'>Compartir en LinkedIn<\/span><\/a><\/li><li class='av-share-link av-social-link-mail' ><a  aria-label=\"Compartir por correo\" href='mailto:?subject=%E2%80%9CDi%C3%A1logo%20Nacional%20por%20la%20Vivienda%20y%20la%20Ciudad%E2%80%9D%20presenta%2020%20medidas%20para%20reducir%20d%C3%A9ficit%20habitacional%20en%20el%20corto%20plazo&#038;body=https:\/\/radiorevelacionfm.cl\/?p=5852' aria-hidden='false' data-av_icon='\ue805' data-av_iconfont='entypo-fontello' title='' data-avia-related-tooltip='Compartir por correo'><span class='avia_hidden_link_text'>Compartir por correo<\/span><\/a><\/li><\/ul><\/div><\/div>\n<div  style='height:50px' class='hr hr-invisible   avia-builder-el-8  el_after_av_social_share  el_before_av_comments_list '><span class='hr-inner ' ><span class='hr-inner-style'><\/span><\/span><\/div>\n<div  class='av-buildercomment  av-blog-meta-html-info-disabled av-blog-meta-tag-disabled  '><\/div>\n","protected":false},"excerpt":{"rendered":"","protected":false},"author":1,"featured_media":5853,"comment_status":"open","ping_status":"open","sticky":false,"template":"","format":"standard","meta":{"footnotes":""},"categories":[57],"tags":[],"class_list":["post-5852","post","type-post","status-publish","format-standard","has-post-thumbnail","hentry","category-vivienda"],"jetpack_featured_media_url":"https:\/\/radiorevelacionfm.cl\/wp-content\/uploads\/2021\/07\/imagen-2-Dialogo-Ciudad-y-Vivienda1-1-1.jpg","_links":{"self":[{"href":"https:\/\/radiorevelacionfm.cl\/index.php?rest_route=\/wp\/v2\/posts\/5852","targetHints":{"allow":["GET"]}}],"collection":[{"href":"https:\/\/radiorevelacionfm.cl\/index.php?rest_route=\/wp\/v2\/posts"}],"about":[{"href":"https:\/\/radiorevelacionfm.cl\/index.php?rest_route=\/wp\/v2\/types\/post"}],"author":[{"embeddable":true,"href":"https:\/\/radiorevelacionfm.cl\/index.php?rest_route=\/wp\/v2\/users\/1"}],"replies":[{"embeddable":true,"href":"https:\/\/radiorevelacionfm.cl\/index.php?rest_route=%2Fwp%2Fv2%2Fcomments&post=5852"}],"version-history":[{"count":1,"href":"https:\/\/radiorevelacionfm.cl\/index.php?rest_route=\/wp\/v2\/posts\/5852\/revisions"}],"predecessor-version":[{"id":5854,"href":"https:\/\/radiorevelacionfm.cl\/index.php?rest_route=\/wp\/v2\/posts\/5852\/revisions\/5854"}],"wp:featuredmedia":[{"embeddable":true,"href":"https:\/\/radiorevelacionfm.cl\/index.php?rest_route=\/wp\/v2\/media\/5853"}],"wp:attachment":[{"href":"https:\/\/radiorevelacionfm.cl\/index.php?rest_route=%2Fwp%2Fv2%2Fmedia&parent=5852"}],"wp:term":[{"taxonomy":"category","embeddable":true,"href":"https:\/\/radiorevelacionfm.cl\/index.php?rest_route=%2Fwp%2Fv2%2Fcategories&post=5852"},{"taxonomy":"post_tag","embeddable":true,"href":"https:\/\/radiorevelacionfm.cl\/index.php?rest_route=%2Fwp%2Fv2%2Ftags&post=5852"}],"curies":[{"name":"wp","href":"https:\/\/api.w.org\/{rel}","templated":true}]}}