{"id":58515,"date":"2025-08-30T13:29:22","date_gmt":"2025-08-30T16:29:22","guid":{"rendered":"https:\/\/radiorevelacionfm.cl\/?p=58515"},"modified":"2025-08-30T13:29:22","modified_gmt":"2025-08-30T16:29:22","slug":"fiscalia-formaliza-investigacion-contra-5-imputados-por-microtrafico-de-ketamina-en-coyhaique","status":"publish","type":"post","link":"https:\/\/radiorevelacionfm.cl\/?p=58515","title":{"rendered":"Fiscal\u00eda formaliza investigaci\u00f3n contra 5 imputados por microtr\u00e1fico de ketamina en Coyhaique"},"content":{"rendered":"<div class=\"flex_column av_one_full  flex_column_div av-zero-column-padding first  avia-builder-el-0  el_before_av_one_full  avia-builder-el-first  \" style='border-radius:0px; '><div  class='avia-image-container  av-styling-    avia-builder-el-1  avia-builder-el-no-sibling  avia-align-center '  itemprop=\"image\" itemscope=\"itemscope\" itemtype=\"https:\/\/schema.org\/ImageObject\"  ><div class='avia-image-container-inner'><div class='avia-image-overlay-wrap'><img decoding=\"async\" class='wp-image-41534 avia-img-lazy-loading-not-41534 avia_image' src=\"https:\/\/radiorevelacionfm.cl\/wp-content\/uploads\/2024\/04\/Fiscalia_2024-2-1-1.jpg\" alt='' title='Fiscalia_2024 (2) (1) (1)' height=\"600\" width=\"900\"  itemprop=\"thumbnailUrl\" srcset=\"https:\/\/radiorevelacionfm.cl\/wp-content\/uploads\/2024\/04\/Fiscalia_2024-2-1-1.jpg 900w, https:\/\/radiorevelacionfm.cl\/wp-content\/uploads\/2024\/04\/Fiscalia_2024-2-1-1-300x200.jpg 300w, https:\/\/radiorevelacionfm.cl\/wp-content\/uploads\/2024\/04\/Fiscalia_2024-2-1-1-768x512.jpg 768w, https:\/\/radiorevelacionfm.cl\/wp-content\/uploads\/2024\/04\/Fiscalia_2024-2-1-1-705x470.jpg 705w, https:\/\/radiorevelacionfm.cl\/wp-content\/uploads\/2024\/04\/Fiscalia_2024-2-1-1-450x300.jpg 450w, https:\/\/radiorevelacionfm.cl\/wp-content\/uploads\/2024\/04\/Fiscalia_2024-2-1-1-600x400.jpg 600w\" sizes=\"(max-width: 900px) 100vw, 900px\" \/><\/div><\/div><\/div><\/div><div class=\"flex_column av_one_full  flex_column_div av-zero-column-padding first  avia-builder-el-2  el_after_av_one_full  el_before_av_one_full  column-top-margin\" style='border-radius:0px; '><section class=\"av_textblock_section \"  itemscope=\"itemscope\" itemtype=\"https:\/\/schema.org\/BlogPosting\" itemprop=\"blogPost\" ><div class='avia_textblock  '   itemprop=\"text\" ><p style=\"text-align: center;\"><strong><span style=\"font-size: 18pt;\">Fiscal\u00eda formaliza investigaci\u00f3n contra 5 imputados por microtr\u00e1fico de ketamina en Coyhaique<\/span><\/strong><\/p>\n<div id=\"gtx-trans\" style=\"position: absolute; left: -50px; top: 4.31534px;\">\n<div class=\"gtx-trans-icon\"><\/div>\n<\/div>\n<\/div><\/section><\/div><div class=\"flex_column av_one_full  flex_column_div av-zero-column-padding first  avia-builder-el-4  el_after_av_one_full  el_before_av_hr  column-top-margin\" style='border-radius:0px; '><section class=\"av_textblock_section \"  itemscope=\"itemscope\" itemtype=\"https:\/\/schema.org\/BlogPosting\" itemprop=\"blogPost\" ><div class='avia_textblock  '   itemprop=\"text\" ><p style=\"font-weight: 400; text-align: justify;\"><em>Tres de los detenidos ten\u00edan antecedentes penales anteriores en el marco de la ley 20.000 de drogas.<\/em><\/p>\n<p style=\"font-weight: 400; text-align: justify;\">Tras ser detenidos por personal de Carabineros de la Primera Comisar\u00eda la madrugada del viernes, fueron puestos a disposici\u00f3n del Juzgado de Garant\u00eda de Coyhaique 5 imputados en el marco de un caso por microtr\u00e1fico de ketamina, donde se decomisaron 23 gramos 400 miligramos y 70 bolsas pl\u00e1sticas sin utilizar.<\/p>\n<p style=\"font-weight: 400; text-align: justify;\">Seg\u00fan explic\u00f3 el abogado de la Fiscal\u00eda Local de Coyhaique, Jos\u00e9 Patricio Rivas, los sujetos fueron detenidos alrededor de la una de la madrugada del viernes por personal policial, luego de que el veh\u00edculo en que se desplazaban se diera a la fuga por distintas arterias de la ciudad.<\/p>\n<p style=\"font-weight: 400; text-align: justify;\">Este autom\u00f3vil, \u201ccolisiona a otro veh\u00edculo que se encontraba estacionado en la altura de calle R\u00edo Coyhaique. Finalmente es fiscalizado por personal de Carabineros, en donde se dan cuenta que en el habit\u00e1culo del copiloto se encontr\u00f3 presencia de ketamina en polvo, b\u00e1sicamente, y a trav\u00e9s de ello, los cinco ocupantes del veh\u00edculo fueron detenidos y puesto a disposici\u00f3n del tribunal\u201d, dijo Jos\u00e9 Patricio Rivas.<\/p>\n<p style=\"font-weight: 400; text-align: justify;\">El viernes, a\u00f1adi\u00f3 el profesional, \u201cse formaliz\u00f3 la investigaci\u00f3n respecto de los cinco imputados por el delito de tr\u00e1fico de drogas en peque\u00f1as cantidades, previsto en el art\u00edculo cuarto de la Ley 20.000\u201d.<\/p>\n<p style=\"font-weight: 400; text-align: justify;\">A tres de los detenidos se les solicit\u00f3 la prisi\u00f3n preventiva por tener antecedentes penales por el mismo delito, sin embargo, el Tribunal accedi\u00f3 a la aplicaci\u00f3n de esta medida cautelar solo en relaci\u00f3n a uno de los tres sujetos. \u201cRespecto de los otros dos, decret\u00f3 medidas cautelares de arresto domiciliario nocturno, a lo cual el Ministerio P\u00fablico apel\u00f3 verbalmente de esa resoluci\u00f3n\u201d, expres\u00f3 el abogado. Ante este escenario, el caso ser\u00e1 visto en la Corte de Apelaciones de Coyhaique el d\u00eda lunes.<\/p>\n<p style=\"font-weight: 400; text-align: justify;\">En relaci\u00f3n a los otros dos detenidos, agreg\u00f3 Rivas, se solicit\u00f3 una cautelar de menor intensidad, ya que no ten\u00edan antecedentes penales.<\/p>\n<\/div><\/section><\/div><div  style='height:50px' class='hr hr-invisible   avia-builder-el-6  el_after_av_one_full  el_before_av_social_share '><span class='hr-inner ' ><span class='hr-inner-style'><\/span><\/span><\/div><\/p>\n<div  class='av-social-sharing-box  avia-builder-el-7  el_after_av_hr  el_before_av_hr  '><div class='av-share-box'><h5 class='av-share-link-description av-no-toc '>Compartir esta noticia<\/h5><ul class='av-share-box-list noLightbox'><li class='av-share-link av-social-link-facebook' ><a target=\"_blank\" aria-label=\"Compartir en Facebook\" href='https:\/\/www.facebook.com\/sharer.php?u=https:\/\/radiorevelacionfm.cl\/?p=58515&#038;t=Fiscal%C3%ADa%20formaliza%20investigaci%C3%B3n%20contra%205%20imputados%20por%20microtr%C3%A1fico%20de%20ketamina%20en%20Coyhaique' aria-hidden='false' data-av_icon='\ue8f3' data-av_iconfont='entypo-fontello' title='' data-avia-related-tooltip='Compartir en Facebook' rel=\"noopener\"><span class='avia_hidden_link_text'>Compartir en Facebook<\/span><\/a><\/li><li class='av-share-link av-social-link-twitter' ><a target=\"_blank\" aria-label=\"Compartir en Twitter\" href='https:\/\/twitter.com\/share?text=Fiscal%C3%ADa%20formaliza%20investigaci%C3%B3n%20contra%205%20imputados%20por%20microtr%C3%A1fico%20de%20ketamina%20en%20Coyhaique&#038;url=https:\/\/radiorevelacionfm.cl\/?p=58515' aria-hidden='false' data-av_icon='\ue8f1' data-av_iconfont='entypo-fontello' title='' data-avia-related-tooltip='Compartir en Twitter' rel=\"noopener\"><span class='avia_hidden_link_text'>Compartir en Twitter<\/span><\/a><\/li><li class='av-share-link av-social-link-whatsapp' ><a target=\"_blank\" aria-label=\"Compartir en Whatsapp\" href='https:\/\/api.whatsapp.com\/send?text=https:\/\/radiorevelacionfm.cl\/?p=58515' aria-hidden='false' data-av_icon='\uf232' data-av_iconfont='entypo-fontello' title='' data-avia-related-tooltip='Compartir en Whatsapp' rel=\"noopener\"><span class='avia_hidden_link_text'>Compartir en Whatsapp<\/span><\/a><\/li><li class='av-share-link av-social-link-linkedin' ><a target=\"_blank\" aria-label=\"Compartir en LinkedIn\" href='https:\/\/linkedin.com\/shareArticle?mini=true&#038;title=Fiscal%C3%ADa%20formaliza%20investigaci%C3%B3n%20contra%205%20imputados%20por%20microtr%C3%A1fico%20de%20ketamina%20en%20Coyhaique&#038;url=https:\/\/radiorevelacionfm.cl\/?p=58515' aria-hidden='false' data-av_icon='\ue8fc' data-av_iconfont='entypo-fontello' title='' data-avia-related-tooltip='Compartir en LinkedIn' rel=\"noopener\"><span class='avia_hidden_link_text'>Compartir en LinkedIn<\/span><\/a><\/li><li class='av-share-link av-social-link-mail' ><a  aria-label=\"Compartir por correo\" href='mailto:?subject=Fiscal%C3%ADa%20formaliza%20investigaci%C3%B3n%20contra%205%20imputados%20por%20microtr%C3%A1fico%20de%20ketamina%20en%20Coyhaique&#038;body=https:\/\/radiorevelacionfm.cl\/?p=58515' aria-hidden='false' data-av_icon='\ue805' data-av_iconfont='entypo-fontello' title='' data-avia-related-tooltip='Compartir por correo'><span class='avia_hidden_link_text'>Compartir por correo<\/span><\/a><\/li><\/ul><\/div><\/div>\n<div  style='height:50px' class='hr hr-invisible   avia-builder-el-8  el_after_av_social_share  el_before_av_comments_list '><span class='hr-inner ' ><span class='hr-inner-style'><\/span><\/span><\/div>\n<div  class='av-buildercomment  av-blog-meta-html-info-disabled av-blog-meta-tag-disabled  '><\/div>\n","protected":false},"excerpt":{"rendered":"","protected":false},"author":1,"featured_media":41534,"comment_status":"closed","ping_status":"closed","sticky":false,"template":"","format":"standard","meta":{"footnotes":""},"categories":[36],"tags":[],"class_list":["post-58515","post","type-post","status-publish","format-standard","has-post-thumbnail","hentry","category-policial"],"jetpack_featured_media_url":"https:\/\/radiorevelacionfm.cl\/wp-content\/uploads\/2024\/04\/Fiscalia_2024-2-1-1.jpg","_links":{"self":[{"href":"https:\/\/radiorevelacionfm.cl\/index.php?rest_route=\/wp\/v2\/posts\/58515","targetHints":{"allow":["GET"]}}],"collection":[{"href":"https:\/\/radiorevelacionfm.cl\/index.php?rest_route=\/wp\/v2\/posts"}],"about":[{"href":"https:\/\/radiorevelacionfm.cl\/index.php?rest_route=\/wp\/v2\/types\/post"}],"author":[{"embeddable":true,"href":"https:\/\/radiorevelacionfm.cl\/index.php?rest_route=\/wp\/v2\/users\/1"}],"replies":[{"embeddable":true,"href":"https:\/\/radiorevelacionfm.cl\/index.php?rest_route=%2Fwp%2Fv2%2Fcomments&post=58515"}],"version-history":[{"count":2,"href":"https:\/\/radiorevelacionfm.cl\/index.php?rest_route=\/wp\/v2\/posts\/58515\/revisions"}],"predecessor-version":[{"id":58517,"href":"https:\/\/radiorevelacionfm.cl\/index.php?rest_route=\/wp\/v2\/posts\/58515\/revisions\/58517"}],"wp:featuredmedia":[{"embeddable":true,"href":"https:\/\/radiorevelacionfm.cl\/index.php?rest_route=\/wp\/v2\/media\/41534"}],"wp:attachment":[{"href":"https:\/\/radiorevelacionfm.cl\/index.php?rest_route=%2Fwp%2Fv2%2Fmedia&parent=58515"}],"wp:term":[{"taxonomy":"category","embeddable":true,"href":"https:\/\/radiorevelacionfm.cl\/index.php?rest_route=%2Fwp%2Fv2%2Fcategories&post=58515"},{"taxonomy":"post_tag","embeddable":true,"href":"https:\/\/radiorevelacionfm.cl\/index.php?rest_route=%2Fwp%2Fv2%2Ftags&post=58515"}],"curies":[{"name":"wp","href":"https:\/\/api.w.org\/{rel}","templated":true}]}}