{"id":58507,"date":"2025-08-30T15:18:08","date_gmt":"2025-08-30T18:18:08","guid":{"rendered":"https:\/\/radiorevelacionfm.cl\/?p=58507"},"modified":"2025-08-30T15:21:06","modified_gmt":"2025-08-30T18:21:06","slug":"autoridades-de-gobierno-realizan-conversatorio-en-coyhaique-sobre-la-reforma-de-pensiones","status":"publish","type":"post","link":"https:\/\/radiorevelacionfm.cl\/?p=58507","title":{"rendered":"Autoridades de gobierno realizan conversatorio en Coyhaique sobre la Reforma de Pensiones"},"content":{"rendered":"<div class=\"flex_column av_one_full  flex_column_div av-zero-column-padding first  avia-builder-el-0  el_before_av_one_full  avia-builder-el-first  \" style='border-radius:0px; '><div  class='avia-image-container  av-styling-    avia-builder-el-1  avia-builder-el-no-sibling  avia-align-center '  itemprop=\"image\" itemscope=\"itemscope\" itemtype=\"https:\/\/schema.org\/ImageObject\"  ><div class='avia-image-container-inner'><div class='avia-image-overlay-wrap'><img decoding=\"async\" class='wp-image-58508 avia-img-lazy-loading-not-58508 avia_image' src=\"https:\/\/radiorevelacionfm.cl\/wp-content\/uploads\/2025\/08\/54752934361_819ba8de54_c-1_optimized-1.jpg\" alt='' title='54752934361_819ba8de54_c-(1)_optimized (1)' height=\"600\" width=\"899\"  itemprop=\"thumbnailUrl\" srcset=\"https:\/\/radiorevelacionfm.cl\/wp-content\/uploads\/2025\/08\/54752934361_819ba8de54_c-1_optimized-1.jpg 899w, https:\/\/radiorevelacionfm.cl\/wp-content\/uploads\/2025\/08\/54752934361_819ba8de54_c-1_optimized-1-300x200.jpg 300w, https:\/\/radiorevelacionfm.cl\/wp-content\/uploads\/2025\/08\/54752934361_819ba8de54_c-1_optimized-1-768x513.jpg 768w, https:\/\/radiorevelacionfm.cl\/wp-content\/uploads\/2025\/08\/54752934361_819ba8de54_c-1_optimized-1-705x471.jpg 705w, https:\/\/radiorevelacionfm.cl\/wp-content\/uploads\/2025\/08\/54752934361_819ba8de54_c-1_optimized-1-450x300.jpg 450w, https:\/\/radiorevelacionfm.cl\/wp-content\/uploads\/2025\/08\/54752934361_819ba8de54_c-1_optimized-1-600x400.jpg 600w\" sizes=\"(max-width: 899px) 100vw, 899px\" \/><\/div><\/div><\/div><\/div>\n<div class=\"flex_column av_one_full  flex_column_div av-zero-column-padding first  avia-builder-el-2  el_after_av_one_full  el_before_av_one_full  column-top-margin\" style='border-radius:0px; '><section class=\"av_textblock_section \"  itemscope=\"itemscope\" itemtype=\"https:\/\/schema.org\/BlogPosting\" itemprop=\"blogPost\" ><div class='avia_textblock  '   itemprop=\"text\" ><p style=\"text-align: center;\"><strong><span style=\"font-size: 18pt;\">Autoridades de gobierno realizan conversatorio en Coyhaique sobre la Reforma de Pensiones<\/span><\/strong><\/p>\n<div id=\"gtx-trans\" style=\"position: absolute; left: -50px; top: 4.31534px;\">\n<div class=\"gtx-trans-icon\"><\/div>\n<\/div>\n<\/div><\/section><\/div>\n<div class=\"flex_column av_one_full  flex_column_div av-zero-column-padding first  avia-builder-el-4  el_after_av_one_full  el_before_av_hr  column-top-margin\" style='border-radius:0px; '><section class=\"av_textblock_section \"  itemscope=\"itemscope\" itemtype=\"https:\/\/schema.org\/BlogPosting\" itemprop=\"blogPost\" ><div class='avia_textblock  '   itemprop=\"text\" ><p style=\"text-align: justify;\"><em>Este encuentro tiene como objetivo informar y aclarar dudas sobre la implementaci\u00f3n, plazos y beneficios de la Ley 21.735 sobre la Reforma de Pensiones.<\/em><\/p>\n<p style=\"text-align: justify;\">La subsecretaria de Desarrollo Regional y Administrativo (Subdere), Francisca Perales, desarroll\u00f3 una agenda en terreno en la Regi\u00f3n de Ays\u00e9n que incluy\u00f3 la participaci\u00f3n de un conversatorio para abordar los principales alcances y beneficios de la Ley 21.375 sobre la Reforma de Pensiones, instancia que cont\u00f3 con la presencia de autoridades de gobierno regionales como tambi\u00e9n de la comunidad.<\/p>\n<p style=\"text-align: justify;\">\u201cEsta reforma ya es una realidad y nos permite darle mejores condiciones a las personas mayores y a los jubilados del futuro. Los compromisos que hemos tomado como gobierno, se cumplen. Son cuestiones que tenemos que informar paso a paso a la ciudadan\u00eda porque efectivamente son avances, son conquistas sociales y generan justicia para nuestra sociedad\u201d, destac\u00f3 la subsecretaria Francisca Perales.<\/p>\n<p style=\"text-align: justify;\">Un punto relevante de este di\u00e1logo es que, a partir de septiembre, la Pensi\u00f3n Garantizada Universal (PGU) aumentar\u00e1 a 250 mil pesos para los pensionados mayores de 82 a\u00f1os, y progresivamente ir\u00e1 abarcando a m\u00e1s segmentos de la poblaci\u00f3n. En septiembre de 2026 se extender\u00e1 a todas las personas mayores de 75 a\u00f1os y, en 2027, a quienes tengan m\u00e1s de 65 a\u00f1os. Esto significa que todas las personas mayores quedar\u00e1n por sobre la l\u00ednea de la pobreza.<\/p>\n<p style=\"text-align: justify;\">Por su parte, el delegado (s) regional de Ays\u00e9n, Samuel Navarro dijo que \u201cen esta actividad nos permite informar a la comunidad, luego de una tramitaci\u00f3n bastante larga que se est\u00e1 implementando de forma gradual y que viene a darle una soluci\u00f3n a las personas mayores y eso esperamos que se informe que a contar del 1 de septiembre comienza el aumento de la PGU y a contar de enero tambi\u00e9n viene el seguro que viene a reconocer los a\u00f1os de cotizaci\u00f3n\u201d.<\/p>\n<p style=\"text-align: justify;\">El seremi (s) del Trabajo y Previsi\u00f3n Social, Rodrigo D\u00edaz se\u00f1al\u00f3 que \u2018\u2019hoy d\u00eda estamos viviendo un escenario que es muy bueno para nuestros actuales y futuros pensionados. Esto que logr\u00f3 el gobierno del Presidente Boric es algo hist\u00f3rico. Es un hecho que como pa\u00eds y sociedad nos debe tener muy contentos\u2019\u2019.<\/p>\n<\/div><\/section><\/div><div  style='height:50px' class='hr hr-invisible   avia-builder-el-6  el_after_av_one_full  el_before_av_social_share '><span class='hr-inner ' ><span class='hr-inner-style'><\/span><\/span><\/div><\/p>\n<div  class='av-social-sharing-box  avia-builder-el-7  el_after_av_hr  el_before_av_hr  '><div class='av-share-box'><h5 class='av-share-link-description av-no-toc '>Compartir esta noticia<\/h5><ul class='av-share-box-list noLightbox'><li class='av-share-link av-social-link-facebook' ><a target=\"_blank\" aria-label=\"Compartir en Facebook\" href='https:\/\/www.facebook.com\/sharer.php?u=https:\/\/radiorevelacionfm.cl\/?p=58507&#038;t=Autoridades%20de%20gobierno%20realizan%20conversatorio%20en%20Coyhaique%20sobre%20la%20Reforma%20de%20Pensiones' aria-hidden='false' data-av_icon='\ue8f3' data-av_iconfont='entypo-fontello' title='' data-avia-related-tooltip='Compartir en Facebook' rel=\"noopener\"><span class='avia_hidden_link_text'>Compartir en Facebook<\/span><\/a><\/li><li class='av-share-link av-social-link-twitter' ><a target=\"_blank\" aria-label=\"Compartir en Twitter\" href='https:\/\/twitter.com\/share?text=Autoridades%20de%20gobierno%20realizan%20conversatorio%20en%20Coyhaique%20sobre%20la%20Reforma%20de%20Pensiones&#038;url=https:\/\/radiorevelacionfm.cl\/?p=58507' aria-hidden='false' data-av_icon='\ue8f1' data-av_iconfont='entypo-fontello' title='' data-avia-related-tooltip='Compartir en Twitter' rel=\"noopener\"><span class='avia_hidden_link_text'>Compartir en Twitter<\/span><\/a><\/li><li class='av-share-link av-social-link-whatsapp' ><a target=\"_blank\" aria-label=\"Compartir en Whatsapp\" href='https:\/\/api.whatsapp.com\/send?text=https:\/\/radiorevelacionfm.cl\/?p=58507' aria-hidden='false' data-av_icon='\uf232' data-av_iconfont='entypo-fontello' title='' data-avia-related-tooltip='Compartir en Whatsapp' rel=\"noopener\"><span class='avia_hidden_link_text'>Compartir en Whatsapp<\/span><\/a><\/li><li class='av-share-link av-social-link-linkedin' ><a target=\"_blank\" aria-label=\"Compartir en LinkedIn\" href='https:\/\/linkedin.com\/shareArticle?mini=true&#038;title=Autoridades%20de%20gobierno%20realizan%20conversatorio%20en%20Coyhaique%20sobre%20la%20Reforma%20de%20Pensiones&#038;url=https:\/\/radiorevelacionfm.cl\/?p=58507' aria-hidden='false' data-av_icon='\ue8fc' data-av_iconfont='entypo-fontello' title='' data-avia-related-tooltip='Compartir en LinkedIn' rel=\"noopener\"><span class='avia_hidden_link_text'>Compartir en LinkedIn<\/span><\/a><\/li><li class='av-share-link av-social-link-mail' ><a  aria-label=\"Compartir por correo\" href='mailto:?subject=Autoridades%20de%20gobierno%20realizan%20conversatorio%20en%20Coyhaique%20sobre%20la%20Reforma%20de%20Pensiones&#038;body=https:\/\/radiorevelacionfm.cl\/?p=58507' aria-hidden='false' data-av_icon='\ue805' data-av_iconfont='entypo-fontello' title='' data-avia-related-tooltip='Compartir por correo'><span class='avia_hidden_link_text'>Compartir por correo<\/span><\/a><\/li><\/ul><\/div><\/div>\n<div  style='height:50px' class='hr hr-invisible   avia-builder-el-8  el_after_av_social_share  el_before_av_comments_list '><span class='hr-inner ' ><span class='hr-inner-style'><\/span><\/span><\/div>\n<div  class='av-buildercomment  av-blog-meta-html-info-disabled av-blog-meta-tag-disabled  '><\/div>\n","protected":false},"excerpt":{"rendered":"","protected":false},"author":1,"featured_media":58508,"comment_status":"closed","ping_status":"closed","sticky":false,"template":"","format":"standard","meta":{"footnotes":""},"categories":[38],"tags":[],"class_list":["post-58507","post","type-post","status-publish","format-standard","has-post-thumbnail","hentry","category-regional"],"jetpack_featured_media_url":"https:\/\/radiorevelacionfm.cl\/wp-content\/uploads\/2025\/08\/54752934361_819ba8de54_c-1_optimized-1.jpg","_links":{"self":[{"href":"https:\/\/radiorevelacionfm.cl\/index.php?rest_route=\/wp\/v2\/posts\/58507","targetHints":{"allow":["GET"]}}],"collection":[{"href":"https:\/\/radiorevelacionfm.cl\/index.php?rest_route=\/wp\/v2\/posts"}],"about":[{"href":"https:\/\/radiorevelacionfm.cl\/index.php?rest_route=\/wp\/v2\/types\/post"}],"author":[{"embeddable":true,"href":"https:\/\/radiorevelacionfm.cl\/index.php?rest_route=\/wp\/v2\/users\/1"}],"replies":[{"embeddable":true,"href":"https:\/\/radiorevelacionfm.cl\/index.php?rest_route=%2Fwp%2Fv2%2Fcomments&post=58507"}],"version-history":[{"count":4,"href":"https:\/\/radiorevelacionfm.cl\/index.php?rest_route=\/wp\/v2\/posts\/58507\/revisions"}],"predecessor-version":[{"id":58520,"href":"https:\/\/radiorevelacionfm.cl\/index.php?rest_route=\/wp\/v2\/posts\/58507\/revisions\/58520"}],"wp:featuredmedia":[{"embeddable":true,"href":"https:\/\/radiorevelacionfm.cl\/index.php?rest_route=\/wp\/v2\/media\/58508"}],"wp:attachment":[{"href":"https:\/\/radiorevelacionfm.cl\/index.php?rest_route=%2Fwp%2Fv2%2Fmedia&parent=58507"}],"wp:term":[{"taxonomy":"category","embeddable":true,"href":"https:\/\/radiorevelacionfm.cl\/index.php?rest_route=%2Fwp%2Fv2%2Fcategories&post=58507"},{"taxonomy":"post_tag","embeddable":true,"href":"https:\/\/radiorevelacionfm.cl\/index.php?rest_route=%2Fwp%2Fv2%2Ftags&post=58507"}],"curies":[{"name":"wp","href":"https:\/\/api.w.org\/{rel}","templated":true}]}}