{"id":58501,"date":"2025-08-29T18:46:48","date_gmt":"2025-08-29T21:46:48","guid":{"rendered":"https:\/\/radiorevelacionfm.cl\/?p=58501"},"modified":"2025-08-29T18:46:48","modified_gmt":"2025-08-29T21:46:48","slug":"capacitacion-en-la-junta-fortalece-gestion-de-servicios-sanitarios-rurales-de-la-zona-norte-de-aysen","status":"publish","type":"post","link":"https:\/\/radiorevelacionfm.cl\/?p=58501","title":{"rendered":"Capacitaci\u00f3n en La Junta fortalece gesti\u00f3n de Servicios Sanitarios Rurales de la zona norte de Ays\u00e9n"},"content":{"rendered":"<div class=\"flex_column av_one_full  flex_column_div av-zero-column-padding first  avia-builder-el-0  el_before_av_one_full  avia-builder-el-first  \" style='border-radius:0px; '><div  class='avia-image-container  av-styling-    avia-builder-el-1  avia-builder-el-no-sibling  avia-align-center '  itemprop=\"image\" itemscope=\"itemscope\" itemtype=\"https:\/\/schema.org\/ImageObject\"  ><div class='avia-image-container-inner'><div class='avia-image-overlay-wrap'><img decoding=\"async\" class='wp-image-58502 avia-img-lazy-loading-not-58502 avia_image' src=\"https:\/\/radiorevelacionfm.cl\/wp-content\/uploads\/2025\/08\/capacitacion-apr-la-junta-1-1-1_optimized.jpg\" alt='' title='capacitaci\u00f3n-apr-la-junta - -1-(1)-(1)_optimized' height=\"600\" width=\"1069\"  itemprop=\"thumbnailUrl\" srcset=\"https:\/\/radiorevelacionfm.cl\/wp-content\/uploads\/2025\/08\/capacitacion-apr-la-junta-1-1-1_optimized.jpg 1069w, https:\/\/radiorevelacionfm.cl\/wp-content\/uploads\/2025\/08\/capacitacion-apr-la-junta-1-1-1_optimized-300x168.jpg 300w, https:\/\/radiorevelacionfm.cl\/wp-content\/uploads\/2025\/08\/capacitacion-apr-la-junta-1-1-1_optimized-1030x578.jpg 1030w, https:\/\/radiorevelacionfm.cl\/wp-content\/uploads\/2025\/08\/capacitacion-apr-la-junta-1-1-1_optimized-768x431.jpg 768w, https:\/\/radiorevelacionfm.cl\/wp-content\/uploads\/2025\/08\/capacitacion-apr-la-junta-1-1-1_optimized-705x396.jpg 705w, https:\/\/radiorevelacionfm.cl\/wp-content\/uploads\/2025\/08\/capacitacion-apr-la-junta-1-1-1_optimized-450x253.jpg 450w, https:\/\/radiorevelacionfm.cl\/wp-content\/uploads\/2025\/08\/capacitacion-apr-la-junta-1-1-1_optimized-600x337.jpg 600w\" sizes=\"(max-width: 1069px) 100vw, 1069px\" \/><\/div><\/div><\/div><\/div><div class=\"flex_column av_one_full  flex_column_div av-zero-column-padding first  avia-builder-el-2  el_after_av_one_full  el_before_av_one_full  column-top-margin\" style='border-radius:0px; '><section class=\"av_textblock_section \"  itemscope=\"itemscope\" itemtype=\"https:\/\/schema.org\/BlogPosting\" itemprop=\"blogPost\" ><div class='avia_textblock  '   itemprop=\"text\" ><p style=\"text-align: center;\"><strong><span style=\"font-size: 18pt;\">Capacitaci\u00f3n en La Junta fortalece gesti\u00f3n de Servicios Sanitarios Rurales de la zona norte de Ays\u00e9n<\/span><\/strong><\/p>\n<div id=\"gtx-trans\" style=\"position: absolute; left: -50px; top: 4.31534px;\">\n<div class=\"gtx-trans-icon\"><\/div>\n<\/div>\n<\/div><\/section><\/div><div class=\"flex_column av_one_full  flex_column_div av-zero-column-padding first  avia-builder-el-4  el_after_av_one_full  el_before_av_hr  column-top-margin\" style='border-radius:0px; '><section class=\"av_textblock_section \"  itemscope=\"itemscope\" itemtype=\"https:\/\/schema.org\/BlogPosting\" itemprop=\"blogPost\" ><div class='avia_textblock  '   itemprop=\"text\" ><p style=\"text-align: justify;\"><em>La actividad enmarcada en el convenio entre la DOH y la UAys\u00e9n, reuni\u00f3 a dirigentes, trabajadores y operadores de localidades como Lago Verde, Villa Amengual, Puerto Cisnes, Puyuhuapi y La Junta.<\/em><\/p>\n<p style=\"text-align: justify;\">En el marco del segundo a\u00f1o de ejecuci\u00f3n del convenio entre la Subdirecci\u00f3n de Servicios Sanitarios Rurales (SSSR) de la Direcci\u00f3n de Obras Hidr\u00e1ulicas (DOH) del Ministerio de Obras P\u00fablicas (MOP) y la Universidad de Ays\u00e9n (UAys\u00e9n), se desarroll\u00f3 una nueva jornada del ciclo de Capacitaciones dirigidas a Comit\u00e9s de Agua Potable Rural (APR) de la regi\u00f3n de Ays\u00e9n.<\/p>\n<p style=\"text-align: justify;\">La actividad se llev\u00f3 a cabo los d\u00edas 20 y 21 de agosto en la localidad de La Junta, y reuni\u00f3 a dirigentes, administrativos y operadores de Comit\u00e9s Agua Potable Rural de Lago Verde, Villa Amengual, Puerto Cisnes, Puyuhuapi y La Junta. Esta instancia permite descentralizar las capacitaciones t\u00e9cnicas, ampliar su alcance territorial y responder a los desaf\u00edos en gesti\u00f3n y operatividad de los Sistema de Agua Potable en sectores rurales.<\/p>\n<p style=\"text-align: justify;\">Paloma Jara, Seremi del MOP, valor\u00f3 especialmente el enfoque descentralizado de la jornada, comentando que <em>\u201cHemos visto llegar tambi\u00e9n dirigentes que habitualmente no est\u00e1n en las jornadas regionales o tambi\u00e9n otros miembros de las directivas, porque uno siempre ve a los presidentes. Hoy d\u00eda han podido venir los directores, los tesoreros, los secretarios o secretarias. Es un acto de justicia territorial poder acercar los ministerios a cada una de las localidades de nuestra regi\u00f3n.\u201d<\/em><\/p>\n<p style=\"text-align: justify;\">Por su parte, el Director regional de la DOH, Francisco Real, subray\u00f3 el valor de las redes generadas entre comunidades, comentando que <em>\u201cAgradecemos a la universidad el apoyo que han tenido en generar esta instancia que, m\u00e1s que una capacitaci\u00f3n, ha sido una oportunidad para unir experiencias entre comit\u00e9s que enfrentan realidades locales muy distintas\u201d. <\/em>De igual forma, adelant\u00f3 que <em>\u201ctambi\u00e9n tenemos una siguiente capacitaci\u00f3n programada para octubre, donde se reunir\u00e1n todos los comit\u00e9s de agua potable rural en Coyhaique\u201d.<\/em><\/p>\n<p style=\"text-align: justify;\">Las jornadas, combinando teor\u00eda y pr\u00e1ctica, fueron lideradas por docentes de la Universidad y equipos t\u00e9cnicos de la Subdirecci\u00f3n de Servicios Sanitarios Rurales de la regi\u00f3n de Ays\u00e9n, abordando tem\u00e1ticas vinculadas a la operaci\u00f3n, mantenimiento, control de calidad del agua, gesti\u00f3n administrativa y liderazgo comunitario.<\/p>\n<p style=\"text-align: justify;\">Desde la experiencia local, Braulio Barriga, tesorero del APR de Lago Verde, destac\u00f3 la utilidad de las herramientas entregadas. <em>\u201cNosotros, como dirigentes, necesitamos estas capacitaciones, porque nos gusta ser dirigentes no m\u00e1s, no tenemos mucho estudio, es porque nos gusta. Y este tema de los APR, est\u00e1n saliendo nuevas leyes, y con eso es muy bueno que haya gente que nos capacite como para llevar bien nuestro comit\u00e9 y hacerle buen servicio a nuestra gente\u201d.<\/em><\/p>\n<p style=\"text-align: justify;\">En el marco del convenio con la DOH, y como parte del compromiso institucional de aportar al desarrollo regional, Gabriel N\u00fa\u00f1ez, Director General de V\u00ednculos de la UAys\u00e9n, se\u00f1al\u00f3 que \u201cUno de los ejes centrales de nuestra pol\u00edtica de vinculaci\u00f3n con el medio es la asistencia t\u00e9cnica con pertinencia territorial. A trav\u00e9s de este tipo de capacitaciones llevamos conocimiento a las comunidades y generamos soluciones concretas a desaf\u00edos locales.\u201d<\/p>\n<\/div><\/section><\/div><div  style='height:50px' class='hr hr-invisible   avia-builder-el-6  el_after_av_one_full  el_before_av_social_share '><span class='hr-inner ' ><span class='hr-inner-style'><\/span><\/span><\/div><\/p>\n<div  class='av-social-sharing-box  avia-builder-el-7  el_after_av_hr  el_before_av_hr  '><div class='av-share-box'><h5 class='av-share-link-description av-no-toc '>Compartir esta noticia<\/h5><ul class='av-share-box-list noLightbox'><li class='av-share-link av-social-link-facebook' ><a target=\"_blank\" aria-label=\"Compartir en Facebook\" href='https:\/\/www.facebook.com\/sharer.php?u=https:\/\/radiorevelacionfm.cl\/?p=58501&#038;t=Capacitaci%C3%B3n%20en%20La%20Junta%20fortalece%20gesti%C3%B3n%20de%20Servicios%20Sanitarios%20Rurales%20de%20la%20zona%20norte%20de%20Ays%C3%A9n' aria-hidden='false' data-av_icon='\ue8f3' data-av_iconfont='entypo-fontello' title='' data-avia-related-tooltip='Compartir en Facebook' rel=\"noopener\"><span class='avia_hidden_link_text'>Compartir en Facebook<\/span><\/a><\/li><li class='av-share-link av-social-link-twitter' ><a target=\"_blank\" aria-label=\"Compartir en Twitter\" href='https:\/\/twitter.com\/share?text=Capacitaci%C3%B3n%20en%20La%20Junta%20fortalece%20gesti%C3%B3n%20de%20Servicios%20Sanitarios%20Rurales%20de%20la%20zona%20norte%20de%20Ays%C3%A9n&#038;url=https:\/\/radiorevelacionfm.cl\/?p=58501' aria-hidden='false' data-av_icon='\ue8f1' data-av_iconfont='entypo-fontello' title='' data-avia-related-tooltip='Compartir en Twitter' rel=\"noopener\"><span class='avia_hidden_link_text'>Compartir en Twitter<\/span><\/a><\/li><li class='av-share-link av-social-link-whatsapp' ><a target=\"_blank\" aria-label=\"Compartir en Whatsapp\" href='https:\/\/api.whatsapp.com\/send?text=https:\/\/radiorevelacionfm.cl\/?p=58501' aria-hidden='false' data-av_icon='\uf232' data-av_iconfont='entypo-fontello' title='' data-avia-related-tooltip='Compartir en Whatsapp' rel=\"noopener\"><span class='avia_hidden_link_text'>Compartir en Whatsapp<\/span><\/a><\/li><li class='av-share-link av-social-link-linkedin' ><a target=\"_blank\" aria-label=\"Compartir en LinkedIn\" href='https:\/\/linkedin.com\/shareArticle?mini=true&#038;title=Capacitaci%C3%B3n%20en%20La%20Junta%20fortalece%20gesti%C3%B3n%20de%20Servicios%20Sanitarios%20Rurales%20de%20la%20zona%20norte%20de%20Ays%C3%A9n&#038;url=https:\/\/radiorevelacionfm.cl\/?p=58501' aria-hidden='false' data-av_icon='\ue8fc' data-av_iconfont='entypo-fontello' title='' data-avia-related-tooltip='Compartir en LinkedIn' rel=\"noopener\"><span class='avia_hidden_link_text'>Compartir en LinkedIn<\/span><\/a><\/li><li class='av-share-link av-social-link-mail' ><a  aria-label=\"Compartir por correo\" href='mailto:?subject=Capacitaci%C3%B3n%20en%20La%20Junta%20fortalece%20gesti%C3%B3n%20de%20Servicios%20Sanitarios%20Rurales%20de%20la%20zona%20norte%20de%20Ays%C3%A9n&#038;body=https:\/\/radiorevelacionfm.cl\/?p=58501' aria-hidden='false' data-av_icon='\ue805' data-av_iconfont='entypo-fontello' title='' data-avia-related-tooltip='Compartir por correo'><span class='avia_hidden_link_text'>Compartir por correo<\/span><\/a><\/li><\/ul><\/div><\/div>\n<div  style='height:50px' class='hr hr-invisible   avia-builder-el-8  el_after_av_social_share  el_before_av_comments_list '><span class='hr-inner ' ><span class='hr-inner-style'><\/span><\/span><\/div>\n<div  class='av-buildercomment  av-blog-meta-html-info-disabled av-blog-meta-tag-disabled  '><\/div>\n","protected":false},"excerpt":{"rendered":"","protected":false},"author":1,"featured_media":58502,"comment_status":"closed","ping_status":"closed","sticky":false,"template":"","format":"standard","meta":{"footnotes":""},"categories":[38],"tags":[],"class_list":["post-58501","post","type-post","status-publish","format-standard","has-post-thumbnail","hentry","category-regional"],"jetpack_featured_media_url":"https:\/\/radiorevelacionfm.cl\/wp-content\/uploads\/2025\/08\/capacitacion-apr-la-junta-1-1-1_optimized.jpg","_links":{"self":[{"href":"https:\/\/radiorevelacionfm.cl\/index.php?rest_route=\/wp\/v2\/posts\/58501","targetHints":{"allow":["GET"]}}],"collection":[{"href":"https:\/\/radiorevelacionfm.cl\/index.php?rest_route=\/wp\/v2\/posts"}],"about":[{"href":"https:\/\/radiorevelacionfm.cl\/index.php?rest_route=\/wp\/v2\/types\/post"}],"author":[{"embeddable":true,"href":"https:\/\/radiorevelacionfm.cl\/index.php?rest_route=\/wp\/v2\/users\/1"}],"replies":[{"embeddable":true,"href":"https:\/\/radiorevelacionfm.cl\/index.php?rest_route=%2Fwp%2Fv2%2Fcomments&post=58501"}],"version-history":[{"count":2,"href":"https:\/\/radiorevelacionfm.cl\/index.php?rest_route=\/wp\/v2\/posts\/58501\/revisions"}],"predecessor-version":[{"id":58504,"href":"https:\/\/radiorevelacionfm.cl\/index.php?rest_route=\/wp\/v2\/posts\/58501\/revisions\/58504"}],"wp:featuredmedia":[{"embeddable":true,"href":"https:\/\/radiorevelacionfm.cl\/index.php?rest_route=\/wp\/v2\/media\/58502"}],"wp:attachment":[{"href":"https:\/\/radiorevelacionfm.cl\/index.php?rest_route=%2Fwp%2Fv2%2Fmedia&parent=58501"}],"wp:term":[{"taxonomy":"category","embeddable":true,"href":"https:\/\/radiorevelacionfm.cl\/index.php?rest_route=%2Fwp%2Fv2%2Fcategories&post=58501"},{"taxonomy":"post_tag","embeddable":true,"href":"https:\/\/radiorevelacionfm.cl\/index.php?rest_route=%2Fwp%2Fv2%2Ftags&post=58501"}],"curies":[{"name":"wp","href":"https:\/\/api.w.org\/{rel}","templated":true}]}}