{"id":58485,"date":"2025-08-30T20:40:42","date_gmt":"2025-08-30T23:40:42","guid":{"rendered":"https:\/\/radiorevelacionfm.cl\/?p=58485"},"modified":"2025-08-30T20:40:42","modified_gmt":"2025-08-30T23:40:42","slug":"calisto-se-reune-con-comites-de-vivienda-serviu-para-abordar-la-escasez-de-terrenos-en-coyhaique","status":"publish","type":"post","link":"https:\/\/radiorevelacionfm.cl\/?p=58485","title":{"rendered":"Calisto se re\u00fane con comit\u00e9s de vivienda Serviu para abordar la escasez de terrenos en Coyhaique"},"content":{"rendered":"<div class=\"flex_column av_one_full  flex_column_div av-zero-column-padding first  avia-builder-el-0  el_before_av_one_full  avia-builder-el-first  \" style='border-radius:0px; '><div  class='avia-image-container  av-styling-    avia-builder-el-1  avia-builder-el-no-sibling  avia-align-center '  itemprop=\"image\" itemscope=\"itemscope\" itemtype=\"https:\/\/schema.org\/ImageObject\"  ><div class='avia-image-container-inner'><div class='avia-image-overlay-wrap'><img decoding=\"async\" class='wp-image-58486 avia-img-lazy-loading-not-58486 avia_image' src=\"https:\/\/radiorevelacionfm.cl\/wp-content\/uploads\/2025\/08\/foto-calisto-reu-comitEs-5-1_optimized.jpg\" alt='' title='foto-calisto-reu-comit\u00c9s-(5)-(1)_optimized' height=\"600\" width=\"1067\"  itemprop=\"thumbnailUrl\" srcset=\"https:\/\/radiorevelacionfm.cl\/wp-content\/uploads\/2025\/08\/foto-calisto-reu-comitEs-5-1_optimized.jpg 1067w, https:\/\/radiorevelacionfm.cl\/wp-content\/uploads\/2025\/08\/foto-calisto-reu-comitEs-5-1_optimized-300x169.jpg 300w, https:\/\/radiorevelacionfm.cl\/wp-content\/uploads\/2025\/08\/foto-calisto-reu-comitEs-5-1_optimized-1030x579.jpg 1030w, https:\/\/radiorevelacionfm.cl\/wp-content\/uploads\/2025\/08\/foto-calisto-reu-comitEs-5-1_optimized-768x432.jpg 768w, https:\/\/radiorevelacionfm.cl\/wp-content\/uploads\/2025\/08\/foto-calisto-reu-comitEs-5-1_optimized-705x396.jpg 705w, https:\/\/radiorevelacionfm.cl\/wp-content\/uploads\/2025\/08\/foto-calisto-reu-comitEs-5-1_optimized-450x253.jpg 450w, https:\/\/radiorevelacionfm.cl\/wp-content\/uploads\/2025\/08\/foto-calisto-reu-comitEs-5-1_optimized-600x337.jpg 600w\" sizes=\"(max-width: 1067px) 100vw, 1067px\" \/><\/div><\/div><\/div><\/div><div class=\"flex_column av_one_full  flex_column_div av-zero-column-padding first  avia-builder-el-2  el_after_av_one_full  el_before_av_one_full  column-top-margin\" style='border-radius:0px; '><section class=\"av_textblock_section \"  itemscope=\"itemscope\" itemtype=\"https:\/\/schema.org\/BlogPosting\" itemprop=\"blogPost\" ><div class='avia_textblock  '   itemprop=\"text\" ><p style=\"text-align: center;\"><strong><span style=\"font-size: 18pt;\">Calisto se re\u00fane con comit\u00e9s de vivienda Serviu para abordar la escasez de terrenos en Coyhaique<\/span><\/strong><\/p>\n<div id=\"gtx-trans\" style=\"position: absolute; left: -50px; top: 4.31534px;\">\n<div class=\"gtx-trans-icon\"><\/div>\n<\/div>\n<\/div><\/section><\/div><div class=\"flex_column av_one_full  flex_column_div av-zero-column-padding first  avia-builder-el-4  el_after_av_one_full  el_before_av_hr  column-top-margin\" style='border-radius:0px; '><section class=\"av_textblock_section \"  itemscope=\"itemscope\" itemtype=\"https:\/\/schema.org\/BlogPosting\" itemprop=\"blogPost\" ><div class='avia_textblock  '   itemprop=\"text\" ><p style=\"text-align: justify;\">El diputado Miguel \u00c1ngel Calisto sostuvo una importante reuni\u00f3n en el Servicio de Vivienda y Urbanizaci\u00f3n (Serviu) junto a tres comit\u00e9s de vivienda de Coyhaique. El objetivo del encuentro fue buscar soluciones a la cr\u00edtica falta de terrenos que enfrenta la capital regional, un obst\u00e1culo clave para la concreci\u00f3n de los proyectos habitacionales de estas familias.<\/p>\n<p style=\"text-align: justify;\">Los comit\u00e9s que participaron en la reuni\u00f3n fueron\u00a0<strong>Ra\u00edz de la Patagonia<\/strong>,\u00a0<strong>Un Sue\u00f1o de la Patagonia<\/strong>\u00a0 y\u00a0<strong>Kuy\u00e9n<\/strong>. En total, son 160 familias que dependen de la asignaci\u00f3n de un terreno para avanzar en el sue\u00f1o de la casa propia.<\/p>\n<p style=\"text-align: justify;\">En la reuni\u00f3n tambi\u00e9n estuvieron presente representantes de la entidad patrocinante, destacando el trabajo conjunto entre autoridades, dirigentes sociales y entidades t\u00e9cnicas.<\/p>\n<p style=\"text-align: justify;\">El diputado Calisto enfatiz\u00f3 la urgencia de la situaci\u00f3n: \u00abEstamos en el Serviu junto a Mar\u00eda Jos\u00e9 D\u00edaz, dirigente, representante de un grupo de comit\u00e9s de vivienda, tambi\u00e9n junto a la se\u00f1ora Luz Marina, que es de la entidad patrocinante Musinos. Para nosotros es importante poner sobre la discusi\u00f3n, la importancia de la vivienda propia para todas las familias de nuestra regi\u00f3n\u00bb.<\/p>\n<p style=\"text-align: justify;\">El parlamentario se\u00f1al\u00f3 que la falta de terrenos en Coyhaique es una realidad debido a los proyectos ya en curso, como la\u00a0<strong>Chacra G<\/strong>\u00a0y la\u00a0<strong>Chacra 40B<\/strong>. \u00abHoy d\u00eda estamos en la b\u00fasqueda particularmente del terreno para proyectar los comit\u00e9s, tomando en cuenta que ya en Coyhaique pr\u00e1cticamente no quedan terrenos, esa es una realidad. Lo que nos queda es buscar alguna alternativa en altura para densificar ac\u00e1 en Coyhaique o tambi\u00e9n fuera de Coyhaique, m\u00e1s bien en las localidades. Por lo tanto estamos comprometidos para sacar adelante estos tres comit\u00e9s que hoy d\u00eda est\u00e1n buscando terreno, sobre todo porque en su gran mayor\u00eda necesitan, son del 40 por ciento del registro de salud de hogares, son familias necesitadas de la comuna de Coyhaique\u00bb, agreg\u00f3.<\/p>\n<p style=\"text-align: justify;\">Por su parte, la dirigenta de los comit\u00e9s, Mar\u00eda Jos\u00e9 D\u00edaz, destac\u00f3 el apoyo de la entidad patrocinante: \u00abNosotros tenemos un comit\u00e9 de vivienda y asesoramos dos m\u00e1s. El compromiso est\u00e1, la falta habitacional est\u00e1. Son muchas familias que est\u00e1n en este momento con nosotros. Como mencion\u00f3 don Miguel \u00c1ngel, estamos en busca de terreno. As\u00ed que esperamos tener buenos resultados y avanzar hacia adelante, porque para eso est\u00e1n los dirigentes j\u00f3venes tambi\u00e9n, que muchas veces no se reflejan, pero nosotros somos un reflejo de ello\u00bb.<\/p>\n<p style=\"text-align: justify;\">El diputado Calisto ha mantenido un compromiso constante con las necesidades habitacionales de la Regi\u00f3n de Ays\u00e9n. Adem\u00e1s de su trabajo con los comit\u00e9s de Coyhaique, ha estado colaborando activamente con agrupaciones de vivienda de otras comunas como Chile Chico, Puerto Cisnes y Puerto Ays\u00e9n, buscando soluciones concretas y unificadas para las familias de la regi\u00f3n.<\/p>\n<\/div><\/section><\/div><div  style='height:50px' class='hr hr-invisible   avia-builder-el-6  el_after_av_one_full  el_before_av_social_share '><span class='hr-inner ' ><span class='hr-inner-style'><\/span><\/span><\/div><\/p>\n<div  class='av-social-sharing-box  avia-builder-el-7  el_after_av_hr  el_before_av_hr  '><div class='av-share-box'><h5 class='av-share-link-description av-no-toc '>Compartir esta noticia<\/h5><ul class='av-share-box-list noLightbox'><li class='av-share-link av-social-link-facebook' ><a target=\"_blank\" aria-label=\"Compartir en Facebook\" href='https:\/\/www.facebook.com\/sharer.php?u=https:\/\/radiorevelacionfm.cl\/?p=58485&#038;t=Calisto%20se%20re%C3%BAne%20con%20comit%C3%A9s%20de%20vivienda%20Serviu%20para%20abordar%20la%20escasez%20de%20terrenos%20en%20Coyhaique' aria-hidden='false' data-av_icon='\ue8f3' data-av_iconfont='entypo-fontello' title='' data-avia-related-tooltip='Compartir en Facebook' rel=\"noopener\"><span class='avia_hidden_link_text'>Compartir en Facebook<\/span><\/a><\/li><li class='av-share-link av-social-link-twitter' ><a target=\"_blank\" aria-label=\"Compartir en Twitter\" href='https:\/\/twitter.com\/share?text=Calisto%20se%20re%C3%BAne%20con%20comit%C3%A9s%20de%20vivienda%20Serviu%20para%20abordar%20la%20escasez%20de%20terrenos%20en%20Coyhaique&#038;url=https:\/\/radiorevelacionfm.cl\/?p=58485' aria-hidden='false' data-av_icon='\ue8f1' data-av_iconfont='entypo-fontello' title='' data-avia-related-tooltip='Compartir en Twitter' rel=\"noopener\"><span class='avia_hidden_link_text'>Compartir en Twitter<\/span><\/a><\/li><li class='av-share-link av-social-link-whatsapp' ><a target=\"_blank\" aria-label=\"Compartir en Whatsapp\" href='https:\/\/api.whatsapp.com\/send?text=https:\/\/radiorevelacionfm.cl\/?p=58485' aria-hidden='false' data-av_icon='\uf232' data-av_iconfont='entypo-fontello' title='' data-avia-related-tooltip='Compartir en Whatsapp' rel=\"noopener\"><span class='avia_hidden_link_text'>Compartir en Whatsapp<\/span><\/a><\/li><li class='av-share-link av-social-link-linkedin' ><a target=\"_blank\" aria-label=\"Compartir en LinkedIn\" href='https:\/\/linkedin.com\/shareArticle?mini=true&#038;title=Calisto%20se%20re%C3%BAne%20con%20comit%C3%A9s%20de%20vivienda%20Serviu%20para%20abordar%20la%20escasez%20de%20terrenos%20en%20Coyhaique&#038;url=https:\/\/radiorevelacionfm.cl\/?p=58485' aria-hidden='false' data-av_icon='\ue8fc' data-av_iconfont='entypo-fontello' title='' data-avia-related-tooltip='Compartir en LinkedIn' rel=\"noopener\"><span class='avia_hidden_link_text'>Compartir en LinkedIn<\/span><\/a><\/li><li class='av-share-link av-social-link-mail' ><a  aria-label=\"Compartir por correo\" href='mailto:?subject=Calisto%20se%20re%C3%BAne%20con%20comit%C3%A9s%20de%20vivienda%20Serviu%20para%20abordar%20la%20escasez%20de%20terrenos%20en%20Coyhaique&#038;body=https:\/\/radiorevelacionfm.cl\/?p=58485' aria-hidden='false' data-av_icon='\ue805' data-av_iconfont='entypo-fontello' title='' data-avia-related-tooltip='Compartir por correo'><span class='avia_hidden_link_text'>Compartir por correo<\/span><\/a><\/li><\/ul><\/div><\/div>\n<div  style='height:50px' class='hr hr-invisible   avia-builder-el-8  el_after_av_social_share  el_before_av_comments_list '><span class='hr-inner ' ><span class='hr-inner-style'><\/span><\/span><\/div>\n<div  class='av-buildercomment  av-blog-meta-html-info-disabled av-blog-meta-tag-disabled  '><\/div>\n","protected":false},"excerpt":{"rendered":"","protected":false},"author":1,"featured_media":58486,"comment_status":"closed","ping_status":"closed","sticky":false,"template":"","format":"standard","meta":{"footnotes":""},"categories":[35],"tags":[],"class_list":["post-58485","post","type-post","status-publish","format-standard","has-post-thumbnail","hentry","category-politica"],"jetpack_featured_media_url":"https:\/\/radiorevelacionfm.cl\/wp-content\/uploads\/2025\/08\/foto-calisto-reu-comitEs-5-1_optimized.jpg","_links":{"self":[{"href":"https:\/\/radiorevelacionfm.cl\/index.php?rest_route=\/wp\/v2\/posts\/58485","targetHints":{"allow":["GET"]}}],"collection":[{"href":"https:\/\/radiorevelacionfm.cl\/index.php?rest_route=\/wp\/v2\/posts"}],"about":[{"href":"https:\/\/radiorevelacionfm.cl\/index.php?rest_route=\/wp\/v2\/types\/post"}],"author":[{"embeddable":true,"href":"https:\/\/radiorevelacionfm.cl\/index.php?rest_route=\/wp\/v2\/users\/1"}],"replies":[{"embeddable":true,"href":"https:\/\/radiorevelacionfm.cl\/index.php?rest_route=%2Fwp%2Fv2%2Fcomments&post=58485"}],"version-history":[{"count":2,"href":"https:\/\/radiorevelacionfm.cl\/index.php?rest_route=\/wp\/v2\/posts\/58485\/revisions"}],"predecessor-version":[{"id":58531,"href":"https:\/\/radiorevelacionfm.cl\/index.php?rest_route=\/wp\/v2\/posts\/58485\/revisions\/58531"}],"wp:featuredmedia":[{"embeddable":true,"href":"https:\/\/radiorevelacionfm.cl\/index.php?rest_route=\/wp\/v2\/media\/58486"}],"wp:attachment":[{"href":"https:\/\/radiorevelacionfm.cl\/index.php?rest_route=%2Fwp%2Fv2%2Fmedia&parent=58485"}],"wp:term":[{"taxonomy":"category","embeddable":true,"href":"https:\/\/radiorevelacionfm.cl\/index.php?rest_route=%2Fwp%2Fv2%2Fcategories&post=58485"},{"taxonomy":"post_tag","embeddable":true,"href":"https:\/\/radiorevelacionfm.cl\/index.php?rest_route=%2Fwp%2Fv2%2Ftags&post=58485"}],"curies":[{"name":"wp","href":"https:\/\/api.w.org\/{rel}","templated":true}]}}