{"id":58482,"date":"2025-08-29T21:20:55","date_gmt":"2025-08-30T00:20:55","guid":{"rendered":"https:\/\/radiorevelacionfm.cl\/?p=58482"},"modified":"2025-08-29T21:20:55","modified_gmt":"2025-08-30T00:20:55","slug":"gobierno-regional-de-aysen-aprueba-plan-regulador-intercomunal-de-coyhaique-aysen","status":"publish","type":"post","link":"https:\/\/radiorevelacionfm.cl\/?p=58482","title":{"rendered":"Gobierno Regional de Ays\u00e9n aprueba Plan Regulador Intercomunal de Coyhaique &#8211; Ays\u00e9n"},"content":{"rendered":"<div class=\"flex_column av_one_full  flex_column_div av-zero-column-padding first  avia-builder-el-0  el_before_av_one_full  avia-builder-el-first  \" style='border-radius:0px; '><div  class='avia-image-container  av-styling-    avia-builder-el-1  avia-builder-el-no-sibling  avia-align-center '  itemprop=\"image\" itemscope=\"itemscope\" itemtype=\"https:\/\/schema.org\/ImageObject\"  ><div class='avia-image-container-inner'><div class='avia-image-overlay-wrap'><img decoding=\"async\" class='wp-image-58483 avia-img-lazy-loading-not-58483 avia_image' src=\"https:\/\/radiorevelacionfm.cl\/wp-content\/uploads\/2025\/08\/consejo-regional-1_optimized.jpg\" alt='' title='consejo-regional--(1)_optimized' height=\"600\" width=\"1067\"  itemprop=\"thumbnailUrl\" srcset=\"https:\/\/radiorevelacionfm.cl\/wp-content\/uploads\/2025\/08\/consejo-regional-1_optimized.jpg 1067w, https:\/\/radiorevelacionfm.cl\/wp-content\/uploads\/2025\/08\/consejo-regional-1_optimized-300x169.jpg 300w, https:\/\/radiorevelacionfm.cl\/wp-content\/uploads\/2025\/08\/consejo-regional-1_optimized-1030x579.jpg 1030w, https:\/\/radiorevelacionfm.cl\/wp-content\/uploads\/2025\/08\/consejo-regional-1_optimized-768x432.jpg 768w, https:\/\/radiorevelacionfm.cl\/wp-content\/uploads\/2025\/08\/consejo-regional-1_optimized-705x396.jpg 705w, https:\/\/radiorevelacionfm.cl\/wp-content\/uploads\/2025\/08\/consejo-regional-1_optimized-450x253.jpg 450w, https:\/\/radiorevelacionfm.cl\/wp-content\/uploads\/2025\/08\/consejo-regional-1_optimized-600x337.jpg 600w\" sizes=\"(max-width: 1067px) 100vw, 1067px\" \/><\/div><\/div><\/div><\/div><div class=\"flex_column av_one_full  flex_column_div av-zero-column-padding first  avia-builder-el-2  el_after_av_one_full  el_before_av_one_full  column-top-margin\" style='border-radius:0px; '><section class=\"av_textblock_section \"  itemscope=\"itemscope\" itemtype=\"https:\/\/schema.org\/BlogPosting\" itemprop=\"blogPost\" ><div class='avia_textblock  '   itemprop=\"text\" ><p style=\"text-align: center;\"><span style=\"font-size: 18pt;\"><strong>Gobierno Regional de Ays\u00e9n aprueba Plan Regulador Intercomunal de Coyhaique &#8211; Ays\u00e9n<\/strong><\/span><\/p>\n<div id=\"gtx-trans\" style=\"position: absolute; left: -50px; top: 4.31534px;\">\n<div class=\"gtx-trans-icon\"><\/div>\n<\/div>\n<\/div><\/section><\/div><div class=\"flex_column av_one_full  flex_column_div av-zero-column-padding first  avia-builder-el-4  el_after_av_one_full  el_before_av_hr  column-top-margin\" style='border-radius:0px; '><section class=\"av_textblock_section \"  itemscope=\"itemscope\" itemtype=\"https:\/\/schema.org\/BlogPosting\" itemprop=\"blogPost\" ><div class='avia_textblock  '   itemprop=\"text\" ><p style=\"text-align: justify;\"><em>El plan comenz\u00f3 a elaborarse en 2005, sin embargo, dado las complejidades t\u00e9cnicas del instrumento, la realidad del territorio y cambios en las normativas, entre otros, prolongaron el proceso.<\/em><\/p>\n<p style=\"text-align: justify;\">El viernes 29 de agosto, el Gobierno Regional de Ays\u00e9n y su Consejo aprobaron el Plan Regulador Intercomunal Ays\u00e9n-Coyhaique (PRICA) despu\u00e9s de cerca de 19 a\u00f1os de tramitaci\u00f3n y que permitir\u00e1 realizar en el futuro pr\u00f3ximo m\u00faltiples definiciones sobre los sectores urbanos y rurales en estas comunas.<\/p>\n<p style=\"text-align: justify;\">El jefe de Planificaci\u00f3n y Desarrollo del Gobierno Regional de Ays\u00e9n, Omar Mu\u00f1oz, explic\u00f3 que este instrumento opera como un paraguas para incorporar los planes reguladores de las comunas:\u00a0 \u201cEso va a permitir ser m\u00e1s \u00e1giles en hacer modificaciones a los actuales planes reguladores\u2026 Adem\u00e1s, ampl\u00eda los l\u00edmites urbanos de las ciudades. En el caso de Coyhaique, se ampl\u00eda hacia el sector noreste, que ser\u00eda el sector de Escuela Agr\u00edcola, pero adem\u00e1s define muchas de otras localidades que hoy son rurales pasan a ser urbanas como es el caso de Torreones, Alto Baguales, Villa Ortega, \u00d1irehuao, por nombrar algunas. Esto permitir\u00e1 resolver un sin n\u00famero de problemas a los habitantes\u00a0 de esas localidades\u201d.<\/p>\n<p style=\"text-align: justify;\">Esta aprobaci\u00f3n marca un hito, dado que en 2024 el plan fue observado por la Contralor\u00eda General de la Rep\u00fablica impidiendo su implementaci\u00f3n. A partir de esas observaciones, un equipo de la Secretar\u00eda Regional Ministerial de Vivienda Ays\u00e9n trabaj\u00f3 en subsanar esos aspectos hasta llegar a la propuesta final.<\/p>\n<p style=\"text-align: justify;\">\u201cPara nosotros la aprobaci\u00f3n por parte del pleno del CORE sobre las observaciones subsanadas del Plan Regulador Intercomunal Ays\u00e9n-Coyhaique es un hito importante, ya que nos va a permitir continuar con el proceso, donde ahora el Gobierno Regional debe enviar la documentaci\u00f3n a la Contralor\u00eda General de la Rep\u00fablica y donde nosotros esperamos una pronta toma de raz\u00f3n\u201d, coment\u00f3 la seremi de Vivienda, Paulina Ruz.<\/p>\n<p style=\"text-align: justify;\">Un plan intercomunal debe articular m\u00faltiples variables, tales como el crecimiento urbano, \u00e1reas industriales, zonas de riesgo, vialidad, \u00e1reas de conservaci\u00f3n y proyecciones demogr\u00e1ficas.<\/p>\n<p style=\"text-align: justify;\">En la Regi\u00f3n de Ays\u00e9n una de las principales problem\u00e1ticas ha sido el crecimiento de zonas periurbanas. Entre otros aspectos, esto se suma a las condiciones geogr\u00e1ficas, que se caracterizan por r\u00edos, fiordos y sectores monta\u00f1osos y que hacen m\u00e1s compleja la definici\u00f3n de \u00e1reas urbanizables y de protecci\u00f3n.<\/p>\n<\/div><\/section><\/div><div  style='height:50px' class='hr hr-invisible   avia-builder-el-6  el_after_av_one_full  el_before_av_social_share '><span class='hr-inner ' ><span class='hr-inner-style'><\/span><\/span><\/div><\/p>\n<div  class='av-social-sharing-box  avia-builder-el-7  el_after_av_hr  el_before_av_hr  '><div class='av-share-box'><h5 class='av-share-link-description av-no-toc '>Compartir esta noticia<\/h5><ul class='av-share-box-list noLightbox'><li class='av-share-link av-social-link-facebook' ><a target=\"_blank\" aria-label=\"Compartir en Facebook\" href='https:\/\/www.facebook.com\/sharer.php?u=https:\/\/radiorevelacionfm.cl\/?p=58482&#038;t=Gobierno%20Regional%20de%20Ays%C3%A9n%20aprueba%20Plan%20Regulador%20Intercomunal%20de%20Coyhaique%20%E2%80%93%20Ays%C3%A9n' aria-hidden='false' data-av_icon='\ue8f3' data-av_iconfont='entypo-fontello' title='' data-avia-related-tooltip='Compartir en Facebook' rel=\"noopener\"><span class='avia_hidden_link_text'>Compartir en Facebook<\/span><\/a><\/li><li class='av-share-link av-social-link-twitter' ><a target=\"_blank\" aria-label=\"Compartir en Twitter\" href='https:\/\/twitter.com\/share?text=Gobierno%20Regional%20de%20Ays%C3%A9n%20aprueba%20Plan%20Regulador%20Intercomunal%20de%20Coyhaique%20%E2%80%93%20Ays%C3%A9n&#038;url=https:\/\/radiorevelacionfm.cl\/?p=58482' aria-hidden='false' data-av_icon='\ue8f1' data-av_iconfont='entypo-fontello' title='' data-avia-related-tooltip='Compartir en Twitter' rel=\"noopener\"><span class='avia_hidden_link_text'>Compartir en Twitter<\/span><\/a><\/li><li class='av-share-link av-social-link-whatsapp' ><a target=\"_blank\" aria-label=\"Compartir en Whatsapp\" href='https:\/\/api.whatsapp.com\/send?text=https:\/\/radiorevelacionfm.cl\/?p=58482' aria-hidden='false' data-av_icon='\uf232' data-av_iconfont='entypo-fontello' title='' data-avia-related-tooltip='Compartir en Whatsapp' rel=\"noopener\"><span class='avia_hidden_link_text'>Compartir en Whatsapp<\/span><\/a><\/li><li class='av-share-link av-social-link-linkedin' ><a target=\"_blank\" aria-label=\"Compartir en LinkedIn\" href='https:\/\/linkedin.com\/shareArticle?mini=true&#038;title=Gobierno%20Regional%20de%20Ays%C3%A9n%20aprueba%20Plan%20Regulador%20Intercomunal%20de%20Coyhaique%20%E2%80%93%20Ays%C3%A9n&#038;url=https:\/\/radiorevelacionfm.cl\/?p=58482' aria-hidden='false' data-av_icon='\ue8fc' data-av_iconfont='entypo-fontello' title='' data-avia-related-tooltip='Compartir en LinkedIn' rel=\"noopener\"><span class='avia_hidden_link_text'>Compartir en LinkedIn<\/span><\/a><\/li><li class='av-share-link av-social-link-mail' ><a  aria-label=\"Compartir por correo\" href='mailto:?subject=Gobierno%20Regional%20de%20Ays%C3%A9n%20aprueba%20Plan%20Regulador%20Intercomunal%20de%20Coyhaique%20%E2%80%93%20Ays%C3%A9n&#038;body=https:\/\/radiorevelacionfm.cl\/?p=58482' aria-hidden='false' data-av_icon='\ue805' data-av_iconfont='entypo-fontello' title='' data-avia-related-tooltip='Compartir por correo'><span class='avia_hidden_link_text'>Compartir por correo<\/span><\/a><\/li><\/ul><\/div><\/div>\n<div  style='height:50px' class='hr hr-invisible   avia-builder-el-8  el_after_av_social_share  el_before_av_comments_list '><span class='hr-inner ' ><span class='hr-inner-style'><\/span><\/span><\/div>\n<div  class='av-buildercomment  av-blog-meta-html-info-disabled av-blog-meta-tag-disabled  '><\/div>\n","protected":false},"excerpt":{"rendered":"","protected":false},"author":1,"featured_media":58483,"comment_status":"closed","ping_status":"closed","sticky":false,"template":"","format":"standard","meta":{"footnotes":""},"categories":[38],"tags":[],"class_list":["post-58482","post","type-post","status-publish","format-standard","has-post-thumbnail","hentry","category-regional"],"jetpack_featured_media_url":"https:\/\/radiorevelacionfm.cl\/wp-content\/uploads\/2025\/08\/consejo-regional-1_optimized.jpg","_links":{"self":[{"href":"https:\/\/radiorevelacionfm.cl\/index.php?rest_route=\/wp\/v2\/posts\/58482","targetHints":{"allow":["GET"]}}],"collection":[{"href":"https:\/\/radiorevelacionfm.cl\/index.php?rest_route=\/wp\/v2\/posts"}],"about":[{"href":"https:\/\/radiorevelacionfm.cl\/index.php?rest_route=\/wp\/v2\/types\/post"}],"author":[{"embeddable":true,"href":"https:\/\/radiorevelacionfm.cl\/index.php?rest_route=\/wp\/v2\/users\/1"}],"replies":[{"embeddable":true,"href":"https:\/\/radiorevelacionfm.cl\/index.php?rest_route=%2Fwp%2Fv2%2Fcomments&post=58482"}],"version-history":[{"count":2,"href":"https:\/\/radiorevelacionfm.cl\/index.php?rest_route=\/wp\/v2\/posts\/58482\/revisions"}],"predecessor-version":[{"id":58514,"href":"https:\/\/radiorevelacionfm.cl\/index.php?rest_route=\/wp\/v2\/posts\/58482\/revisions\/58514"}],"wp:featuredmedia":[{"embeddable":true,"href":"https:\/\/radiorevelacionfm.cl\/index.php?rest_route=\/wp\/v2\/media\/58483"}],"wp:attachment":[{"href":"https:\/\/radiorevelacionfm.cl\/index.php?rest_route=%2Fwp%2Fv2%2Fmedia&parent=58482"}],"wp:term":[{"taxonomy":"category","embeddable":true,"href":"https:\/\/radiorevelacionfm.cl\/index.php?rest_route=%2Fwp%2Fv2%2Fcategories&post=58482"},{"taxonomy":"post_tag","embeddable":true,"href":"https:\/\/radiorevelacionfm.cl\/index.php?rest_route=%2Fwp%2Fv2%2Ftags&post=58482"}],"curies":[{"name":"wp","href":"https:\/\/api.w.org\/{rel}","templated":true}]}}