{"id":5848,"date":"2021-07-01T21:50:57","date_gmt":"2021-07-02T00:50:57","guid":{"rendered":"https:\/\/radiorevelacionfm.cl\/?p=5848"},"modified":"2021-07-01T21:59:00","modified_gmt":"2021-07-02T00:59:00","slug":"aysen-alcanzo-el-80-de-vacunacion-contra-el-covid-19-en-el-esquema-de-vacunacion-completo-de-la-poblacion","status":"publish","type":"post","link":"https:\/\/radiorevelacionfm.cl\/?p=5848","title":{"rendered":"Ays\u00e9n alcanz\u00f3 el 80% de vacunaci\u00f3n contra el COVID-19 en el esquema de vacunaci\u00f3n completo de la poblaci\u00f3n"},"content":{"rendered":"<div class=\"flex_column av_one_full  flex_column_div av-zero-column-padding first  avia-builder-el-0  el_before_av_one_full  avia-builder-el-first  \" style='border-radius:0px; '><div  class='avia-image-container  av-styling-    avia-builder-el-1  avia-builder-el-no-sibling  avia-align-center '  itemprop=\"image\" itemscope=\"itemscope\" itemtype=\"https:\/\/schema.org\/ImageObject\"  ><div class='avia-image-container-inner'><div class='avia-image-overlay-wrap'><img decoding=\"async\" class='wp-image-5849 avia-img-lazy-loading-not-5849 avia_image' src=\"https:\/\/radiorevelacionfm.cl\/wp-content\/uploads\/2021\/07\/Vacunacion801-1.jpg\" alt='' title='Vacunaci\u00f3n801 (1)' height=\"600\" width=\"1157\"  itemprop=\"thumbnailUrl\" srcset=\"https:\/\/radiorevelacionfm.cl\/wp-content\/uploads\/2021\/07\/Vacunacion801-1.jpg 1157w, https:\/\/radiorevelacionfm.cl\/wp-content\/uploads\/2021\/07\/Vacunacion801-1-300x156.jpg 300w, https:\/\/radiorevelacionfm.cl\/wp-content\/uploads\/2021\/07\/Vacunacion801-1-1030x534.jpg 1030w, https:\/\/radiorevelacionfm.cl\/wp-content\/uploads\/2021\/07\/Vacunacion801-1-768x398.jpg 768w, https:\/\/radiorevelacionfm.cl\/wp-content\/uploads\/2021\/07\/Vacunacion801-1-705x366.jpg 705w, https:\/\/radiorevelacionfm.cl\/wp-content\/uploads\/2021\/07\/Vacunacion801-1-600x311.jpg 600w\" sizes=\"(max-width: 1157px) 100vw, 1157px\" \/><\/div><\/div><\/div><\/div>\n<div class=\"flex_column av_one_full  flex_column_div av-zero-column-padding first  avia-builder-el-2  el_after_av_one_full  el_before_av_one_full  column-top-margin\" style='border-radius:0px; '><section class=\"av_textblock_section \"  itemscope=\"itemscope\" itemtype=\"https:\/\/schema.org\/BlogPosting\" itemprop=\"blogPost\" ><div class='avia_textblock  '   itemprop=\"text\" ><p style=\"text-align: center;\"><strong><span style=\"font-size: 18pt;\">Ays\u00e9n alcanz\u00f3 el 80% de vacunaci\u00f3n contra el COVID-19 en el esquema de vacunaci\u00f3n completo de la poblaci\u00f3n<\/span><\/strong><\/p>\n<div id=\"gtx-trans\" style=\"position: absolute; left: -50px; top: 4.31534px;\">\n<div class=\"gtx-trans-icon\"><\/div>\n<\/div>\n<\/div><\/section><\/div>\n<div class=\"flex_column av_one_full  flex_column_div av-zero-column-padding first  avia-builder-el-4  el_after_av_one_full  el_before_av_hr  column-top-margin\" style='border-radius:0px; '><section class=\"av_textblock_section \"  itemscope=\"itemscope\" itemtype=\"https:\/\/schema.org\/BlogPosting\" itemprop=\"blogPost\" ><div class='avia_textblock  '   itemprop=\"text\" ><p style=\"text-align: justify;\">El esfuerzo de los equipos vacunadores y la respuesta de la poblaci\u00f3n, ponen al territorio como n\u00ba1 con un 91.78% en primeras dosis a nivel nacional y segundos con un 82.34% con el esquema de vacunaci\u00f3n completo.<\/p>\n<p style=\"text-align: justify;\">El sistema DEIS, por el cual se informan por parte del Ministerio de Salud los datos estad\u00edsticos de la pandemia, arroj\u00f3 los buenos resultados que fueron comentados por la Intendente de la Regi\u00f3n de Ays\u00e9n Margarita Ossa ante la prensa, en el punto de vacunaci\u00f3n del Gimnasio Regional Coyhaique.<\/p>\n<p style=\"text-align: justify;\">\u201cEstas cifras nos alegran porque demuestra que la regi\u00f3n de Ays\u00e9n ha estado a la altura de esta campa\u00f1a, que es sin duda hist\u00f3rica, y da cuenta del gran trabajo de los equipos de salud, de sus autoridades responsables, de la responsabilidad y empat\u00eda de miles de ayseninos que nos ayudan a concientizar al resto sobre la relevancia de esta vacuna; y tambi\u00e9n no podemos olvidar del importante rol que jug\u00f3 nuestro Gobierno del Presidente Sebasti\u00e1n Pi\u00f1era al hacer efectivo tempranamente los contratos y asegurar las dosis necesarias para nuestra poblaci\u00f3n\u201d.<\/p>\n<p style=\"text-align: justify;\">Al respecto, la Encargada del Programa de Inmunizaci\u00f3n del Servicio de Salud Ays\u00e9n, Mar\u00eda Teresa Ortega, estableci\u00f3 lo relevante que es el poder ir cumpliendo metas en esta campa\u00f1a sanitaria. \u201cAlcanzar estos logros, es un orgullo para nuestra regi\u00f3n; llegar a esta posici\u00f3n a nivel pa\u00eds, est\u00e1 demostrando el tremendo trabajo y esfuerzo que realizan d\u00eda a d\u00eda los equipos vacunadores de toda nuestra Red asistencial; nuestro reconocimiento para ellos, al estar diariamente preocupados por entregar una atenci\u00f3n de calidad para todos nuestros usuarios\u201d.<\/p>\n<p style=\"text-align: justify;\">Para Gabriel Burgos, director del Servicio de Salud Ays\u00e9n, \u201cla campa\u00f1a de vacunaci\u00f3n definitivamente se est\u00e1 transformando en un gran logro, que ha implicado esfuerzo, compromiso y dedicaci\u00f3n. Con el apoyo de la Seremi de Salud y del intersector, desde Melinka a Villa O\u2019Higgins, nuestros equipos vacunadores m\u00e1s la asistencia de enfermeras voluntarias junto a instituciones p\u00fablicas y privadas sin dejar de lado a las organizaciones vecinales, hemos sacado adelante esta campa\u00f1a, desde el punto de vista de la cobertura en ambas dosis, por lo cual estamos muy contentos y agradecidos por el enorme despliegue humano que nos permitir\u00e1 desde el punto de vista epidemiol\u00f3gico enfrentar de mejor manera esta pandemia, lo que ya se est\u00e1 comenzando a notar a nivel nacional con una paulatina disminuci\u00f3n en los indicadores de ocupaci\u00f3n de camas\u201d, concluy\u00f3 el jefe de la Red Asistencial de Ays\u00e9n.<\/p>\n<p style=\"text-align: justify;\">Por su parte, la Secretaria Regional Ministerial de Salud, Alejandra Valdebenito, junto con valorar los resultados, llam\u00f3 a la poblaci\u00f3n a no relajar las medidas de auto cuidado.<\/p>\n<p style=\"text-align: justify;\">\u201cEstamos muy contentos de este 80% de cobertura en segunda dosis en la regi\u00f3n de Ays\u00e9n y el estar dentro de las regiones con mayor avance o mayor cobertura a nivel pa\u00eds, muestra el esfuerzo, el tremendo trabajo y despliegue de los equipos de salud a lo largo de la regi\u00f3n para poder llegar a cada uno de los habitantes. Hoy m\u00e1s que nunca, no nos podemos relajar frente a esta situaci\u00f3n y es por eso que seguimos generando estrategias para llegar a cada familia, a cada rinc\u00f3n a trav\u00e9s de las juntas de vecinos, de los puntos de vacunaci\u00f3n que se han estado instalando, pero tambi\u00e9n mediante un trabajo extramuros con el cual estamos llegando a las casas de las familias que no han podido acceder a la vacunaci\u00f3n\u201d<\/p>\n<p style=\"text-align: justify;\"><strong>La mirada usuaria<\/strong><\/p>\n<p style=\"text-align: justify;\">Mardeli Fuentes, es oriunda de Venezuela, y tras acompa\u00f1ar a su hija a inocularse, destac\u00f3 el beneficio como un logro importante.<\/p>\n<p style=\"text-align: justify;\">\u201cMuy agradecida con dios por tener esta oportunidad, ya que, en mi pa\u00eds, por las condiciones\u00a0 que est\u00e1 pasando no le llega a todo el mundo. Hoy le comentaba a mi mam\u00e1 que tra\u00eda a mi hija de 17 a\u00f1os a su primera dosis y me dijo: hija, que bendecidas, porque ustedes ya tienen su segunda dosis, la ni\u00f1a va por su primera y aqu\u00ed a nosotros no nos ha llegado, por lo que de verdad invito a los pap\u00e1s a que traigan a sus hijos adolescentes a ponerse la vacuna; es muy importante para as\u00ed salir de este virus que nos ha trancado todo, los estudios, la parte econ\u00f3mica en fin\u201d, concluy\u00f3.<\/p>\n<\/div><\/section><\/div><div  style='height:50px' class='hr hr-invisible   avia-builder-el-6  el_after_av_one_full  el_before_av_social_share '><span class='hr-inner ' ><span class='hr-inner-style'><\/span><\/span><\/div><\/p>\n<div  class='av-social-sharing-box  avia-builder-el-7  el_after_av_hr  el_before_av_hr  '><div class='av-share-box'><h5 class='av-share-link-description av-no-toc '>Compartir esta noticia<\/h5><ul class='av-share-box-list noLightbox'><li class='av-share-link av-social-link-facebook' ><a target=\"_blank\" aria-label=\"Compartir en Facebook\" href='https:\/\/www.facebook.com\/sharer.php?u=https:\/\/radiorevelacionfm.cl\/?p=5848&#038;t=Ays%C3%A9n%20alcanz%C3%B3%20el%2080%25%20de%20vacunaci%C3%B3n%20contra%20el%20COVID-19%20en%20el%20esquema%20de%20vacunaci%C3%B3n%20completo%20de%20la%20poblaci%C3%B3n' aria-hidden='false' data-av_icon='\ue8f3' data-av_iconfont='entypo-fontello' title='' data-avia-related-tooltip='Compartir en Facebook' rel=\"noopener\"><span class='avia_hidden_link_text'>Compartir en Facebook<\/span><\/a><\/li><li class='av-share-link av-social-link-twitter' ><a target=\"_blank\" aria-label=\"Compartir en Twitter\" href='https:\/\/twitter.com\/share?text=Ays%C3%A9n%20alcanz%C3%B3%20el%2080%25%20de%20vacunaci%C3%B3n%20contra%20el%20COVID-19%20en%20el%20esquema%20de%20vacunaci%C3%B3n%20completo%20de%20la%20poblaci%C3%B3n&#038;url=https:\/\/radiorevelacionfm.cl\/?p=5848' aria-hidden='false' data-av_icon='\ue8f1' data-av_iconfont='entypo-fontello' title='' data-avia-related-tooltip='Compartir en Twitter' rel=\"noopener\"><span class='avia_hidden_link_text'>Compartir en Twitter<\/span><\/a><\/li><li class='av-share-link av-social-link-whatsapp' ><a target=\"_blank\" aria-label=\"Compartir en Whatsapp\" href='https:\/\/api.whatsapp.com\/send?text=https:\/\/radiorevelacionfm.cl\/?p=5848' aria-hidden='false' data-av_icon='\uf232' data-av_iconfont='entypo-fontello' title='' data-avia-related-tooltip='Compartir en Whatsapp' rel=\"noopener\"><span class='avia_hidden_link_text'>Compartir en Whatsapp<\/span><\/a><\/li><li class='av-share-link av-social-link-linkedin' ><a target=\"_blank\" aria-label=\"Compartir en LinkedIn\" href='https:\/\/linkedin.com\/shareArticle?mini=true&#038;title=Ays%C3%A9n%20alcanz%C3%B3%20el%2080%25%20de%20vacunaci%C3%B3n%20contra%20el%20COVID-19%20en%20el%20esquema%20de%20vacunaci%C3%B3n%20completo%20de%20la%20poblaci%C3%B3n&#038;url=https:\/\/radiorevelacionfm.cl\/?p=5848' aria-hidden='false' data-av_icon='\ue8fc' data-av_iconfont='entypo-fontello' title='' data-avia-related-tooltip='Compartir en LinkedIn' rel=\"noopener\"><span class='avia_hidden_link_text'>Compartir en LinkedIn<\/span><\/a><\/li><li class='av-share-link av-social-link-mail' ><a  aria-label=\"Compartir por correo\" href='mailto:?subject=Ays%C3%A9n%20alcanz%C3%B3%20el%2080%25%20de%20vacunaci%C3%B3n%20contra%20el%20COVID-19%20en%20el%20esquema%20de%20vacunaci%C3%B3n%20completo%20de%20la%20poblaci%C3%B3n&#038;body=https:\/\/radiorevelacionfm.cl\/?p=5848' aria-hidden='false' data-av_icon='\ue805' data-av_iconfont='entypo-fontello' title='' data-avia-related-tooltip='Compartir por correo'><span class='avia_hidden_link_text'>Compartir por correo<\/span><\/a><\/li><\/ul><\/div><\/div>\n<div  style='height:50px' class='hr hr-invisible   avia-builder-el-8  el_after_av_social_share  el_before_av_comments_list '><span class='hr-inner ' ><span class='hr-inner-style'><\/span><\/span><\/div>\n<div  class='av-buildercomment  av-blog-meta-html-info-disabled av-blog-meta-tag-disabled  '><\/div>\n","protected":false},"excerpt":{"rendered":"","protected":false},"author":1,"featured_media":5849,"comment_status":"open","ping_status":"open","sticky":false,"template":"","format":"standard","meta":{"footnotes":""},"categories":[46],"tags":[],"class_list":["post-5848","post","type-post","status-publish","format-standard","has-post-thumbnail","hentry","category-salud"],"jetpack_featured_media_url":"https:\/\/radiorevelacionfm.cl\/wp-content\/uploads\/2021\/07\/Vacunacion801-1.jpg","_links":{"self":[{"href":"https:\/\/radiorevelacionfm.cl\/index.php?rest_route=\/wp\/v2\/posts\/5848","targetHints":{"allow":["GET"]}}],"collection":[{"href":"https:\/\/radiorevelacionfm.cl\/index.php?rest_route=\/wp\/v2\/posts"}],"about":[{"href":"https:\/\/radiorevelacionfm.cl\/index.php?rest_route=\/wp\/v2\/types\/post"}],"author":[{"embeddable":true,"href":"https:\/\/radiorevelacionfm.cl\/index.php?rest_route=\/wp\/v2\/users\/1"}],"replies":[{"embeddable":true,"href":"https:\/\/radiorevelacionfm.cl\/index.php?rest_route=%2Fwp%2Fv2%2Fcomments&post=5848"}],"version-history":[{"count":2,"href":"https:\/\/radiorevelacionfm.cl\/index.php?rest_route=\/wp\/v2\/posts\/5848\/revisions"}],"predecessor-version":[{"id":5851,"href":"https:\/\/radiorevelacionfm.cl\/index.php?rest_route=\/wp\/v2\/posts\/5848\/revisions\/5851"}],"wp:featuredmedia":[{"embeddable":true,"href":"https:\/\/radiorevelacionfm.cl\/index.php?rest_route=\/wp\/v2\/media\/5849"}],"wp:attachment":[{"href":"https:\/\/radiorevelacionfm.cl\/index.php?rest_route=%2Fwp%2Fv2%2Fmedia&parent=5848"}],"wp:term":[{"taxonomy":"category","embeddable":true,"href":"https:\/\/radiorevelacionfm.cl\/index.php?rest_route=%2Fwp%2Fv2%2Fcategories&post=5848"},{"taxonomy":"post_tag","embeddable":true,"href":"https:\/\/radiorevelacionfm.cl\/index.php?rest_route=%2Fwp%2Fv2%2Ftags&post=5848"}],"curies":[{"name":"wp","href":"https:\/\/api.w.org\/{rel}","templated":true}]}}