{"id":58479,"date":"2025-08-29T15:08:16","date_gmt":"2025-08-29T18:08:16","guid":{"rendered":"https:\/\/radiorevelacionfm.cl\/?p=58479"},"modified":"2025-08-29T19:17:23","modified_gmt":"2025-08-29T22:17:23","slug":"juzgado-de-garantia-de-puerto-aysen-decreta-el-arraigo-nacional-de-militares-implicados-en-causa-por-trafico-de-drogas","status":"publish","type":"post","link":"https:\/\/radiorevelacionfm.cl\/?p=58479","title":{"rendered":"Juzgado de Garant\u00eda de Puerto Ays\u00e9n decreta el arraigo nacional de militares implicados en causa por tr\u00e1fico de drogas"},"content":{"rendered":"<div class=\"flex_column av_one_full  flex_column_div av-zero-column-padding first  avia-builder-el-0  el_before_av_one_full  avia-builder-el-first  \" style='border-radius:0px; '><div  class='avia-image-container  av-styling-    avia-builder-el-1  avia-builder-el-no-sibling  avia-align-center '  itemprop=\"image\" itemscope=\"itemscope\" itemtype=\"https:\/\/schema.org\/ImageObject\"  ><div class='avia-image-container-inner'><div class='avia-image-overlay-wrap'><img decoding=\"async\" class='wp-image-57896 avia-img-lazy-loading-not-57896 avia_image' src=\"https:\/\/radiorevelacionfm.cl\/wp-content\/uploads\/2025\/08\/pdi-aysen-17_optimized.08.25-1.jpg\" alt='' title='pdi-aysen-17_optimized.08.25-(1)' height=\"600\" width=\"1125\"  itemprop=\"thumbnailUrl\" srcset=\"https:\/\/radiorevelacionfm.cl\/wp-content\/uploads\/2025\/08\/pdi-aysen-17_optimized.08.25-1.jpg 1125w, https:\/\/radiorevelacionfm.cl\/wp-content\/uploads\/2025\/08\/pdi-aysen-17_optimized.08.25-1-300x160.jpg 300w, https:\/\/radiorevelacionfm.cl\/wp-content\/uploads\/2025\/08\/pdi-aysen-17_optimized.08.25-1-1030x549.jpg 1030w, https:\/\/radiorevelacionfm.cl\/wp-content\/uploads\/2025\/08\/pdi-aysen-17_optimized.08.25-1-768x410.jpg 768w, https:\/\/radiorevelacionfm.cl\/wp-content\/uploads\/2025\/08\/pdi-aysen-17_optimized.08.25-1-705x376.jpg 705w, https:\/\/radiorevelacionfm.cl\/wp-content\/uploads\/2025\/08\/pdi-aysen-17_optimized.08.25-1-450x240.jpg 450w, https:\/\/radiorevelacionfm.cl\/wp-content\/uploads\/2025\/08\/pdi-aysen-17_optimized.08.25-1-600x320.jpg 600w\" sizes=\"(max-width: 1125px) 100vw, 1125px\" \/><\/div><\/div><\/div><\/div>\n<div class=\"flex_column av_one_full  flex_column_div av-zero-column-padding first  avia-builder-el-2  el_after_av_one_full  el_before_av_one_full  column-top-margin\" style='border-radius:0px; '><section class=\"av_textblock_section \"  itemscope=\"itemscope\" itemtype=\"https:\/\/schema.org\/BlogPosting\" itemprop=\"blogPost\" ><div class='avia_textblock  '   itemprop=\"text\" ><p style=\"text-align: center;\"><span style=\"font-size: 18pt;\"><b>Juzgado de Garant\u00eda de Puerto Ays\u00e9n decreta el arraigo nacional de militares implicados en causa por tr\u00e1fico de drogas<\/b><\/span><\/p>\n<div id=\"gtx-trans\" style=\"position: absolute; left: -50px; top: 4.31534px;\">\n<div class=\"gtx-trans-icon\"><\/div>\n<\/div>\n<\/div><\/section><\/div>\n<div class=\"flex_column av_one_full  flex_column_div av-zero-column-padding first  avia-builder-el-4  el_after_av_one_full  el_before_av_hr  column-top-margin\" style='border-radius:0px; '><section class=\"av_textblock_section \"  itemscope=\"itemscope\" itemtype=\"https:\/\/schema.org\/BlogPosting\" itemprop=\"blogPost\" ><div class='avia_textblock  '   itemprop=\"text\" ><p style=\"font-weight: 400; text-align: justify;\">El Juzgado de Garant\u00eda de Puerto Ays\u00e9n dej\u00f3 hoy \u2013viernes 29 de agosto\u2013 sujetos a la medida cautelar de arraigo nacional a A.H.D.P.,\u00a0A.S.T.M. y V.M.V.C.,\u00a0todos miembros del Regimiento N\u00b0. 8 Chilo\u00e9, imputados por el Ministerio P\u00fablico como autores del delito de tr\u00e1fico de drogas.<\/p>\n<p style=\"font-weight: 400; text-align: justify;\">En la audiencia de revisi\u00f3n de cautelares (causa rol 1198-2025), el magistrado Rodrigo Grez revoc\u00f3 la prisi\u00f3n preventiva de A.H.D.P., y las medidas cautelares de arresto domiciliario total de los imputados\u00a0A.S.T.M. y V.M.V.C.,\u00a0por considerar que los antecedentes expuestos hasta ahora hacen presumir que no existe relaci\u00f3n de los encartados en la causa.<\/p>\n<p style=\"font-weight: 400; text-align: justify;\">\u201cNo existe una presunci\u00f3n fundada de participaci\u00f3n de los tres imputados. A\u00fan m\u00e1s relevante es considerar que los tres arrojaron resultado negativo en el test de drogas y, adem\u00e1s, han colaborado activamente con la investigaci\u00f3n. Declararon de inmediato y en el mismo sentido, sin que existiera la posibilidad de haberse puesto de acuerdo previamente en sus declaraciones. Asimismo, entregaron voluntariamente sus tel\u00e9fonos celulares y claves de acceso, incluyendo informaci\u00f3n de sus perfiles en redes sociales\u201d, sostuvo el magistrado.<\/p>\n<p style=\"font-weight: 400; text-align: justify;\">A\u00f1adi\u00f3 que: \u201cNo se reportaron especies vinculadas al delito investigado ni se observaron movimientos bancarios, cuentas o transacciones que pudieran considerarse irregulares. A simple vista, no existen dep\u00f3sitos dudosos, cuantiosos o reiterados, nada que se aparte de lo normal\u201d.<\/p>\n<p style=\"font-weight: 400; text-align: justify;\">Finalmente,\u00a0 dijo que \u201cadicionalmente, los imputados cuentan con arraigo laboral y familiar. Por todo lo expuesto, y al no existir antecedentes que permitan presumir fundadamente su participaci\u00f3n en el delito, no resulta necesario decretar medidas cautelares restrictivas de libertad, disponi\u00e9ndose \u00fanicamente el arraigo nacional para todos ellos\u201d.<\/p>\n<p style=\"font-weight: 400; text-align: justify;\">Seg\u00fan el ente persecutor, con fecha 12 de agosto de 2025, alrededor de las 10:15 horas, personal de la Brigada Antinarc\u00f3ticos de la Polic\u00eda de Investigaciones de Pudahuel identific\u00f3 una encomienda sospechosa, la cual se encontraba en el interior de la empresa Chilexpress.<\/p>\n<p style=\"font-weight: 400; text-align: justify;\">Dicha encomienda hab\u00eda sido coordinada y concertada previamente por los imputados junto a terceros no identificados, disponiendo su traslado desde la ciudad de Chill\u00e1n hasta la comuna de Puerto Ays\u00e9n.<\/p>\n<p style=\"font-weight: 400; text-align: justify;\">Posteriormente, a las 14:50 horas del mismo d\u00eda y previa autorizaci\u00f3n judicial, se procedi\u00f3 a la apertura del paquete, que correspond\u00eda a una caja de cart\u00f3n contenedora de diez (10) envoltorios recubiertos en papel alusa y aluminio. En su interior manten\u00edan una sustancia vegetal de color verde parduzco, la que fue sometida a an\u00e1lisis cient\u00edfico, arrojando como resultado cannabis sativa. El peso total de la droga incautada asciende a 11 kilos 452,8.<\/p>\n<\/div><\/section><\/div><div  style='height:50px' class='hr hr-invisible   avia-builder-el-6  el_after_av_one_full  el_before_av_social_share '><span class='hr-inner ' ><span class='hr-inner-style'><\/span><\/span><\/div><\/p>\n<div  class='av-social-sharing-box  avia-builder-el-7  el_after_av_hr  el_before_av_hr  '><div class='av-share-box'><h5 class='av-share-link-description av-no-toc '>Compartir esta noticia<\/h5><ul class='av-share-box-list noLightbox'><li class='av-share-link av-social-link-facebook' ><a target=\"_blank\" aria-label=\"Compartir en Facebook\" href='https:\/\/www.facebook.com\/sharer.php?u=https:\/\/radiorevelacionfm.cl\/?p=58479&#038;t=Juzgado%20de%20Garant%C3%ADa%20de%20Puerto%20Ays%C3%A9n%20decreta%20el%20arraigo%20nacional%20de%20militares%20implicados%20en%20causa%20por%20tr%C3%A1fico%20de%20drogas' aria-hidden='false' data-av_icon='\ue8f3' data-av_iconfont='entypo-fontello' title='' data-avia-related-tooltip='Compartir en Facebook' rel=\"noopener\"><span class='avia_hidden_link_text'>Compartir en Facebook<\/span><\/a><\/li><li class='av-share-link av-social-link-twitter' ><a target=\"_blank\" aria-label=\"Compartir en Twitter\" href='https:\/\/twitter.com\/share?text=Juzgado%20de%20Garant%C3%ADa%20de%20Puerto%20Ays%C3%A9n%20decreta%20el%20arraigo%20nacional%20de%20militares%20implicados%20en%20causa%20por%20tr%C3%A1fico%20de%20drogas&#038;url=https:\/\/radiorevelacionfm.cl\/?p=58479' aria-hidden='false' data-av_icon='\ue8f1' data-av_iconfont='entypo-fontello' title='' data-avia-related-tooltip='Compartir en Twitter' rel=\"noopener\"><span class='avia_hidden_link_text'>Compartir en Twitter<\/span><\/a><\/li><li class='av-share-link av-social-link-whatsapp' ><a target=\"_blank\" aria-label=\"Compartir en Whatsapp\" href='https:\/\/api.whatsapp.com\/send?text=https:\/\/radiorevelacionfm.cl\/?p=58479' aria-hidden='false' data-av_icon='\uf232' data-av_iconfont='entypo-fontello' title='' data-avia-related-tooltip='Compartir en Whatsapp' rel=\"noopener\"><span class='avia_hidden_link_text'>Compartir en Whatsapp<\/span><\/a><\/li><li class='av-share-link av-social-link-linkedin' ><a target=\"_blank\" aria-label=\"Compartir en LinkedIn\" href='https:\/\/linkedin.com\/shareArticle?mini=true&#038;title=Juzgado%20de%20Garant%C3%ADa%20de%20Puerto%20Ays%C3%A9n%20decreta%20el%20arraigo%20nacional%20de%20militares%20implicados%20en%20causa%20por%20tr%C3%A1fico%20de%20drogas&#038;url=https:\/\/radiorevelacionfm.cl\/?p=58479' aria-hidden='false' data-av_icon='\ue8fc' data-av_iconfont='entypo-fontello' title='' data-avia-related-tooltip='Compartir en LinkedIn' rel=\"noopener\"><span class='avia_hidden_link_text'>Compartir en LinkedIn<\/span><\/a><\/li><li class='av-share-link av-social-link-mail' ><a  aria-label=\"Compartir por correo\" href='mailto:?subject=Juzgado%20de%20Garant%C3%ADa%20de%20Puerto%20Ays%C3%A9n%20decreta%20el%20arraigo%20nacional%20de%20militares%20implicados%20en%20causa%20por%20tr%C3%A1fico%20de%20drogas&#038;body=https:\/\/radiorevelacionfm.cl\/?p=58479' aria-hidden='false' data-av_icon='\ue805' data-av_iconfont='entypo-fontello' title='' data-avia-related-tooltip='Compartir por correo'><span class='avia_hidden_link_text'>Compartir por correo<\/span><\/a><\/li><\/ul><\/div><\/div>\n<div  style='height:50px' class='hr hr-invisible   avia-builder-el-8  el_after_av_social_share  el_before_av_comments_list '><span class='hr-inner ' ><span class='hr-inner-style'><\/span><\/span><\/div>\n<div  class='av-buildercomment  av-blog-meta-html-info-disabled av-blog-meta-tag-disabled  '><\/div>\n","protected":false},"excerpt":{"rendered":"","protected":false},"author":1,"featured_media":57896,"comment_status":"closed","ping_status":"closed","sticky":false,"template":"","format":"standard","meta":{"footnotes":""},"categories":[55],"tags":[],"class_list":["post-58479","post","type-post","status-publish","format-standard","has-post-thumbnail","hentry","category-justicia"],"jetpack_featured_media_url":"https:\/\/radiorevelacionfm.cl\/wp-content\/uploads\/2025\/08\/pdi-aysen-17_optimized.08.25-1.jpg","_links":{"self":[{"href":"https:\/\/radiorevelacionfm.cl\/index.php?rest_route=\/wp\/v2\/posts\/58479","targetHints":{"allow":["GET"]}}],"collection":[{"href":"https:\/\/radiorevelacionfm.cl\/index.php?rest_route=\/wp\/v2\/posts"}],"about":[{"href":"https:\/\/radiorevelacionfm.cl\/index.php?rest_route=\/wp\/v2\/types\/post"}],"author":[{"embeddable":true,"href":"https:\/\/radiorevelacionfm.cl\/index.php?rest_route=\/wp\/v2\/users\/1"}],"replies":[{"embeddable":true,"href":"https:\/\/radiorevelacionfm.cl\/index.php?rest_route=%2Fwp%2Fv2%2Fcomments&post=58479"}],"version-history":[{"count":3,"href":"https:\/\/radiorevelacionfm.cl\/index.php?rest_route=\/wp\/v2\/posts\/58479\/revisions"}],"predecessor-version":[{"id":58505,"href":"https:\/\/radiorevelacionfm.cl\/index.php?rest_route=\/wp\/v2\/posts\/58479\/revisions\/58505"}],"wp:featuredmedia":[{"embeddable":true,"href":"https:\/\/radiorevelacionfm.cl\/index.php?rest_route=\/wp\/v2\/media\/57896"}],"wp:attachment":[{"href":"https:\/\/radiorevelacionfm.cl\/index.php?rest_route=%2Fwp%2Fv2%2Fmedia&parent=58479"}],"wp:term":[{"taxonomy":"category","embeddable":true,"href":"https:\/\/radiorevelacionfm.cl\/index.php?rest_route=%2Fwp%2Fv2%2Fcategories&post=58479"},{"taxonomy":"post_tag","embeddable":true,"href":"https:\/\/radiorevelacionfm.cl\/index.php?rest_route=%2Fwp%2Fv2%2Ftags&post=58479"}],"curies":[{"name":"wp","href":"https:\/\/api.w.org\/{rel}","templated":true}]}}