{"id":58475,"date":"2025-08-29T16:41:14","date_gmt":"2025-08-29T19:41:14","guid":{"rendered":"https:\/\/radiorevelacionfm.cl\/?p=58475"},"modified":"2025-08-29T16:41:14","modified_gmt":"2025-08-29T19:41:14","slug":"edli-de-aysen-completa-sus-talleres-de-emprendimiento-para-personas-con-discapacidad","status":"publish","type":"post","link":"https:\/\/radiorevelacionfm.cl\/?p=58475","title":{"rendered":"EDLI de Ays\u00e9n completa sus talleres de emprendimiento para personas con discapacidad"},"content":{"rendered":"<div class=\"flex_column av_one_full  flex_column_div av-zero-column-padding first  avia-builder-el-0  el_before_av_one_full  avia-builder-el-first  \" style='border-radius:0px; '><div  class='avia-image-container  av-styling-    avia-builder-el-1  avia-builder-el-no-sibling  avia-align-center '  itemprop=\"image\" itemscope=\"itemscope\" itemtype=\"https:\/\/schema.org\/ImageObject\"  ><div class='avia-image-container-inner'><div class='avia-image-overlay-wrap'><img decoding=\"async\" class='wp-image-58476 avia-img-lazy-loading-not-58476 avia_image' src=\"https:\/\/radiorevelacionfm.cl\/wp-content\/uploads\/2025\/08\/finalizacion-de-los-talleres-edli-4-1_optimized.jpg\" alt='' title='finalizaci\u00f3n-de-los-talleres-edli-(4)-(1)_optimized' height=\"600\" width=\"902\"  itemprop=\"thumbnailUrl\" srcset=\"https:\/\/radiorevelacionfm.cl\/wp-content\/uploads\/2025\/08\/finalizacion-de-los-talleres-edli-4-1_optimized.jpg 902w, https:\/\/radiorevelacionfm.cl\/wp-content\/uploads\/2025\/08\/finalizacion-de-los-talleres-edli-4-1_optimized-300x200.jpg 300w, https:\/\/radiorevelacionfm.cl\/wp-content\/uploads\/2025\/08\/finalizacion-de-los-talleres-edli-4-1_optimized-768x511.jpg 768w, https:\/\/radiorevelacionfm.cl\/wp-content\/uploads\/2025\/08\/finalizacion-de-los-talleres-edli-4-1_optimized-705x469.jpg 705w, https:\/\/radiorevelacionfm.cl\/wp-content\/uploads\/2025\/08\/finalizacion-de-los-talleres-edli-4-1_optimized-450x299.jpg 450w, https:\/\/radiorevelacionfm.cl\/wp-content\/uploads\/2025\/08\/finalizacion-de-los-talleres-edli-4-1_optimized-600x399.jpg 600w\" sizes=\"(max-width: 902px) 100vw, 902px\" \/><\/div><\/div><\/div><\/div><div class=\"flex_column av_one_full  flex_column_div av-zero-column-padding first  avia-builder-el-2  el_after_av_one_full  el_before_av_one_full  column-top-margin\" style='border-radius:0px; '><section class=\"av_textblock_section \"  itemscope=\"itemscope\" itemtype=\"https:\/\/schema.org\/BlogPosting\" itemprop=\"blogPost\" ><div class='avia_textblock  '   itemprop=\"text\" ><p style=\"text-align: center;\"><strong><span style=\"font-size: 18pt;\">EDLI de Ays\u00e9n completa sus talleres de emprendimiento para personas con discapacidad<\/span><\/strong><\/p>\n<div id=\"gtx-trans\" style=\"position: absolute; left: -50px; top: 4.31534px;\">\n<div class=\"gtx-trans-icon\"><\/div>\n<\/div>\n<\/div><\/section><\/div><div class=\"flex_column av_one_full  flex_column_div av-zero-column-padding first  avia-builder-el-4  el_after_av_one_full  el_before_av_hr  column-top-margin\" style='border-radius:0px; '><section class=\"av_textblock_section \"  itemscope=\"itemscope\" itemtype=\"https:\/\/schema.org\/BlogPosting\" itemprop=\"blogPost\" ><div class='avia_textblock  '   itemprop=\"text\" ><p style=\"text-align: justify;\"><em>Durante los meses de julio y agosto la Estrategia de Desarrollo Local Inclusivo estuvo realizando cuatro jornadas de trabajo para aprender sobre c\u00f3mo llevar la idea de un emprendimiento a una realidad.<\/em><\/p>\n<p style=\"text-align: justify;\">El programa de Estrategia de Desarrollo Local Inclusivo, EDLI, ejecutado por la Municipalidad de Ays\u00e9n y financiado por el Servicio Nacional de la Discapacidad, estuvo realizando clases para personas con discapacidad y\/o sus cuidadores, esto para promover el inicio un emprendimiento o, en el caso de ya tenerlo, poder adquirir herramientas para mejorar su negocio.<\/p>\n<p style=\"text-align: justify;\">El ciclo de talleres consisti\u00f3 de cuatro sesiones, el primero llamado \u201cEl desaf\u00edo de emprender\u201d, en la cual se exploraron las ideas de negocio y su viabilidad para entrar al mercado; el siguiente fue \u201cConociendo a mi cliente, definiendo mi propuesta de valor\u201d, la cual se bas\u00f3 en buscar entender al tipo de persona que sea el potencial comprador.<\/p>\n<p style=\"text-align: justify;\">El siguiente taller se denomin\u00f3 \u201cDefiniendo mi producto o servicio\u201d, en el cual se explic\u00f3 a qu\u00e9 precio vender seg\u00fan la relaci\u00f3n entre gasto y ganancia; por \u00faltimo se realiz\u00f3 la clase \u201cModelo de negocio y asociatividad\u201d, la cual fue la conclusi\u00f3n del c\u00f3mo dar forma final a la idea, adem\u00e1s mostrar una presentaci\u00f3n con una cooperativa aysenina exitosa, para demostrar que este tipo de modelo es una buena posibilidad para la obtenci\u00f3n de ingresos.<\/p>\n<p style=\"text-align: justify;\">La participante Graciela Mansilla, coment\u00f3 que \u201cfueron clases muy amenas, muy interesante el material que present\u00f3 la profesora. Eso me gust\u00f3, porque adem\u00e1s lo explic\u00f3 en palabras que todo el mundo puede entender, sacando del modelo Canvas lo m\u00e1s importante, porque es un poco dif\u00edcil seguir los pasos, pero ella lo hizo f\u00e1cil y sencillo\u201d.<\/p>\n<p style=\"text-align: justify;\">Estos talleres son parte de la l\u00ednea presupuestaria de SENADIS denominada \u201cIncubadoras Inclusivas\u201d, que tiene el objetivo de fomentar la asociatividad para que puedan emprender personas con discapacidad. Esto ya que se detect\u00f3 una falta de capacitaci\u00f3n en emprendedores emergentes o en personas con buenas ideas que no sab\u00edan llevar a cabo. Por lo tanto, este espacio realizado por la EDLI fue el momento para entregar herramientas y superar las barreras que se presentan en el camino del emprendedor.<\/p>\n<p style=\"text-align: justify;\">La directora regional de SENADIS, Viviana Mu\u00f1oz, afirm\u00f3 que \u201ces importante que se hayan podido reunir y saber que son muchas las personas con discapacidad que tienen ideas. Invitamos a que se puedan asociar, ya que no necesariamente tienen que estar solos para llevar adelante su emprendimiento\u201d.<\/p>\n<p style=\"text-align: justify;\">\u201cY quiero destacar la participaci\u00f3n del equipo de la Escuela Despertar con los estudiantes que tambi\u00e9n se estuvieron formando, donde hay muchas posibilidades de que se forme una cooperativa\u201d, reconoci\u00f3 la directora regional de SENADIS.<\/p>\n<p style=\"text-align: justify;\">Tal como explic\u00f3 la directora, docentes y j\u00f3venes de la Escuela Despertar de Puerto Ays\u00e9n tambi\u00e9n fueron parte de la iniciativa y est\u00e1n con las expectativas altas de poder formar una cooperativa de los estudiantes, vendiendo productos creados por ellos mismos gracias a su paso por los talleres laborales de la instituci\u00f3n educativa.<\/p>\n<p style=\"text-align: justify;\">Victoria Ovando, profesora de la Escuela Despertar explic\u00f3 c\u00f3mo surgi\u00f3 esta oportunidad, \u201cparti\u00f3 por una invitaci\u00f3n de la EDLI, que nos impuls\u00f3 a trabajar de forma cooperativa, esto pensando en los productos y labores que se producen en la escuela. De este espacio se aprovechar\u00edan los estudiantes que van egresando de nuestro establecimiento, ya que es m\u00e1s dif\u00edcil encontrar trabajo cuando se tiene una situaci\u00f3n de discapacidad\u201d.<\/p>\n<p style=\"text-align: justify;\">\u201cLa idea de la escuela siempre ha sido abrir esos espacios para que ellos puedan insertarse en el mundo laboral, ya sea de forma personal, bajo un contrato, o de forma cooperativa\u201d, expres\u00f3 la docente.<\/p>\n<p style=\"text-align: justify;\">Esta iniciativa ejecutada por la municipalidad termin\u00f3 con un reconocimiento a trav\u00e9s de la entrega de un diploma a cada persona que fue parte del ciclo de talleres.<\/p>\n<p style=\"text-align: justify;\">El alcalde Luis Mart\u00ednez mencion\u00f3 en la ceremonia de entrega que \u201ces maravilloso ver como 16 personas han trabajado en los diferentes talleres para poder avanzar en el desarrollo en emprendimientos, en pasos a la vida independiente\u201d.<\/p>\n<p style=\"text-align: justify;\">\u201cCreo que el municipio tiene que ser el gestor de oportunidades. Estos emprendedores deben estar presente en cada una de nuestras ferias y debemos tener un buen porcentaje de personas en situaci\u00f3n de discapacidad, porque equitativamente son iguales a todas las personas de la comuna; creo que esta es otra forma de crecer junto a los ayseninos\u201d, finaliz\u00f3 el edil.<\/p>\n<\/div><\/section><\/div><div  style='height:50px' class='hr hr-invisible   avia-builder-el-6  el_after_av_one_full  el_before_av_social_share '><span class='hr-inner ' ><span class='hr-inner-style'><\/span><\/span><\/div><\/p>\n<div  class='av-social-sharing-box  avia-builder-el-7  el_after_av_hr  el_before_av_hr  '><div class='av-share-box'><h5 class='av-share-link-description av-no-toc '>Compartir esta noticia<\/h5><ul class='av-share-box-list noLightbox'><li class='av-share-link av-social-link-facebook' ><a target=\"_blank\" aria-label=\"Compartir en Facebook\" href='https:\/\/www.facebook.com\/sharer.php?u=https:\/\/radiorevelacionfm.cl\/?p=58475&#038;t=EDLI%20de%20Ays%C3%A9n%20completa%20sus%20talleres%20de%20emprendimiento%20para%20personas%20con%20discapacidad' aria-hidden='false' data-av_icon='\ue8f3' data-av_iconfont='entypo-fontello' title='' data-avia-related-tooltip='Compartir en Facebook' rel=\"noopener\"><span class='avia_hidden_link_text'>Compartir en Facebook<\/span><\/a><\/li><li class='av-share-link av-social-link-twitter' ><a target=\"_blank\" aria-label=\"Compartir en Twitter\" href='https:\/\/twitter.com\/share?text=EDLI%20de%20Ays%C3%A9n%20completa%20sus%20talleres%20de%20emprendimiento%20para%20personas%20con%20discapacidad&#038;url=https:\/\/radiorevelacionfm.cl\/?p=58475' aria-hidden='false' data-av_icon='\ue8f1' data-av_iconfont='entypo-fontello' title='' data-avia-related-tooltip='Compartir en Twitter' rel=\"noopener\"><span class='avia_hidden_link_text'>Compartir en Twitter<\/span><\/a><\/li><li class='av-share-link av-social-link-whatsapp' ><a target=\"_blank\" aria-label=\"Compartir en Whatsapp\" href='https:\/\/api.whatsapp.com\/send?text=https:\/\/radiorevelacionfm.cl\/?p=58475' aria-hidden='false' data-av_icon='\uf232' data-av_iconfont='entypo-fontello' title='' data-avia-related-tooltip='Compartir en Whatsapp' rel=\"noopener\"><span class='avia_hidden_link_text'>Compartir en Whatsapp<\/span><\/a><\/li><li class='av-share-link av-social-link-linkedin' ><a target=\"_blank\" aria-label=\"Compartir en LinkedIn\" href='https:\/\/linkedin.com\/shareArticle?mini=true&#038;title=EDLI%20de%20Ays%C3%A9n%20completa%20sus%20talleres%20de%20emprendimiento%20para%20personas%20con%20discapacidad&#038;url=https:\/\/radiorevelacionfm.cl\/?p=58475' aria-hidden='false' data-av_icon='\ue8fc' data-av_iconfont='entypo-fontello' title='' data-avia-related-tooltip='Compartir en LinkedIn' rel=\"noopener\"><span class='avia_hidden_link_text'>Compartir en LinkedIn<\/span><\/a><\/li><li class='av-share-link av-social-link-mail' ><a  aria-label=\"Compartir por correo\" href='mailto:?subject=EDLI%20de%20Ays%C3%A9n%20completa%20sus%20talleres%20de%20emprendimiento%20para%20personas%20con%20discapacidad&#038;body=https:\/\/radiorevelacionfm.cl\/?p=58475' aria-hidden='false' data-av_icon='\ue805' data-av_iconfont='entypo-fontello' title='' data-avia-related-tooltip='Compartir por correo'><span class='avia_hidden_link_text'>Compartir por correo<\/span><\/a><\/li><\/ul><\/div><\/div>\n<div  style='height:50px' class='hr hr-invisible   avia-builder-el-8  el_after_av_social_share  el_before_av_comments_list '><span class='hr-inner ' ><span class='hr-inner-style'><\/span><\/span><\/div>\n<div  class='av-buildercomment  av-blog-meta-html-info-disabled av-blog-meta-tag-disabled  '><\/div>\n","protected":false},"excerpt":{"rendered":"","protected":false},"author":1,"featured_media":58476,"comment_status":"closed","ping_status":"closed","sticky":false,"template":"","format":"standard","meta":{"footnotes":""},"categories":[38],"tags":[],"class_list":["post-58475","post","type-post","status-publish","format-standard","has-post-thumbnail","hentry","category-regional"],"jetpack_featured_media_url":"https:\/\/radiorevelacionfm.cl\/wp-content\/uploads\/2025\/08\/finalizacion-de-los-talleres-edli-4-1_optimized.jpg","_links":{"self":[{"href":"https:\/\/radiorevelacionfm.cl\/index.php?rest_route=\/wp\/v2\/posts\/58475","targetHints":{"allow":["GET"]}}],"collection":[{"href":"https:\/\/radiorevelacionfm.cl\/index.php?rest_route=\/wp\/v2\/posts"}],"about":[{"href":"https:\/\/radiorevelacionfm.cl\/index.php?rest_route=\/wp\/v2\/types\/post"}],"author":[{"embeddable":true,"href":"https:\/\/radiorevelacionfm.cl\/index.php?rest_route=\/wp\/v2\/users\/1"}],"replies":[{"embeddable":true,"href":"https:\/\/radiorevelacionfm.cl\/index.php?rest_route=%2Fwp%2Fv2%2Fcomments&post=58475"}],"version-history":[{"count":2,"href":"https:\/\/radiorevelacionfm.cl\/index.php?rest_route=\/wp\/v2\/posts\/58475\/revisions"}],"predecessor-version":[{"id":58499,"href":"https:\/\/radiorevelacionfm.cl\/index.php?rest_route=\/wp\/v2\/posts\/58475\/revisions\/58499"}],"wp:featuredmedia":[{"embeddable":true,"href":"https:\/\/radiorevelacionfm.cl\/index.php?rest_route=\/wp\/v2\/media\/58476"}],"wp:attachment":[{"href":"https:\/\/radiorevelacionfm.cl\/index.php?rest_route=%2Fwp%2Fv2%2Fmedia&parent=58475"}],"wp:term":[{"taxonomy":"category","embeddable":true,"href":"https:\/\/radiorevelacionfm.cl\/index.php?rest_route=%2Fwp%2Fv2%2Fcategories&post=58475"},{"taxonomy":"post_tag","embeddable":true,"href":"https:\/\/radiorevelacionfm.cl\/index.php?rest_route=%2Fwp%2Fv2%2Ftags&post=58475"}],"curies":[{"name":"wp","href":"https:\/\/api.w.org\/{rel}","templated":true}]}}