{"id":58472,"date":"2025-08-29T14:58:43","date_gmt":"2025-08-29T17:58:43","guid":{"rendered":"https:\/\/radiorevelacionfm.cl\/?p=58472"},"modified":"2025-08-29T14:58:43","modified_gmt":"2025-08-29T17:58:43","slug":"gremios-del-transporte-de-la-region-de-aysen-se-declaran-en-alerta-amarilla-por-riesgo-de-desabastecimiento-exigen-subsidio-para-reforzar-ruta-quellon-cisnes","status":"publish","type":"post","link":"https:\/\/radiorevelacionfm.cl\/?p=58472","title":{"rendered":"Gremios del transporte de la regi\u00f3n de Ays\u00e9n se declaran en alerta amarilla por riesgo de desabastecimiento: Exigen subsidio para reforzar ruta Quell\u00f3n\u2013Cisnes"},"content":{"rendered":"<div class=\"flex_column av_one_full  flex_column_div av-zero-column-padding first  avia-builder-el-0  el_before_av_one_full  avia-builder-el-first  \" style='border-radius:0px; '><div  class='avia-image-container  av-styling-    avia-builder-el-1  avia-builder-el-no-sibling  avia-align-center '  itemprop=\"image\" itemscope=\"itemscope\" itemtype=\"https:\/\/schema.org\/ImageObject\"  ><div class='avia-image-container-inner'><div class='avia-image-overlay-wrap'><img decoding=\"async\" class='wp-image-58473 avia-img-lazy-loading-not-58473 avia_image' src=\"https:\/\/radiorevelacionfm.cl\/wp-content\/uploads\/2025\/08\/gremiosaysen-1_optimized.jpeg\" alt='' title='gremiosaysen-(1)_optimized' height=\"600\" width=\"847\"  itemprop=\"thumbnailUrl\" srcset=\"https:\/\/radiorevelacionfm.cl\/wp-content\/uploads\/2025\/08\/gremiosaysen-1_optimized.jpeg 847w, https:\/\/radiorevelacionfm.cl\/wp-content\/uploads\/2025\/08\/gremiosaysen-1_optimized-300x213.jpeg 300w, https:\/\/radiorevelacionfm.cl\/wp-content\/uploads\/2025\/08\/gremiosaysen-1_optimized-768x544.jpeg 768w, https:\/\/radiorevelacionfm.cl\/wp-content\/uploads\/2025\/08\/gremiosaysen-1_optimized-260x185.jpeg 260w, https:\/\/radiorevelacionfm.cl\/wp-content\/uploads\/2025\/08\/gremiosaysen-1_optimized-845x600.jpeg 845w, https:\/\/radiorevelacionfm.cl\/wp-content\/uploads\/2025\/08\/gremiosaysen-1_optimized-705x499.jpeg 705w, https:\/\/radiorevelacionfm.cl\/wp-content\/uploads\/2025\/08\/gremiosaysen-1_optimized-450x319.jpeg 450w, https:\/\/radiorevelacionfm.cl\/wp-content\/uploads\/2025\/08\/gremiosaysen-1_optimized-600x425.jpeg 600w\" sizes=\"(max-width: 847px) 100vw, 847px\" \/><\/div><\/div><\/div><\/div><div class=\"flex_column av_one_full  flex_column_div av-zero-column-padding first  avia-builder-el-2  el_after_av_one_full  el_before_av_one_full  column-top-margin\" style='border-radius:0px; '><section class=\"av_textblock_section \"  itemscope=\"itemscope\" itemtype=\"https:\/\/schema.org\/BlogPosting\" itemprop=\"blogPost\" ><div class='avia_textblock  '   itemprop=\"text\" ><p style=\"text-align: center;\"><strong><span style=\"font-size: 18pt;\">Gremios del transporte de la regi\u00f3n de Ays\u00e9n se declaran en alerta amarilla por riesgo de desabastecimiento: Exigen subsidio para reforzar ruta Quell\u00f3n\u2013Cisnes<\/span><\/strong><\/p>\n<div id=\"gtx-trans\" style=\"position: absolute; left: -50px; top: 4.31534px;\">\n<div class=\"gtx-trans-icon\"><\/div>\n<\/div>\n<\/div><\/section><\/div><div class=\"flex_column av_one_full  flex_column_div av-zero-column-padding first  avia-builder-el-4  el_after_av_one_full  el_before_av_hr  column-top-margin\" style='border-radius:0px; '><section class=\"av_textblock_section \"  itemscope=\"itemscope\" itemtype=\"https:\/\/schema.org\/BlogPosting\" itemprop=\"blogPost\" ><div class='avia_textblock  '   itemprop=\"text\" ><p style=\"text-align: justify;\"><em>La Asociaci\u00f3n Gremial de Transportistas Ays\u00e9n-Chacabuco (AGRECACh), la Asociaci\u00f3n Gremial de Camioneros de la Patagonia, y la Asociaci\u00f3n Gremial de Due\u00f1os de Camiones de Coyhaique (ADUCAM) declararon estado de alerta amarilla ante la grave crisis de conectividad que afecta a la Regi\u00f3n de Ays\u00e9n, producto del deterioro estructural del Puente Yelcho y las restricciones impuestas al tr\u00e1nsito de camiones.<\/em><\/p>\n<p style=\"text-align: justify;\">Actualmente, casi el <strong>60% del abastecimiento regional<\/strong> depende de la <strong>Ruta 7<\/strong>, por donde confluyen tanto la ruta <strong>bimodal<\/strong> como el tramo <strong>Chait\u00e9n\u2013Puerto Montt<\/strong>. Ambas han visto colapsada su operatividad debido a la limitaci\u00f3n de carga impuesta en el Puente Yelcho, tras el corte de un tensor ocasionado por a\u00f1os sin mantenci\u00f3n adecuada.<\/p>\n<p style=\"text-align: justify;\">Durante una reuni\u00f3n con los seremis de Transportes y Obras P\u00fablicas, los gremios solicitaron que se activen <strong>subsidios urgentes<\/strong> para aumentar la frecuencia de barcazas en la ruta <strong>Quell\u00f3n\u2013Puerto Cisnes<\/strong>, como alternativa log\u00edstica para mantener el flujo de carga hacia Ays\u00e9n.<\/p>\n<p style=\"text-align: justify;\">\u201cHoy se nos ofreci\u00f3 una sola frecuencia adicional, pero con costo comercial. Es decir, pagada por los propios transportistas. Nos dicen que no hay recursos este a\u00f1o para subsidios, pero que pueden gestionar un viaje m\u00e1s con una empresa naviera. Esa soluci\u00f3n es insuficiente. Se necesita m\u00e1s de un viaje diario subsidiado para sostener el abastecimiento de una regi\u00f3n entera\u201d, se\u00f1al\u00f3 <strong>Conrado Redlich<\/strong>, presidente de AGRECACh.<\/p>\n<p style=\"text-align: justify;\">Desde Coyhaique, el dirigente <strong>Edmundo Moraga<\/strong>, presidente de la Asociaci\u00f3n Gremial de Camioneros de la Patagonia, fue enf\u00e1tico:<\/p>\n<p style=\"text-align: justify;\">\u201cEl 60% de lo que entra a Ays\u00e9n pasa por la Ruta 7. Si esa conectividad se corta o se limita m\u00e1s a\u00fan, no aguantamos 10 d\u00edas sin que se empiecen a notar los efectos: g\u00f3ndolas vac\u00edas, retrasos, sobreprecios. Las navieras no est\u00e1n dando abasto, y las restricciones de tonelaje hacen insostenible el transporte actual\u201d.<\/p>\n<p style=\"text-align: justify;\">Por su parte, <strong>Marcos Ibacache<\/strong>, socio de AGRECACh, apunt\u00f3 al abandono del Estado:<\/p>\n<p style=\"text-align: justify;\">\u201cLas autoridades han hecho vista gorda durante a\u00f1os al deterioro de esta ruta. Hoy d\u00eda el sistema est\u00e1 colapsado, pero nos dicen que reci\u00e9n para el 2026 podr\u00eda haber presupuesto. Necesitamos acci\u00f3n ahora. Que se subsidie un aumento real en la frecuencia de viajes por v\u00eda mar\u00edtima, como respuesta concreta a una emergencia que ya est\u00e1 en curso\u201d.<\/p>\n<p style=\"text-align: justify;\"><strong>Una crisis que afecta a toda la comunidad, no solo a los gremios<\/strong><\/p>\n<p style=\"text-align: justify;\">El colapso log\u00edstico no solo impacta a los transportistas. Afecta directamente a toda la poblaci\u00f3n de Ays\u00e9n, debido al <strong>inevitable aumento en los costos de traslado<\/strong>, lo que terminar\u00e1 reflej\u00e1ndose en los precios finales de alimentos, insumos y bienes b\u00e1sicos.<\/p>\n<p style=\"text-align: justify;\">\u201cEste no es un reclamo gremial. Es una advertencia real. Si no se activan soluciones estructurales, el alza de precios va a golpear a las familias de Ays\u00e9n. Esto ya no da para m\u00e1s\u201d, agreg\u00f3 Redlich.<\/p>\n<p style=\"text-align: justify;\"><strong>Gestiones en curso con autoridades parlamentarias<\/strong><\/p>\n<p style=\"text-align: justify;\">Ambos gremios han iniciado una agenda de reuniones con parlamentarios de la regi\u00f3n. Ya se han sostenido conversaciones con el senador <strong>David Sandoval<\/strong> y la diputada <strong>Marcia Raphael<\/strong>, y est\u00e1n agendados nuevos encuentros con los diputados <strong>Ren\u00e9 Alinco<\/strong> y <strong>Miguel \u00c1ngel Calixto<\/strong>, con el objetivo de empujar esta demanda como un tema transversal que afecta a toda la regi\u00f3n.<\/p>\n<p style=\"text-align: justify;\">AGRECACh, la Asociaci\u00f3n Gremial de Camioneros de la Patagonia y ADUCAM, \u00a0reiteran su llamado urgente al Gobierno para activar un plan de emergencia log\u00edstica que garantice la conectividad por territorio nacional, protegiendo el abastecimiento de Ays\u00e9n y la sostenibilidad del transporte regional.<\/p>\n<\/div><\/section><\/div><div  style='height:50px' class='hr hr-invisible   avia-builder-el-6  el_after_av_one_full  el_before_av_social_share '><span class='hr-inner ' ><span class='hr-inner-style'><\/span><\/span><\/div><\/p>\n<div  class='av-social-sharing-box  avia-builder-el-7  el_after_av_hr  el_before_av_hr  '><div class='av-share-box'><h5 class='av-share-link-description av-no-toc '>Compartir esta noticia<\/h5><ul class='av-share-box-list noLightbox'><li class='av-share-link av-social-link-facebook' ><a target=\"_blank\" aria-label=\"Compartir en Facebook\" href='https:\/\/www.facebook.com\/sharer.php?u=https:\/\/radiorevelacionfm.cl\/?p=58472&#038;t=Gremios%20del%20transporte%20de%20la%20regi%C3%B3n%20de%20Ays%C3%A9n%20se%20declaran%20en%20alerta%20amarilla%20por%20riesgo%20de%20desabastecimiento%3A%20Exigen%20subsidio%20para%20reforzar%20ruta%20Quell%C3%B3n%E2%80%93Cisnes' aria-hidden='false' data-av_icon='\ue8f3' data-av_iconfont='entypo-fontello' title='' data-avia-related-tooltip='Compartir en Facebook' rel=\"noopener\"><span class='avia_hidden_link_text'>Compartir en Facebook<\/span><\/a><\/li><li class='av-share-link av-social-link-twitter' ><a target=\"_blank\" aria-label=\"Compartir en Twitter\" href='https:\/\/twitter.com\/share?text=Gremios%20del%20transporte%20de%20la%20regi%C3%B3n%20de%20Ays%C3%A9n%20se%20declaran%20en%20alerta%20amarilla%20por%20riesgo%20de%20desabastecimiento%3A%20Exigen%20subsidio%20para%20reforzar%20ruta%20Quell%C3%B3n%E2%80%93Cisnes&#038;url=https:\/\/radiorevelacionfm.cl\/?p=58472' aria-hidden='false' data-av_icon='\ue8f1' data-av_iconfont='entypo-fontello' title='' data-avia-related-tooltip='Compartir en Twitter' rel=\"noopener\"><span class='avia_hidden_link_text'>Compartir en Twitter<\/span><\/a><\/li><li class='av-share-link av-social-link-whatsapp' ><a target=\"_blank\" aria-label=\"Compartir en Whatsapp\" href='https:\/\/api.whatsapp.com\/send?text=https:\/\/radiorevelacionfm.cl\/?p=58472' aria-hidden='false' data-av_icon='\uf232' data-av_iconfont='entypo-fontello' title='' data-avia-related-tooltip='Compartir en Whatsapp' rel=\"noopener\"><span class='avia_hidden_link_text'>Compartir en Whatsapp<\/span><\/a><\/li><li class='av-share-link av-social-link-linkedin' ><a target=\"_blank\" aria-label=\"Compartir en LinkedIn\" href='https:\/\/linkedin.com\/shareArticle?mini=true&#038;title=Gremios%20del%20transporte%20de%20la%20regi%C3%B3n%20de%20Ays%C3%A9n%20se%20declaran%20en%20alerta%20amarilla%20por%20riesgo%20de%20desabastecimiento%3A%20Exigen%20subsidio%20para%20reforzar%20ruta%20Quell%C3%B3n%E2%80%93Cisnes&#038;url=https:\/\/radiorevelacionfm.cl\/?p=58472' aria-hidden='false' data-av_icon='\ue8fc' data-av_iconfont='entypo-fontello' title='' data-avia-related-tooltip='Compartir en LinkedIn' rel=\"noopener\"><span class='avia_hidden_link_text'>Compartir en LinkedIn<\/span><\/a><\/li><li class='av-share-link av-social-link-mail' ><a  aria-label=\"Compartir por correo\" href='mailto:?subject=Gremios%20del%20transporte%20de%20la%20regi%C3%B3n%20de%20Ays%C3%A9n%20se%20declaran%20en%20alerta%20amarilla%20por%20riesgo%20de%20desabastecimiento%3A%20Exigen%20subsidio%20para%20reforzar%20ruta%20Quell%C3%B3n%E2%80%93Cisnes&#038;body=https:\/\/radiorevelacionfm.cl\/?p=58472' aria-hidden='false' data-av_icon='\ue805' data-av_iconfont='entypo-fontello' title='' data-avia-related-tooltip='Compartir por correo'><span class='avia_hidden_link_text'>Compartir por correo<\/span><\/a><\/li><\/ul><\/div><\/div>\n<div  style='height:50px' class='hr hr-invisible   avia-builder-el-8  el_after_av_social_share  el_before_av_comments_list '><span class='hr-inner ' ><span class='hr-inner-style'><\/span><\/span><\/div>\n<div  class='av-buildercomment  av-blog-meta-html-info-disabled av-blog-meta-tag-disabled  '><\/div>\n","protected":false},"excerpt":{"rendered":"","protected":false},"author":1,"featured_media":58473,"comment_status":"closed","ping_status":"closed","sticky":false,"template":"","format":"standard","meta":{"footnotes":""},"categories":[38],"tags":[],"class_list":["post-58472","post","type-post","status-publish","format-standard","has-post-thumbnail","hentry","category-regional"],"jetpack_featured_media_url":"https:\/\/radiorevelacionfm.cl\/wp-content\/uploads\/2025\/08\/gremiosaysen-1_optimized.jpeg","_links":{"self":[{"href":"https:\/\/radiorevelacionfm.cl\/index.php?rest_route=\/wp\/v2\/posts\/58472","targetHints":{"allow":["GET"]}}],"collection":[{"href":"https:\/\/radiorevelacionfm.cl\/index.php?rest_route=\/wp\/v2\/posts"}],"about":[{"href":"https:\/\/radiorevelacionfm.cl\/index.php?rest_route=\/wp\/v2\/types\/post"}],"author":[{"embeddable":true,"href":"https:\/\/radiorevelacionfm.cl\/index.php?rest_route=\/wp\/v2\/users\/1"}],"replies":[{"embeddable":true,"href":"https:\/\/radiorevelacionfm.cl\/index.php?rest_route=%2Fwp%2Fv2%2Fcomments&post=58472"}],"version-history":[{"count":2,"href":"https:\/\/radiorevelacionfm.cl\/index.php?rest_route=\/wp\/v2\/posts\/58472\/revisions"}],"predecessor-version":[{"id":58478,"href":"https:\/\/radiorevelacionfm.cl\/index.php?rest_route=\/wp\/v2\/posts\/58472\/revisions\/58478"}],"wp:featuredmedia":[{"embeddable":true,"href":"https:\/\/radiorevelacionfm.cl\/index.php?rest_route=\/wp\/v2\/media\/58473"}],"wp:attachment":[{"href":"https:\/\/radiorevelacionfm.cl\/index.php?rest_route=%2Fwp%2Fv2%2Fmedia&parent=58472"}],"wp:term":[{"taxonomy":"category","embeddable":true,"href":"https:\/\/radiorevelacionfm.cl\/index.php?rest_route=%2Fwp%2Fv2%2Fcategories&post=58472"},{"taxonomy":"post_tag","embeddable":true,"href":"https:\/\/radiorevelacionfm.cl\/index.php?rest_route=%2Fwp%2Fv2%2Ftags&post=58472"}],"curies":[{"name":"wp","href":"https:\/\/api.w.org\/{rel}","templated":true}]}}