{"id":58466,"date":"2025-08-29T12:43:35","date_gmt":"2025-08-29T15:43:35","guid":{"rendered":"https:\/\/radiorevelacionfm.cl\/?p=58466"},"modified":"2025-08-29T12:43:35","modified_gmt":"2025-08-29T15:43:35","slug":"homicidio-en-puerto-aysen-victima-tendria-mas-de-30-punaladas","status":"publish","type":"post","link":"https:\/\/radiorevelacionfm.cl\/?p=58466","title":{"rendered":"Homicidio en Puerto Ays\u00e9n: V\u00edctima tendr\u00eda m\u00e1s de 30 pu\u00f1aladas"},"content":{"rendered":"<div class=\"flex_column av_one_full  flex_column_div av-zero-column-padding first  avia-builder-el-0  el_before_av_one_full  avia-builder-el-first  \" style='border-radius:0px; '><div  class='avia-image-container  av-styling-    avia-builder-el-1  avia-builder-el-no-sibling  avia-align-center '  itemprop=\"image\" itemscope=\"itemscope\" itemtype=\"https:\/\/schema.org\/ImageObject\"  ><div class='avia-image-container-inner'><div class='avia-image-overlay-wrap'><img decoding=\"async\" class='wp-image-6368 avia-img-lazy-loading-not-6368 avia_image' src=\"https:\/\/radiorevelacionfm.cl\/wp-content\/uploads\/2021\/07\/PDI_AYSEN-1-1.jpg\" alt='' title='PDI_AYSEN (1) (1)' height=\"600\" width=\"802\"  itemprop=\"thumbnailUrl\" srcset=\"https:\/\/radiorevelacionfm.cl\/wp-content\/uploads\/2021\/07\/PDI_AYSEN-1-1.jpg 802w, https:\/\/radiorevelacionfm.cl\/wp-content\/uploads\/2021\/07\/PDI_AYSEN-1-1-300x224.jpg 300w, https:\/\/radiorevelacionfm.cl\/wp-content\/uploads\/2021\/07\/PDI_AYSEN-1-1-768x575.jpg 768w, https:\/\/radiorevelacionfm.cl\/wp-content\/uploads\/2021\/07\/PDI_AYSEN-1-1-705x527.jpg 705w, https:\/\/radiorevelacionfm.cl\/wp-content\/uploads\/2021\/07\/PDI_AYSEN-1-1-600x449.jpg 600w\" sizes=\"(max-width: 802px) 100vw, 802px\" \/><\/div><\/div><\/div><\/div><div class=\"flex_column av_one_full  flex_column_div av-zero-column-padding first  avia-builder-el-2  el_after_av_one_full  el_before_av_one_full  column-top-margin\" style='border-radius:0px; '><section class=\"av_textblock_section \"  itemscope=\"itemscope\" itemtype=\"https:\/\/schema.org\/BlogPosting\" itemprop=\"blogPost\" ><div class='avia_textblock  '   itemprop=\"text\" ><p style=\"text-align: center;\"><strong><span style=\"font-size: 18pt;\">Homicidio en Puerto Ays\u00e9n: V\u00edctima tendr\u00eda m\u00e1s de 30 pu\u00f1aladas<\/span><\/strong><\/p>\n<div id=\"gtx-trans\" style=\"position: absolute; left: -50px; top: 4.31534px;\">\n<div class=\"gtx-trans-icon\"><\/div>\n<\/div>\n<\/div><\/section><\/div><div class=\"flex_column av_one_full  flex_column_div av-zero-column-padding first  avia-builder-el-4  el_after_av_one_full  el_before_av_hr  column-top-margin\" style='border-radius:0px; '><section class=\"av_textblock_section \"  itemscope=\"itemscope\" itemtype=\"https:\/\/schema.org\/BlogPosting\" itemprop=\"blogPost\" ><div class='avia_textblock  '   itemprop=\"text\" ><p style=\"text-align: justify;\">A solicitud de la Fiscal\u00eda Local de Puerto Ays\u00e9n, detectives de la Brigada de Homicidios Coyhaique se trasladaron hasta Ays\u00e9n con la finalidad de investigar un nuevo homicidio que se habr\u00eda registrado cerca de la media noche del jueves 28 de agosto.<\/p>\n<p style=\"text-align: justify;\">Seg\u00fan informaci\u00f3n preliminar de los hechos, el victimario, un hombre de 33 a\u00f1os de edad, sin antecedentes, se habr\u00eda dirigido a comprar alcohol en una botiller\u00eda del sector, en ese momento se habr\u00eda encontrado con la v\u00edctima, ambos desconocidos entre s\u00ed, invit\u00e1ndolo a compartir junto a \u00e9l a su domicilio.<\/p>\n<p style=\"text-align: justify;\">Por razones que a\u00fan se investigan, algo habr\u00eda ocurrido en el inmueble del victimario para que \u00e9ste agrediera al fallecido con un arma cortante propin\u00e1ndole 34 pu\u00f1aladas y otras heridas que en su totalidad habr\u00edan provocado la muerte de este. Producto de lo anterior, es que el mismo agresor llama a Carabineros, siendo detenido en su domicilio.<\/p>\n<p style=\"text-align: justify;\">\u201cEl Ministerio P\u00fablico solicit\u00f3 la concurrencia de la Brigada de Homicidios de Coyhaique hasta la comuna de Ays\u00e9n, toda vez que al interior de un inmueble se encontraba fallecida una persona de sexo masculino, de 33 a\u00f1os de edad, la cual, al reconocimiento externo policial del cad\u00e1ver, present\u00f3 al menos 34 heridas cortantes\u201d, se\u00f1al\u00f3 el comisario \u00cdtalo Todaka, jefe de la Brigada de Homicidios Coyhaique.<\/p>\n<p style=\"text-align: justify;\">Sobre el trabajo del sitio de suceso, el oficial policial coment\u00f3 que \u201cla Brigada de Homicidios se encuentra desarrollando una serie de diligencias, principalmente, para lograr la identificaci\u00f3n de la v\u00edctima y entregar al Ministerio P\u00fablico los elementos necesarios para establecer la din\u00e1mica de los hechos. Adem\u00e1s, hay una persona detenida, la cual fue puesta a disposici\u00f3n del Tribunal de Garant\u00eda de esta ciudad\u201d, cerr\u00f3 el comisario Todaka.<\/p>\n<p style=\"text-align: justify;\">Cabe hacer presente que, nuevamente, la ingesta excesiva de alcohol es parte de un hecho de estas caracter\u00edsticas. En lo que va del a\u00f1o, ya son seis los homicidios ocurridos en la Regi\u00f3n de Ays\u00e9n, m\u00e1s de la mitad del total de los casos ocurridos en todo el a\u00f1o 2024.<\/p>\n<\/div><\/section><\/div><div  style='height:50px' class='hr hr-invisible   avia-builder-el-6  el_after_av_one_full  el_before_av_social_share '><span class='hr-inner ' ><span class='hr-inner-style'><\/span><\/span><\/div><\/p>\n<div  class='av-social-sharing-box  avia-builder-el-7  el_after_av_hr  el_before_av_hr  '><div class='av-share-box'><h5 class='av-share-link-description av-no-toc '>Compartir esta noticia<\/h5><ul class='av-share-box-list noLightbox'><li class='av-share-link av-social-link-facebook' ><a target=\"_blank\" aria-label=\"Compartir en Facebook\" href='https:\/\/www.facebook.com\/sharer.php?u=https:\/\/radiorevelacionfm.cl\/?p=58466&#038;t=Homicidio%20en%20Puerto%20Ays%C3%A9n%3A%20V%C3%ADctima%20tendr%C3%ADa%20m%C3%A1s%20de%2030%20pu%C3%B1aladas' aria-hidden='false' data-av_icon='\ue8f3' data-av_iconfont='entypo-fontello' title='' data-avia-related-tooltip='Compartir en Facebook' rel=\"noopener\"><span class='avia_hidden_link_text'>Compartir en Facebook<\/span><\/a><\/li><li class='av-share-link av-social-link-twitter' ><a target=\"_blank\" aria-label=\"Compartir en Twitter\" href='https:\/\/twitter.com\/share?text=Homicidio%20en%20Puerto%20Ays%C3%A9n%3A%20V%C3%ADctima%20tendr%C3%ADa%20m%C3%A1s%20de%2030%20pu%C3%B1aladas&#038;url=https:\/\/radiorevelacionfm.cl\/?p=58466' aria-hidden='false' data-av_icon='\ue8f1' data-av_iconfont='entypo-fontello' title='' data-avia-related-tooltip='Compartir en Twitter' rel=\"noopener\"><span class='avia_hidden_link_text'>Compartir en Twitter<\/span><\/a><\/li><li class='av-share-link av-social-link-whatsapp' ><a target=\"_blank\" aria-label=\"Compartir en Whatsapp\" href='https:\/\/api.whatsapp.com\/send?text=https:\/\/radiorevelacionfm.cl\/?p=58466' aria-hidden='false' data-av_icon='\uf232' data-av_iconfont='entypo-fontello' title='' data-avia-related-tooltip='Compartir en Whatsapp' rel=\"noopener\"><span class='avia_hidden_link_text'>Compartir en Whatsapp<\/span><\/a><\/li><li class='av-share-link av-social-link-linkedin' ><a target=\"_blank\" aria-label=\"Compartir en LinkedIn\" href='https:\/\/linkedin.com\/shareArticle?mini=true&#038;title=Homicidio%20en%20Puerto%20Ays%C3%A9n%3A%20V%C3%ADctima%20tendr%C3%ADa%20m%C3%A1s%20de%2030%20pu%C3%B1aladas&#038;url=https:\/\/radiorevelacionfm.cl\/?p=58466' aria-hidden='false' data-av_icon='\ue8fc' data-av_iconfont='entypo-fontello' title='' data-avia-related-tooltip='Compartir en LinkedIn' rel=\"noopener\"><span class='avia_hidden_link_text'>Compartir en LinkedIn<\/span><\/a><\/li><li class='av-share-link av-social-link-mail' ><a  aria-label=\"Compartir por correo\" href='mailto:?subject=Homicidio%20en%20Puerto%20Ays%C3%A9n%3A%20V%C3%ADctima%20tendr%C3%ADa%20m%C3%A1s%20de%2030%20pu%C3%B1aladas&#038;body=https:\/\/radiorevelacionfm.cl\/?p=58466' aria-hidden='false' data-av_icon='\ue805' data-av_iconfont='entypo-fontello' title='' data-avia-related-tooltip='Compartir por correo'><span class='avia_hidden_link_text'>Compartir por correo<\/span><\/a><\/li><\/ul><\/div><\/div>\n<div  style='height:50px' class='hr hr-invisible   avia-builder-el-8  el_after_av_social_share  el_before_av_comments_list '><span class='hr-inner ' ><span class='hr-inner-style'><\/span><\/span><\/div>\n<div  class='av-buildercomment  av-blog-meta-html-info-disabled av-blog-meta-tag-disabled  '><\/div>\n","protected":false},"excerpt":{"rendered":"","protected":false},"author":1,"featured_media":6368,"comment_status":"closed","ping_status":"closed","sticky":false,"template":"","format":"standard","meta":{"footnotes":""},"categories":[36],"tags":[],"class_list":["post-58466","post","type-post","status-publish","format-standard","has-post-thumbnail","hentry","category-policial"],"jetpack_featured_media_url":"https:\/\/radiorevelacionfm.cl\/wp-content\/uploads\/2021\/07\/PDI_AYSEN-1-1.jpg","_links":{"self":[{"href":"https:\/\/radiorevelacionfm.cl\/index.php?rest_route=\/wp\/v2\/posts\/58466","targetHints":{"allow":["GET"]}}],"collection":[{"href":"https:\/\/radiorevelacionfm.cl\/index.php?rest_route=\/wp\/v2\/posts"}],"about":[{"href":"https:\/\/radiorevelacionfm.cl\/index.php?rest_route=\/wp\/v2\/types\/post"}],"author":[{"embeddable":true,"href":"https:\/\/radiorevelacionfm.cl\/index.php?rest_route=\/wp\/v2\/users\/1"}],"replies":[{"embeddable":true,"href":"https:\/\/radiorevelacionfm.cl\/index.php?rest_route=%2Fwp%2Fv2%2Fcomments&post=58466"}],"version-history":[{"count":2,"href":"https:\/\/radiorevelacionfm.cl\/index.php?rest_route=\/wp\/v2\/posts\/58466\/revisions"}],"predecessor-version":[{"id":58468,"href":"https:\/\/radiorevelacionfm.cl\/index.php?rest_route=\/wp\/v2\/posts\/58466\/revisions\/58468"}],"wp:featuredmedia":[{"embeddable":true,"href":"https:\/\/radiorevelacionfm.cl\/index.php?rest_route=\/wp\/v2\/media\/6368"}],"wp:attachment":[{"href":"https:\/\/radiorevelacionfm.cl\/index.php?rest_route=%2Fwp%2Fv2%2Fmedia&parent=58466"}],"wp:term":[{"taxonomy":"category","embeddable":true,"href":"https:\/\/radiorevelacionfm.cl\/index.php?rest_route=%2Fwp%2Fv2%2Fcategories&post=58466"},{"taxonomy":"post_tag","embeddable":true,"href":"https:\/\/radiorevelacionfm.cl\/index.php?rest_route=%2Fwp%2Fv2%2Ftags&post=58466"}],"curies":[{"name":"wp","href":"https:\/\/api.w.org\/{rel}","templated":true}]}}