{"id":58462,"date":"2025-08-29T12:24:46","date_gmt":"2025-08-29T15:24:46","guid":{"rendered":"https:\/\/radiorevelacionfm.cl\/?p=58462"},"modified":"2025-08-29T12:24:46","modified_gmt":"2025-08-29T15:24:46","slug":"la-nueva-indumentaria-que-vestiran-los-187-deportistas-que-representaran-a-aysen-en-final-nacional-de-los-juegos-deportivos-escolares","status":"publish","type":"post","link":"https:\/\/radiorevelacionfm.cl\/?p=58462","title":{"rendered":"La nueva indumentaria que vestir\u00e1n los 187 deportistas que representar\u00e1n a Ays\u00e9n en final nacional de los Juegos Deportivos Escolares"},"content":{"rendered":"<div class=\"flex_column av_one_full  flex_column_div av-zero-column-padding first  avia-builder-el-0  el_before_av_one_full  avia-builder-el-first  \" style='border-radius:0px; '><div  class='avia-image-container  av-styling-    avia-builder-el-1  avia-builder-el-no-sibling  avia-align-center '  itemprop=\"image\" itemscope=\"itemscope\" itemtype=\"https:\/\/schema.org\/ImageObject\"  ><div class='avia-image-container-inner'><div class='avia-image-overlay-wrap'><img decoding=\"async\" class='wp-image-58463 avia-img-lazy-loading-not-58463 avia_image' src=\"https:\/\/radiorevelacionfm.cl\/wp-content\/uploads\/2025\/08\/WhatsApp-Image-2025-08-29-at-9.48.36-AM-5-1-1-1.jpeg\" alt='' title='WhatsApp Image 2025-08-29 at 9.48.36 AM (5) (1) (1) (1)' height=\"635\" width=\"799\"  itemprop=\"thumbnailUrl\" srcset=\"https:\/\/radiorevelacionfm.cl\/wp-content\/uploads\/2025\/08\/WhatsApp-Image-2025-08-29-at-9.48.36-AM-5-1-1-1.jpeg 799w, https:\/\/radiorevelacionfm.cl\/wp-content\/uploads\/2025\/08\/WhatsApp-Image-2025-08-29-at-9.48.36-AM-5-1-1-1-300x238.jpeg 300w, https:\/\/radiorevelacionfm.cl\/wp-content\/uploads\/2025\/08\/WhatsApp-Image-2025-08-29-at-9.48.36-AM-5-1-1-1-768x610.jpeg 768w, https:\/\/radiorevelacionfm.cl\/wp-content\/uploads\/2025\/08\/WhatsApp-Image-2025-08-29-at-9.48.36-AM-5-1-1-1-705x560.jpeg 705w, https:\/\/radiorevelacionfm.cl\/wp-content\/uploads\/2025\/08\/WhatsApp-Image-2025-08-29-at-9.48.36-AM-5-1-1-1-450x358.jpeg 450w, https:\/\/radiorevelacionfm.cl\/wp-content\/uploads\/2025\/08\/WhatsApp-Image-2025-08-29-at-9.48.36-AM-5-1-1-1-600x477.jpeg 600w\" sizes=\"(max-width: 799px) 100vw, 799px\" \/><\/div><\/div><\/div><\/div><div class=\"flex_column av_one_full  flex_column_div av-zero-column-padding first  avia-builder-el-2  el_after_av_one_full  el_before_av_one_full  column-top-margin\" style='border-radius:0px; '><section class=\"av_textblock_section \"  itemscope=\"itemscope\" itemtype=\"https:\/\/schema.org\/BlogPosting\" itemprop=\"blogPost\" ><div class='avia_textblock  '   itemprop=\"text\" ><p style=\"text-align: center;\"><strong><span style=\"font-size: 18pt;\">La nueva indumentaria que vestir\u00e1n los 187 deportistas que representar\u00e1n a Ays\u00e9n en final nacional de los Juegos Deportivos Escolares<\/span><\/strong><\/p>\n<div id=\"gtx-trans\" style=\"position: absolute; left: -50px; top: 4.31534px;\">\n<div class=\"gtx-trans-icon\"><\/div>\n<\/div>\n<\/div><\/section><\/div><div class=\"flex_column av_one_full  flex_column_div av-zero-column-padding first  avia-builder-el-4  el_after_av_one_full  el_before_av_hr  column-top-margin\" style='border-radius:0px; '><section class=\"av_textblock_section \"  itemscope=\"itemscope\" itemtype=\"https:\/\/schema.org\/BlogPosting\" itemprop=\"blogPost\" ><div class='avia_textblock  '   itemprop=\"text\" ><p style=\"font-weight: 400; text-align: justify;\"><em>Este jueves se present\u00f3 la nueva indumentaria que vestir\u00e1n nuestros seleccionados damas y varones, durante la competencia que se desarrollar\u00e1 en el\u00a0Parque Estadio Nacional.<\/em><\/p>\n<p style=\"font-weight: 400; text-align: justify;\">Tras procesos selectivos y clasificatorios, el Instituto Nacional de Deportes a trav\u00e9s del \u00e1rea de Competici\u00f3n, defini\u00f3 al equipo y delegaci\u00f3n que vestir\u00e1 los colores de Ays\u00e9n en la final Nacional de los\u00a0Juegos Deportivos Escolares\u00a0(JDE) 2025,\u00a0que se efectuar\u00e1n desde el 30 de agosto al 11 de septiembre\u00a0en Santiago.<\/p>\n<p style=\"font-weight: 400; text-align: justify;\">Nuestra regi\u00f3n asistir\u00e1 con una delegaci\u00f3n de 187 deportistas\u00a0con la ilusi\u00f3n de llevar el nombre de la regi\u00f3n en lo m\u00e1s alto del deporte escolar\u00a0 en esta\u00a0competencia anual dirigida a j\u00f3venes de sub 14 y juvenil convocada por el Ministerio del Deporte a trav\u00e9s del Instituto Nacional de Deportes y en conjunto con el Ministerio de Educaci\u00f3n, que busca promover el desarrollo del deporte escolar, damas y varones, con la colaboraci\u00f3n de las municipalidades, corporaciones municipales, gobiernos regionales, servicios p\u00fablicos y privados, y que se inicia con la definici\u00f3n de las selecciones comunales de las respectivas disciplinas, en damas y varones.<\/p>\n<p style=\"font-weight: 400; text-align: justify;\">As\u00ed lo inform\u00f3 la Seremi del Deporte, Mar\u00eda Eugenia Dur\u00e1n, quien junto al Director Regional del IND, Javier Medina, participaron de la presentaci\u00f3n de la nueva indumentaria deportiva y entrega de la misma a representantes de cada una de las delegaciones.\u00a0\u00a0<em>\u201cCon cerca de 3.000 inscritos desde las etapas comunales hasta las competencias regionales, hoy 187 j\u00f3venes de todas las provincias se pondr\u00e1n la camiseta con orgullo para representar a su querida regi\u00f3n de Ays\u00e9n en la Gran Final Nacional de los JDE, instancia que impulsa nuestro ministerio del deporte y que ejecuta el IND. C\u00f3mo gobierno del presidente Boric, sabemos que detr\u00e1s de cada paso hay esfuerzo y sue\u00f1os por lograr,\u00a0 sobre todo en una regi\u00f3n aislada como la nuestra. Por eso, celebramos el respaldo del Gobierno Regional y su Consejo, que hicieron posible que hoy estemos entregando una nueva indumentaria, con un nuevo dise\u00f1o para nuestras selecciones. Porque concebimos el deporte como un derecho que nos une, nos forma y nos levanta como pa\u00eds. Hoy Ays\u00e9n se prepara para dejarlo todo en la cancha\u2026en una aventura inolvidable<\/em>\u201d, afirm\u00f3 la autoridad.<\/p>\n<p style=\"font-weight: 400; text-align: justify;\">Asimismo, Marcelo Santana Vargas, Gobernador Regional se\u00f1al\u00f3:\u00a0<em>\u201cDoscientos veinte millones de pesos estamos aportando como Gobierno Regional\u00a0 para que nuestras selecciones j\u00f3venes y nuestras selecciones escolares est\u00e9n participando en estos juegos deportivos pero tambi\u00e9n en los Juegos de la Araucan\u00eda, estamos contentos de haber hecho este aporte, esto tambi\u00e9n dignifica a nuestra delegaciones para que puedan estar bien representadas, bien equipadas y tambi\u00e9n sus traslados a las distintas localidades donde se van a realizar esto juegos<\/em><em>\u00ab.\u00a0<\/em><\/p>\n<p style=\"font-weight: 400; text-align: justify;\">Por su parte\u00a0Alonso Molina, seleccionado regional de ciclismo, seleccionado de ciclismo coment\u00f3: \u201c<em>Estoy enfocado en la competencia, en dar lo mejor de m\u00ed, me he esforzado harto por llegar a los nacionales y el esfuerzo se tiene que notar en las competencias y tengo muchas expectativas y que puedo dar lo mejor en esa competencia, el ciclismo es un deporte duro de disciplina\u201d<\/em><em>, el deportista adem\u00e1s precis\u00f3 que:\u00a0\u201cEl 05 de septiembre viajamos a Santiago, al d\u00eda siguiente corremos la\u00a0<\/em><em>contrarreloj<\/em><em>\u00a0<\/em><em>de 6 kil\u00f3metros, el 07 de septiembre corremos el fondo que son 40 kil\u00f3metros y regresamos al d\u00eda siguiente a la regi\u00f3n\u201d<\/em>.<\/p>\n<p style=\"font-weight: 400; text-align: justify;\">Nuestra regi\u00f3n participa en\u00a0damas y varones en las disciplinas de atletismo, ajedrez, balonmano, b\u00e1squetbol, ciclismo, futsal, judo, nataci\u00f3n, tenis de mesa y v\u00f3leibol.<\/p>\n<p style=\"font-weight: 400; text-align: justify;\">Los Juegos Deportivos Escolares son una a lo largo del a\u00f1o, los Juegos se desarrollar\u00e1n a trav\u00e9s de ligas comunales, provinciales y regionales, culminando en la Final Nacional sub 14 que se realizar\u00e1 del 30 de agosto al 11 de septiembre en el Parque Estadio Nacional.<\/p>\n<p style=\"font-weight: 400; text-align: justify;\">Adem\u00e1s, del\u00a023 al 29 de octubre, la Regi\u00f3n de Coquimbo ser\u00e1 la sede de la Final Nacional Juvenil, que reunir\u00e1 a 768 deportistas en las disciplinas de b\u00e1squetbol y v\u00f3leibol.<\/p>\n<p style=\"font-weight: 400; text-align: justify;\">En este evento, se definir\u00e1n no s\u00f3lo a las y los campeones nacionales, sino que tambi\u00e9n a quienes conformar\u00e1n la delegaci\u00f3n chilena que representar\u00e1 al pa\u00eds en el\u00a0Sudamericano Escolar 2025 en Asunci\u00f3n, Paraguay.<\/p>\n<\/div><\/section><\/div><div  style='height:50px' class='hr hr-invisible   avia-builder-el-6  el_after_av_one_full  el_before_av_social_share '><span class='hr-inner ' ><span class='hr-inner-style'><\/span><\/span><\/div><\/p>\n<div  class='av-social-sharing-box  avia-builder-el-7  el_after_av_hr  el_before_av_hr  '><div class='av-share-box'><h5 class='av-share-link-description av-no-toc '>Compartir esta noticia<\/h5><ul class='av-share-box-list noLightbox'><li class='av-share-link av-social-link-facebook' ><a target=\"_blank\" aria-label=\"Compartir en Facebook\" href='https:\/\/www.facebook.com\/sharer.php?u=https:\/\/radiorevelacionfm.cl\/?p=58462&#038;t=La%20nueva%20indumentaria%20que%20vestir%C3%A1n%20los%20187%20deportistas%20que%20representar%C3%A1n%20a%20Ays%C3%A9n%20en%20final%20nacional%20de%20los%20Juegos%20Deportivos%20Escolares' aria-hidden='false' data-av_icon='\ue8f3' data-av_iconfont='entypo-fontello' title='' data-avia-related-tooltip='Compartir en Facebook' rel=\"noopener\"><span class='avia_hidden_link_text'>Compartir en Facebook<\/span><\/a><\/li><li class='av-share-link av-social-link-twitter' ><a target=\"_blank\" aria-label=\"Compartir en Twitter\" href='https:\/\/twitter.com\/share?text=La%20nueva%20indumentaria%20que%20vestir%C3%A1n%20los%20187%20deportistas%20que%20representar%C3%A1n%20a%20Ays%C3%A9n%20en%20final%20nacional%20de%20los%20Juegos%20Deportivos%20Escolares&#038;url=https:\/\/radiorevelacionfm.cl\/?p=58462' aria-hidden='false' data-av_icon='\ue8f1' data-av_iconfont='entypo-fontello' title='' data-avia-related-tooltip='Compartir en Twitter' rel=\"noopener\"><span class='avia_hidden_link_text'>Compartir en Twitter<\/span><\/a><\/li><li class='av-share-link av-social-link-whatsapp' ><a target=\"_blank\" aria-label=\"Compartir en Whatsapp\" href='https:\/\/api.whatsapp.com\/send?text=https:\/\/radiorevelacionfm.cl\/?p=58462' aria-hidden='false' data-av_icon='\uf232' data-av_iconfont='entypo-fontello' title='' data-avia-related-tooltip='Compartir en Whatsapp' rel=\"noopener\"><span class='avia_hidden_link_text'>Compartir en Whatsapp<\/span><\/a><\/li><li class='av-share-link av-social-link-linkedin' ><a target=\"_blank\" aria-label=\"Compartir en LinkedIn\" href='https:\/\/linkedin.com\/shareArticle?mini=true&#038;title=La%20nueva%20indumentaria%20que%20vestir%C3%A1n%20los%20187%20deportistas%20que%20representar%C3%A1n%20a%20Ays%C3%A9n%20en%20final%20nacional%20de%20los%20Juegos%20Deportivos%20Escolares&#038;url=https:\/\/radiorevelacionfm.cl\/?p=58462' aria-hidden='false' data-av_icon='\ue8fc' data-av_iconfont='entypo-fontello' title='' data-avia-related-tooltip='Compartir en LinkedIn' rel=\"noopener\"><span class='avia_hidden_link_text'>Compartir en LinkedIn<\/span><\/a><\/li><li class='av-share-link av-social-link-mail' ><a  aria-label=\"Compartir por correo\" href='mailto:?subject=La%20nueva%20indumentaria%20que%20vestir%C3%A1n%20los%20187%20deportistas%20que%20representar%C3%A1n%20a%20Ays%C3%A9n%20en%20final%20nacional%20de%20los%20Juegos%20Deportivos%20Escolares&#038;body=https:\/\/radiorevelacionfm.cl\/?p=58462' aria-hidden='false' data-av_icon='\ue805' data-av_iconfont='entypo-fontello' title='' data-avia-related-tooltip='Compartir por correo'><span class='avia_hidden_link_text'>Compartir por correo<\/span><\/a><\/li><\/ul><\/div><\/div>\n<div  style='height:50px' class='hr hr-invisible   avia-builder-el-8  el_after_av_social_share  el_before_av_comments_list '><span class='hr-inner ' ><span class='hr-inner-style'><\/span><\/span><\/div>\n<div  class='av-buildercomment  av-blog-meta-html-info-disabled av-blog-meta-tag-disabled  '><\/div>\n","protected":false},"excerpt":{"rendered":"","protected":false},"author":1,"featured_media":58463,"comment_status":"closed","ping_status":"closed","sticky":false,"template":"","format":"standard","meta":{"footnotes":""},"categories":[40],"tags":[],"class_list":["post-58462","post","type-post","status-publish","format-standard","has-post-thumbnail","hentry","category-deportes"],"jetpack_featured_media_url":"https:\/\/radiorevelacionfm.cl\/wp-content\/uploads\/2025\/08\/WhatsApp-Image-2025-08-29-at-9.48.36-AM-5-1-1-1.jpeg","_links":{"self":[{"href":"https:\/\/radiorevelacionfm.cl\/index.php?rest_route=\/wp\/v2\/posts\/58462","targetHints":{"allow":["GET"]}}],"collection":[{"href":"https:\/\/radiorevelacionfm.cl\/index.php?rest_route=\/wp\/v2\/posts"}],"about":[{"href":"https:\/\/radiorevelacionfm.cl\/index.php?rest_route=\/wp\/v2\/types\/post"}],"author":[{"embeddable":true,"href":"https:\/\/radiorevelacionfm.cl\/index.php?rest_route=\/wp\/v2\/users\/1"}],"replies":[{"embeddable":true,"href":"https:\/\/radiorevelacionfm.cl\/index.php?rest_route=%2Fwp%2Fv2%2Fcomments&post=58462"}],"version-history":[{"count":2,"href":"https:\/\/radiorevelacionfm.cl\/index.php?rest_route=\/wp\/v2\/posts\/58462\/revisions"}],"predecessor-version":[{"id":58465,"href":"https:\/\/radiorevelacionfm.cl\/index.php?rest_route=\/wp\/v2\/posts\/58462\/revisions\/58465"}],"wp:featuredmedia":[{"embeddable":true,"href":"https:\/\/radiorevelacionfm.cl\/index.php?rest_route=\/wp\/v2\/media\/58463"}],"wp:attachment":[{"href":"https:\/\/radiorevelacionfm.cl\/index.php?rest_route=%2Fwp%2Fv2%2Fmedia&parent=58462"}],"wp:term":[{"taxonomy":"category","embeddable":true,"href":"https:\/\/radiorevelacionfm.cl\/index.php?rest_route=%2Fwp%2Fv2%2Fcategories&post=58462"},{"taxonomy":"post_tag","embeddable":true,"href":"https:\/\/radiorevelacionfm.cl\/index.php?rest_route=%2Fwp%2Fv2%2Ftags&post=58462"}],"curies":[{"name":"wp","href":"https:\/\/api.w.org\/{rel}","templated":true}]}}