{"id":58459,"date":"2025-08-29T12:08:04","date_gmt":"2025-08-29T15:08:04","guid":{"rendered":"https:\/\/radiorevelacionfm.cl\/?p=58459"},"modified":"2025-08-29T12:08:04","modified_gmt":"2025-08-29T15:08:04","slug":"corte-de-coyhaique-ordena-a-senda-reintegrar-a-funcionaria-desvinculada","status":"publish","type":"post","link":"https:\/\/radiorevelacionfm.cl\/?p=58459","title":{"rendered":"Corte de Coyhaique ordena a SENDA reintegrar a funcionaria desvinculada"},"content":{"rendered":"<div class=\"flex_column av_one_full  flex_column_div av-zero-column-padding first  avia-builder-el-0  el_before_av_one_full  avia-builder-el-first  \" style='border-radius:0px; '><div  class='avia-image-container  av-styling-    avia-builder-el-1  avia-builder-el-no-sibling  avia-align-center '  itemprop=\"image\" itemscope=\"itemscope\" itemtype=\"https:\/\/schema.org\/ImageObject\"  ><div class='avia-image-container-inner'><div class='avia-image-overlay-wrap'><img decoding=\"async\" class='wp-image-8540 avia-img-lazy-loading-not-8540 avia_image' src=\"https:\/\/radiorevelacionfm.cl\/wp-content\/uploads\/2021\/09\/foto-corte-apelaciones-coyhaique-1_optimized.jpg\" alt='' title='foto-corte-apelaciones-coyhaique-(1)_optimized' height=\"600\" width=\"1078\"  itemprop=\"thumbnailUrl\" srcset=\"https:\/\/radiorevelacionfm.cl\/wp-content\/uploads\/2021\/09\/foto-corte-apelaciones-coyhaique-1_optimized.jpg 1078w, https:\/\/radiorevelacionfm.cl\/wp-content\/uploads\/2021\/09\/foto-corte-apelaciones-coyhaique-1_optimized-300x167.jpg 300w, https:\/\/radiorevelacionfm.cl\/wp-content\/uploads\/2021\/09\/foto-corte-apelaciones-coyhaique-1_optimized-1030x573.jpg 1030w, https:\/\/radiorevelacionfm.cl\/wp-content\/uploads\/2021\/09\/foto-corte-apelaciones-coyhaique-1_optimized-768x427.jpg 768w, https:\/\/radiorevelacionfm.cl\/wp-content\/uploads\/2021\/09\/foto-corte-apelaciones-coyhaique-1_optimized-705x392.jpg 705w, https:\/\/radiorevelacionfm.cl\/wp-content\/uploads\/2021\/09\/foto-corte-apelaciones-coyhaique-1_optimized-600x334.jpg 600w\" sizes=\"(max-width: 1078px) 100vw, 1078px\" \/><\/div><\/div><\/div><\/div><div class=\"flex_column av_one_full  flex_column_div av-zero-column-padding first  avia-builder-el-2  el_after_av_one_full  el_before_av_one_full  column-top-margin\" style='border-radius:0px; '><section class=\"av_textblock_section \"  itemscope=\"itemscope\" itemtype=\"https:\/\/schema.org\/BlogPosting\" itemprop=\"blogPost\" ><div class='avia_textblock  '   itemprop=\"text\" ><p style=\"text-align: center;\"><span style=\"font-size: 18pt;\"><b>Corte de Coyhaique ordena a SENDA reintegrar a funcionaria desvinculada<\/b><\/span><\/p>\n<div id=\"gtx-trans\" style=\"position: absolute; left: -50px; top: 4.31534px;\">\n<div class=\"gtx-trans-icon\"><\/div>\n<\/div>\n<\/div><\/section><\/div><div class=\"flex_column av_one_full  flex_column_div av-zero-column-padding first  avia-builder-el-4  el_after_av_one_full  el_before_av_hr  column-top-margin\" style='border-radius:0px; '><section class=\"av_textblock_section \"  itemscope=\"itemscope\" itemtype=\"https:\/\/schema.org\/BlogPosting\" itemprop=\"blogPost\" ><div class='avia_textblock  '   itemprop=\"text\" ><p style=\"font-weight: 400; text-align: justify;\">La Corte de Apelaciones de Coyhaique acogi\u00f3 un recurso de protecci\u00f3n y orden\u00f3 al Servicio Nacional para la Prevenci\u00f3n y Rehabilitaci\u00f3n del Consumo de Drogas y Alcohol (SENDA) dejar sin efecto la resoluci\u00f3n que dispuso la no renovaci\u00f3n del nombramiento a contrata de funcionaria.<\/p>\n<p style=\"font-weight: 400; text-align: justify;\">En fallo un\u00e1nime (causa rol 160-2025), la Primera Sala del tribunal de alzada \u2013integrada por los ministros Pedro Alejandro Castro Espinoza, Jos\u00e9 Ignacio Mora Trujillo y Natalia Rencoret Oliva\u2013 acogi\u00f3 la acci\u00f3n cautelar tras establecer que la decisi\u00f3n de la autoridad carec\u00eda de motivaci\u00f3n suficiente y configuraba un acto arbitrario en perjuicio de la recurrente.<\/p>\n<p style=\"font-weight: 400; text-align: justify;\">\u201c(\u2026) se aprecia afectaci\u00f3n de la igualdad ante la ley, en su modalidad de discriminaci\u00f3n arbitraria, por haberse producido la desvinculaci\u00f3n de la recurrente con ocasi\u00f3n de su ausencia prolongada por motivos de salud, en circunstancias que su reposo m\u00e9dico se encuentra debidamente justificado y que los Informes de desempe\u00f1o no dan cuenta de alguna afectaci\u00f3n del Servicio por tal motivo, sino por el contrario, se le otorga la m\u00e1xima puntuaci\u00f3n en cuanto asistencia y puntualidad\u201d, se\u00f1ala el fallo.<\/p>\n<p style=\"font-weight: 400; text-align: justify;\">A\u00f1ade que: \u201c(\u2026) es un hecho de la causa que la recurrente se encontraba vinculada a trav\u00e9s de la modalidad \u201ccontrata\u201d con el Servicio Nacional para la Prevenci\u00f3n y Rehabilitaci\u00f3n del Consumo de Drogas y Alcohol (SENDA), siendo objeto de sucesivas renovaciones, desde el 01 de diciembre del 2011 al 31 de diciembre del a\u00f1o 2024, de conformidad a las resoluciones exentas se\u00f1aladas por las partes, manteni\u00e9ndose de manera continua e interrumpida en calidad de contrata por un lapso superior a 13 a\u00f1os\u201d.<\/p>\n<p style=\"font-weight: 400; text-align: justify;\">Asimismo, indica que \u201c(\u2026) de lo anterior se desprende que el v\u00ednculo contractual que ha ligado a la recurrente con la recurrida cumple, con creces, el plazo m\u00ednimo establecido por el criterio jurisprudencial rector emanado de la Excma. Corte Suprema para que se estime operativo el principio de la confianza leg\u00edtima, encontr\u00e1ndose la actora efectivamente amparada por \u00e9ste\u201d.<\/p>\n<p style=\"font-weight: 400; text-align: justify;\">Por tanto, se resolvi\u00f3 que: \u201c<strong>SE ACOGE<\/strong>, sin costas, el recurso de protecci\u00f3n deducido por Mar\u00eda Ang\u00e9lica C\u00e1rdenas Ojeda en contra del SENDA y, en consecuencia, se ordena dejar sin efecto las resoluciones que dispusieron la no renovaci\u00f3n de su contrata, disponer su inmediata reincorporaci\u00f3n y el pago de las remuneraciones devengadas, as\u00ed como la renovaci\u00f3n de su contrata por todo el a\u00f1o 2025\u201d.<\/p>\n<\/div><\/section><\/div><div  style='height:50px' class='hr hr-invisible   avia-builder-el-6  el_after_av_one_full  el_before_av_social_share '><span class='hr-inner ' ><span class='hr-inner-style'><\/span><\/span><\/div><\/p>\n<div  class='av-social-sharing-box  avia-builder-el-7  el_after_av_hr  el_before_av_hr  '><div class='av-share-box'><h5 class='av-share-link-description av-no-toc '>Compartir esta noticia<\/h5><ul class='av-share-box-list noLightbox'><li class='av-share-link av-social-link-facebook' ><a target=\"_blank\" aria-label=\"Compartir en Facebook\" href='https:\/\/www.facebook.com\/sharer.php?u=https:\/\/radiorevelacionfm.cl\/?p=58459&#038;t=Corte%20de%20Coyhaique%20ordena%20a%20SENDA%20reintegrar%20a%20funcionaria%20desvinculada' aria-hidden='false' data-av_icon='\ue8f3' data-av_iconfont='entypo-fontello' title='' data-avia-related-tooltip='Compartir en Facebook' rel=\"noopener\"><span class='avia_hidden_link_text'>Compartir en Facebook<\/span><\/a><\/li><li class='av-share-link av-social-link-twitter' ><a target=\"_blank\" aria-label=\"Compartir en Twitter\" href='https:\/\/twitter.com\/share?text=Corte%20de%20Coyhaique%20ordena%20a%20SENDA%20reintegrar%20a%20funcionaria%20desvinculada&#038;url=https:\/\/radiorevelacionfm.cl\/?p=58459' aria-hidden='false' data-av_icon='\ue8f1' data-av_iconfont='entypo-fontello' title='' data-avia-related-tooltip='Compartir en Twitter' rel=\"noopener\"><span class='avia_hidden_link_text'>Compartir en Twitter<\/span><\/a><\/li><li class='av-share-link av-social-link-whatsapp' ><a target=\"_blank\" aria-label=\"Compartir en Whatsapp\" href='https:\/\/api.whatsapp.com\/send?text=https:\/\/radiorevelacionfm.cl\/?p=58459' aria-hidden='false' data-av_icon='\uf232' data-av_iconfont='entypo-fontello' title='' data-avia-related-tooltip='Compartir en Whatsapp' rel=\"noopener\"><span class='avia_hidden_link_text'>Compartir en Whatsapp<\/span><\/a><\/li><li class='av-share-link av-social-link-linkedin' ><a target=\"_blank\" aria-label=\"Compartir en LinkedIn\" href='https:\/\/linkedin.com\/shareArticle?mini=true&#038;title=Corte%20de%20Coyhaique%20ordena%20a%20SENDA%20reintegrar%20a%20funcionaria%20desvinculada&#038;url=https:\/\/radiorevelacionfm.cl\/?p=58459' aria-hidden='false' data-av_icon='\ue8fc' data-av_iconfont='entypo-fontello' title='' data-avia-related-tooltip='Compartir en LinkedIn' rel=\"noopener\"><span class='avia_hidden_link_text'>Compartir en LinkedIn<\/span><\/a><\/li><li class='av-share-link av-social-link-mail' ><a  aria-label=\"Compartir por correo\" href='mailto:?subject=Corte%20de%20Coyhaique%20ordena%20a%20SENDA%20reintegrar%20a%20funcionaria%20desvinculada&#038;body=https:\/\/radiorevelacionfm.cl\/?p=58459' aria-hidden='false' data-av_icon='\ue805' data-av_iconfont='entypo-fontello' title='' data-avia-related-tooltip='Compartir por correo'><span class='avia_hidden_link_text'>Compartir por correo<\/span><\/a><\/li><\/ul><\/div><\/div>\n<div  style='height:50px' class='hr hr-invisible   avia-builder-el-8  el_after_av_social_share  el_before_av_comments_list '><span class='hr-inner ' ><span class='hr-inner-style'><\/span><\/span><\/div>\n<div  class='av-buildercomment  av-blog-meta-html-info-disabled av-blog-meta-tag-disabled  '><\/div>\n","protected":false},"excerpt":{"rendered":"","protected":false},"author":1,"featured_media":8540,"comment_status":"closed","ping_status":"closed","sticky":false,"template":"","format":"standard","meta":{"footnotes":""},"categories":[55],"tags":[],"class_list":["post-58459","post","type-post","status-publish","format-standard","has-post-thumbnail","hentry","category-justicia"],"jetpack_featured_media_url":"https:\/\/radiorevelacionfm.cl\/wp-content\/uploads\/2021\/09\/foto-corte-apelaciones-coyhaique-1_optimized.jpg","_links":{"self":[{"href":"https:\/\/radiorevelacionfm.cl\/index.php?rest_route=\/wp\/v2\/posts\/58459","targetHints":{"allow":["GET"]}}],"collection":[{"href":"https:\/\/radiorevelacionfm.cl\/index.php?rest_route=\/wp\/v2\/posts"}],"about":[{"href":"https:\/\/radiorevelacionfm.cl\/index.php?rest_route=\/wp\/v2\/types\/post"}],"author":[{"embeddable":true,"href":"https:\/\/radiorevelacionfm.cl\/index.php?rest_route=\/wp\/v2\/users\/1"}],"replies":[{"embeddable":true,"href":"https:\/\/radiorevelacionfm.cl\/index.php?rest_route=%2Fwp%2Fv2%2Fcomments&post=58459"}],"version-history":[{"count":2,"href":"https:\/\/radiorevelacionfm.cl\/index.php?rest_route=\/wp\/v2\/posts\/58459\/revisions"}],"predecessor-version":[{"id":58461,"href":"https:\/\/radiorevelacionfm.cl\/index.php?rest_route=\/wp\/v2\/posts\/58459\/revisions\/58461"}],"wp:featuredmedia":[{"embeddable":true,"href":"https:\/\/radiorevelacionfm.cl\/index.php?rest_route=\/wp\/v2\/media\/8540"}],"wp:attachment":[{"href":"https:\/\/radiorevelacionfm.cl\/index.php?rest_route=%2Fwp%2Fv2%2Fmedia&parent=58459"}],"wp:term":[{"taxonomy":"category","embeddable":true,"href":"https:\/\/radiorevelacionfm.cl\/index.php?rest_route=%2Fwp%2Fv2%2Fcategories&post=58459"},{"taxonomy":"post_tag","embeddable":true,"href":"https:\/\/radiorevelacionfm.cl\/index.php?rest_route=%2Fwp%2Fv2%2Ftags&post=58459"}],"curies":[{"name":"wp","href":"https:\/\/api.w.org\/{rel}","templated":true}]}}