{"id":58456,"date":"2025-08-30T15:41:56","date_gmt":"2025-08-30T18:41:56","guid":{"rendered":"https:\/\/radiorevelacionfm.cl\/?p=58456"},"modified":"2025-08-30T15:41:56","modified_gmt":"2025-08-30T18:41:56","slug":"la-tasa-de-desocupacion-en-la-region-de-aysen-fue-46-en-el-trimestre-mayo-julio-2025","status":"publish","type":"post","link":"https:\/\/radiorevelacionfm.cl\/?p=58456","title":{"rendered":"La tasa de desocupaci\u00f3n en la Regi\u00f3n de Ays\u00e9n fue 4,6% en el trimestre mayo-julio 2025"},"content":{"rendered":"<div class=\"flex_column av_one_full  flex_column_div av-zero-column-padding first  avia-builder-el-0  el_before_av_one_full  avia-builder-el-first  \" style='border-radius:0px; '><div  class='avia-image-container  av-styling-    avia-builder-el-1  avia-builder-el-no-sibling  avia-align-center '  itemprop=\"image\" itemscope=\"itemscope\" itemtype=\"https:\/\/schema.org\/ImageObject\"  ><div class='avia-image-container-inner'><div class='avia-image-overlay-wrap'><img decoding=\"async\" class='wp-image-57113 avia-img-lazy-loading-not-57113 avia_image' src=\"https:\/\/radiorevelacionfm.cl\/wp-content\/uploads\/2025\/07\/TRABAJADORES-1.jpeg\" alt='' title='TRABAJADORES (1)' height=\"600\" width=\"823\"  itemprop=\"thumbnailUrl\" srcset=\"https:\/\/radiorevelacionfm.cl\/wp-content\/uploads\/2025\/07\/TRABAJADORES-1.jpeg 823w, https:\/\/radiorevelacionfm.cl\/wp-content\/uploads\/2025\/07\/TRABAJADORES-1-300x219.jpeg 300w, https:\/\/radiorevelacionfm.cl\/wp-content\/uploads\/2025\/07\/TRABAJADORES-1-768x560.jpeg 768w, https:\/\/radiorevelacionfm.cl\/wp-content\/uploads\/2025\/07\/TRABAJADORES-1-705x514.jpeg 705w, https:\/\/radiorevelacionfm.cl\/wp-content\/uploads\/2025\/07\/TRABAJADORES-1-450x328.jpeg 450w, https:\/\/radiorevelacionfm.cl\/wp-content\/uploads\/2025\/07\/TRABAJADORES-1-600x437.jpeg 600w\" sizes=\"(max-width: 823px) 100vw, 823px\" \/><\/div><\/div><\/div><\/div><div class=\"flex_column av_one_full  flex_column_div av-zero-column-padding first  avia-builder-el-2  el_after_av_one_full  el_before_av_one_full  column-top-margin\" style='border-radius:0px; '><section class=\"av_textblock_section \"  itemscope=\"itemscope\" itemtype=\"https:\/\/schema.org\/BlogPosting\" itemprop=\"blogPost\" ><div class='avia_textblock  '   itemprop=\"text\" ><p style=\"text-align: center;\"><span style=\"font-size: 18pt;\"><b>La tasa de desocupaci\u00f3n en la Regi\u00f3n de Ays\u00e9n fue 4,6% en el trimestre\u00a0<\/b><\/span><span style=\"font-size: 18pt;\"><b>mayo-julio 2025<\/b><\/span><\/p>\n<div id=\"gtx-trans\" style=\"position: absolute; left: -50px; top: 4.31534px;\">\n<div class=\"gtx-trans-icon\"><\/div>\n<\/div>\n<\/div><\/section><\/div><div class=\"flex_column av_one_full  flex_column_div av-zero-column-padding first  avia-builder-el-4  el_after_av_one_full  el_before_av_hr  column-top-margin\" style='border-radius:0px; '><section class=\"av_textblock_section \"  itemscope=\"itemscope\" itemtype=\"https:\/\/schema.org\/BlogPosting\" itemprop=\"blogPost\" ><div class='avia_textblock  '   itemprop=\"text\" ><p style=\"text-align: justify;\"><em>En doce meses se registr\u00f3 un ascenso de 0,4 puntos porcentuales (pp.), explicado por el alza de la fuerza de trabajo (1,7%), mayor a la presentada por las personas ocupadas (1,3%).<\/em><\/p>\n<p style=\"text-align: justify;\">En 4,6% se ubic\u00f3 la tasa de desocupaci\u00f3n en la Regi\u00f3n de Ays\u00e9n durante el trimestre mayo &#8211; julio 2025 (MJJ 2025), de acuerdo con la informaci\u00f3n entregada por la Encuesta Nacional de Empleo (ENE), elaborada por el Instituto Nacional de Estad\u00edsticas de Chile (INE).<\/p>\n<p style=\"text-align: justify;\">La cifra signific\u00f3 un ascenso de 0,4 pp. en doce meses, debido a que el alza de la fuerza de trabajo (1,7%) fue mayor a la presentada por las personas ocupadas (1,3%).<\/p>\n<p style=\"text-align: justify;\">Respecto al mismo periodo del a\u00f1o anterior, las tasas de participaci\u00f3n y de ocupaci\u00f3n se situaron en 70,8% y 67,5%, creciendo 0,7 pp. y 0,3 pp., respectivamente. Por otra parte, la poblaci\u00f3n fuera de la fuerza de trabajo disminuy\u00f3 1,6%, influida por la poblaci\u00f3n inactiva habitual (-10,1%).<\/p>\n<p style=\"text-align: justify;\">En las mujeres, la tasa de desocupaci\u00f3n se situ\u00f3 en 7,1%, con un incremento de 2,8 pp. en doce meses; mientras que, en los hombres, la tasa de desocupaci\u00f3n fue 2,5%, con una disminuci\u00f3n de 1,5 pp. en el mismo per\u00edodo.<\/p>\n<p style=\"text-align: justify;\"><strong>Alza de personas ocupadas\u00a0 \u00a0 \u00a0\u00a0<\/strong><\/p>\n<p style=\"text-align: justify;\">En doce meses, la estimaci\u00f3n del total de personas ocupadas experiment\u00f3 un crecimiento de 1,3%, incidido \u00fanicamente por los hombres (4,3%).<\/p>\n<p style=\"text-align: justify;\"><strong>Informalidad<\/strong><\/p>\n<p style=\"text-align: justify;\">La tasa de ocupaci\u00f3n informal se ubic\u00f3 en 27,5%, con una baja de 2,1 pp. en un a\u00f1o. Las personas ocupadas informales disminuyeron 5,8%, incididas principalmente por \u00a0hombres (-8,3%).<\/p>\n<p style=\"text-align: justify;\">Indicadores de subutilizaci\u00f3n de la fuerza de trabajo<\/p>\n<p style=\"text-align: justify;\">La tasa combinada de desocupaci\u00f3n y fuerza de trabajo potencial alcanz\u00f3 12,1%, con un incremento de 2,4 pp. en el per\u00edodo. En los hombres se situ\u00f3 en 9,2% y en las mujeres, en 15,5%. La brecha de g\u00e9nero fue 6,3 pp.<\/p>\n<p style=\"text-align: justify;\">Ver:<\/p>\n<p style=\"text-align: justify;\"><a href=\"https:\/\/regiones.ine.cl\/aysen\/prensa\/la-tasa-de-desocupaci%C3%B3n-en-la-regi%C3%B3n-de-ays%C3%A9n-fue-4-6-en-el-trimestre-mayo-julio-2025\">Bolet\u00edn ENE Regi\u00f3n de Ays\u00e9n no. 184: mayo &#8211; julio 2025<\/a><\/p>\n<\/div><\/section><\/div><div  style='height:50px' class='hr hr-invisible   avia-builder-el-6  el_after_av_one_full  el_before_av_social_share '><span class='hr-inner ' ><span class='hr-inner-style'><\/span><\/span><\/div><\/p>\n<div  class='av-social-sharing-box  avia-builder-el-7  el_after_av_hr  el_before_av_hr  '><div class='av-share-box'><h5 class='av-share-link-description av-no-toc '>Compartir esta noticia<\/h5><ul class='av-share-box-list noLightbox'><li class='av-share-link av-social-link-facebook' ><a target=\"_blank\" aria-label=\"Compartir en Facebook\" href='https:\/\/www.facebook.com\/sharer.php?u=https:\/\/radiorevelacionfm.cl\/?p=58456&#038;t=La%20tasa%20de%20desocupaci%C3%B3n%20en%20la%20Regi%C3%B3n%20de%20Ays%C3%A9n%20fue%204%2C6%25%20en%20el%20trimestre%20mayo-julio%202025' aria-hidden='false' data-av_icon='\ue8f3' data-av_iconfont='entypo-fontello' title='' data-avia-related-tooltip='Compartir en Facebook' rel=\"noopener\"><span class='avia_hidden_link_text'>Compartir en Facebook<\/span><\/a><\/li><li class='av-share-link av-social-link-twitter' ><a target=\"_blank\" aria-label=\"Compartir en Twitter\" href='https:\/\/twitter.com\/share?text=La%20tasa%20de%20desocupaci%C3%B3n%20en%20la%20Regi%C3%B3n%20de%20Ays%C3%A9n%20fue%204%2C6%25%20en%20el%20trimestre%20mayo-julio%202025&#038;url=https:\/\/radiorevelacionfm.cl\/?p=58456' aria-hidden='false' data-av_icon='\ue8f1' data-av_iconfont='entypo-fontello' title='' data-avia-related-tooltip='Compartir en Twitter' rel=\"noopener\"><span class='avia_hidden_link_text'>Compartir en Twitter<\/span><\/a><\/li><li class='av-share-link av-social-link-whatsapp' ><a target=\"_blank\" aria-label=\"Compartir en Whatsapp\" href='https:\/\/api.whatsapp.com\/send?text=https:\/\/radiorevelacionfm.cl\/?p=58456' aria-hidden='false' data-av_icon='\uf232' data-av_iconfont='entypo-fontello' title='' data-avia-related-tooltip='Compartir en Whatsapp' rel=\"noopener\"><span class='avia_hidden_link_text'>Compartir en Whatsapp<\/span><\/a><\/li><li class='av-share-link av-social-link-linkedin' ><a target=\"_blank\" aria-label=\"Compartir en LinkedIn\" href='https:\/\/linkedin.com\/shareArticle?mini=true&#038;title=La%20tasa%20de%20desocupaci%C3%B3n%20en%20la%20Regi%C3%B3n%20de%20Ays%C3%A9n%20fue%204%2C6%25%20en%20el%20trimestre%20mayo-julio%202025&#038;url=https:\/\/radiorevelacionfm.cl\/?p=58456' aria-hidden='false' data-av_icon='\ue8fc' data-av_iconfont='entypo-fontello' title='' data-avia-related-tooltip='Compartir en LinkedIn' rel=\"noopener\"><span class='avia_hidden_link_text'>Compartir en LinkedIn<\/span><\/a><\/li><li class='av-share-link av-social-link-mail' ><a  aria-label=\"Compartir por correo\" href='mailto:?subject=La%20tasa%20de%20desocupaci%C3%B3n%20en%20la%20Regi%C3%B3n%20de%20Ays%C3%A9n%20fue%204%2C6%25%20en%20el%20trimestre%20mayo-julio%202025&#038;body=https:\/\/radiorevelacionfm.cl\/?p=58456' aria-hidden='false' data-av_icon='\ue805' data-av_iconfont='entypo-fontello' title='' data-avia-related-tooltip='Compartir por correo'><span class='avia_hidden_link_text'>Compartir por correo<\/span><\/a><\/li><\/ul><\/div><\/div>\n<div  style='height:50px' class='hr hr-invisible   avia-builder-el-8  el_after_av_social_share  el_before_av_comments_list '><span class='hr-inner ' ><span class='hr-inner-style'><\/span><\/span><\/div>\n<div  class='av-buildercomment  av-blog-meta-html-info-disabled av-blog-meta-tag-disabled  '><\/div>\n","protected":false},"excerpt":{"rendered":"","protected":false},"author":1,"featured_media":57113,"comment_status":"closed","ping_status":"closed","sticky":false,"template":"","format":"standard","meta":{"footnotes":""},"categories":[38],"tags":[],"class_list":["post-58456","post","type-post","status-publish","format-standard","has-post-thumbnail","hentry","category-regional"],"jetpack_featured_media_url":"https:\/\/radiorevelacionfm.cl\/wp-content\/uploads\/2025\/07\/TRABAJADORES-1.jpeg","_links":{"self":[{"href":"https:\/\/radiorevelacionfm.cl\/index.php?rest_route=\/wp\/v2\/posts\/58456","targetHints":{"allow":["GET"]}}],"collection":[{"href":"https:\/\/radiorevelacionfm.cl\/index.php?rest_route=\/wp\/v2\/posts"}],"about":[{"href":"https:\/\/radiorevelacionfm.cl\/index.php?rest_route=\/wp\/v2\/types\/post"}],"author":[{"embeddable":true,"href":"https:\/\/radiorevelacionfm.cl\/index.php?rest_route=\/wp\/v2\/users\/1"}],"replies":[{"embeddable":true,"href":"https:\/\/radiorevelacionfm.cl\/index.php?rest_route=%2Fwp%2Fv2%2Fcomments&post=58456"}],"version-history":[{"count":2,"href":"https:\/\/radiorevelacionfm.cl\/index.php?rest_route=\/wp\/v2\/posts\/58456\/revisions"}],"predecessor-version":[{"id":58525,"href":"https:\/\/radiorevelacionfm.cl\/index.php?rest_route=\/wp\/v2\/posts\/58456\/revisions\/58525"}],"wp:featuredmedia":[{"embeddable":true,"href":"https:\/\/radiorevelacionfm.cl\/index.php?rest_route=\/wp\/v2\/media\/57113"}],"wp:attachment":[{"href":"https:\/\/radiorevelacionfm.cl\/index.php?rest_route=%2Fwp%2Fv2%2Fmedia&parent=58456"}],"wp:term":[{"taxonomy":"category","embeddable":true,"href":"https:\/\/radiorevelacionfm.cl\/index.php?rest_route=%2Fwp%2Fv2%2Fcategories&post=58456"},{"taxonomy":"post_tag","embeddable":true,"href":"https:\/\/radiorevelacionfm.cl\/index.php?rest_route=%2Fwp%2Fv2%2Ftags&post=58456"}],"curies":[{"name":"wp","href":"https:\/\/api.w.org\/{rel}","templated":true}]}}