{"id":5845,"date":"2021-07-02T10:48:25","date_gmt":"2021-07-02T13:48:25","guid":{"rendered":"https:\/\/radiorevelacionfm.cl\/?p=5845"},"modified":"2021-07-02T10:48:25","modified_gmt":"2021-07-02T13:48:25","slug":"intendenta-de-aysen-valora-resultado-imacec-economia-nacional-sorprende-con-crecimiento-sobre-el-18-en-mayo","status":"publish","type":"post","link":"https:\/\/radiorevelacionfm.cl\/?p=5845","title":{"rendered":"Intendenta de Ays\u00e9n valora resultado Imacec: econom\u00eda nacional sorprende con crecimiento sobre el 18% en mayo"},"content":{"rendered":"<div class=\"flex_column av_one_full  flex_column_div av-zero-column-padding first  avia-builder-el-0  el_before_av_one_full  avia-builder-el-first  \" style='border-radius:0px; '><div  class='avia-image-container  av-styling-    avia-builder-el-1  avia-builder-el-no-sibling  avia-align-center '  itemprop=\"image\" itemscope=\"itemscope\" itemtype=\"https:\/\/schema.org\/ImageObject\"  ><div class='avia-image-container-inner'><div class='avia-image-overlay-wrap'><img decoding=\"async\" class='wp-image-0 avia-img-lazy-loading-not-0 avia_image' src=\"https:\/\/radiorevelacionfm.cl\/wp-content\/uploads\/2021\/07\/Intendenta_1-1-1.jpg\" alt='' title=''   itemprop=\"thumbnailUrl\"  \/><\/div><\/div><\/div><\/div><div class=\"flex_column av_one_full  flex_column_div av-zero-column-padding first  avia-builder-el-2  el_after_av_one_full  el_before_av_one_full  column-top-margin\" style='border-radius:0px; '><section class=\"av_textblock_section \"  itemscope=\"itemscope\" itemtype=\"https:\/\/schema.org\/BlogPosting\" itemprop=\"blogPost\" ><div class='avia_textblock  '   itemprop=\"text\" ><p style=\"text-align: center;\"><strong><span style=\"font-size: 18pt;\">Intendenta de Ays\u00e9n valora resultado Imacec: econom\u00eda nacional sorprende con crecimiento sobre el 18% en mayo<\/span><\/strong><\/p>\n<div id=\"gtx-trans\" style=\"position: absolute; left: -50px; top: 4.31534px;\">\n<div class=\"gtx-trans-icon\"><\/div>\n<\/div>\n<\/div><\/section><\/div><div class=\"flex_column av_one_full  flex_column_div av-zero-column-padding first  avia-builder-el-4  el_after_av_one_full  el_before_av_hr  column-top-margin\" style='border-radius:0px; '><section class=\"av_textblock_section \"  itemscope=\"itemscope\" itemtype=\"https:\/\/schema.org\/BlogPosting\" itemprop=\"blogPost\" ><div class='avia_textblock  '   itemprop=\"text\" ><p style=\"font-weight: 400; text-align: justify;\">Este jueves el Banco Central inform\u00f3 el \u00cdndice de Actividad Econ\u00f3mica (Imacec) del mes de mayo de este a\u00f1o, reportando que la econom\u00eda nacional creci\u00f3 un 18,1% en comparaci\u00f3n con igual mes del a\u00f1o anterior. Los resultados fueron valorados por la Intendenta de la Regi\u00f3n de Ays\u00e9n, Margarita Ossa, quien destac\u00f3 los esfuerzos que ha hecho el gobierno a trav\u00e9s de diversas medidas econ\u00f3micas que se enmarcan dentro del plan \u201cChile se recupera\u201d.<\/p>\n<p style=\"font-weight: 400; text-align: justify;\">\u201cDesde el inicio de la pandemia, el Presidente Sebasti\u00e1n Pi\u00f1era ha generado acciones concretas para reactivar la econom\u00eda del pa\u00eds \u2013por medio de bonos y beneficios tributarios a las micro, peque\u00f1as y medianas empresas\u2013, sumado a la inyecci\u00f3n de recursos para programas de Sercotec y CORFO, con la finalidad de aliviar tanto a las pymes y MYPEs de la Regi\u00f3n de Ays\u00e9n\u201d,\u00a0recalc\u00f3 Ossa, a\u00f1adiendo que:\u00a0\u201cEl resultado del Imacec son buenas noticias en cuanto a la adaptaci\u00f3n de la econom\u00eda, lo que nos va permitir ir creando nuevos empleos y mejores perspectivas hacia adelante\u201d.<\/p>\n<p style=\"font-weight: 400; text-align: justify;\">Seg\u00fan el reporte, la serie desestacionalizada aument\u00f3 2,6% respecto del mes precedente. Esta cifra se encuentra muy por sobre la expectativas de mercado, las cuales esperaban un crecimiento de 15,2%, seg\u00fan la \u00faltima Encuesta de Expectativas Econ\u00f3micas.<\/p>\n<p style=\"font-weight: 400; text-align: justify;\">Por su parte, el\u00a0Secretario Regional Ministerial de Econom\u00eda, Carlos Pacheco, consign\u00f3 que\u00a0\u201cel alza se explica por el crecimiento de los sectores de servicio y comercio, pero tambi\u00e9n creci\u00f3 la industria y la producci\u00f3n de bienes. Aunque el comercio se vio enfrentado a cuarentenas y hayamos estado obligados en mantener puertas cerradas de muchos locales comerciales, tenemos que considerar que esta pandemia tambi\u00e9n nos ha ayudado a reinventarnos, a buscar nuevas metodolog\u00edas para poder llegar a nuestros consumidores a trav\u00e9s de nuevos servicios\u201d.<\/p>\n<p style=\"font-weight: 400; text-align: justify;\">Por ejemplo, la producci\u00f3n de bienes creci\u00f3 7,5% explicado por el crecimiento de un 15,3% en la industria manufacturera, mientras que la miner\u00eda cay\u00f3 en un 0,3%. Por otro lado, el comercio creci\u00f3 un 51,3% y el sector de servicios present\u00f3 un incremento de 16,8% por el desempe\u00f1o de servicios personales, en particular, de educaci\u00f3n y salud.<\/p>\n<\/div><\/section><\/div><div  style='height:50px' class='hr hr-invisible   avia-builder-el-6  el_after_av_one_full  el_before_av_social_share '><span class='hr-inner ' ><span class='hr-inner-style'><\/span><\/span><\/div><\/p>\n<div  class='av-social-sharing-box  avia-builder-el-7  el_after_av_hr  el_before_av_hr  '><div class='av-share-box'><h5 class='av-share-link-description av-no-toc '>Compartir esta noticia<\/h5><ul class='av-share-box-list noLightbox'><li class='av-share-link av-social-link-facebook' ><a target=\"_blank\" aria-label=\"Compartir en Facebook\" href='https:\/\/www.facebook.com\/sharer.php?u=https:\/\/radiorevelacionfm.cl\/?p=5845&#038;t=Intendenta%20de%20Ays%C3%A9n%20valora%20resultado%20Imacec%3A%20econom%C3%ADa%20nacional%20sorprende%20con%20crecimiento%20sobre%20el%2018%25%20en%20mayo' aria-hidden='false' data-av_icon='\ue8f3' data-av_iconfont='entypo-fontello' title='' data-avia-related-tooltip='Compartir en Facebook' rel=\"noopener\"><span class='avia_hidden_link_text'>Compartir en Facebook<\/span><\/a><\/li><li class='av-share-link av-social-link-twitter' ><a target=\"_blank\" aria-label=\"Compartir en Twitter\" href='https:\/\/twitter.com\/share?text=Intendenta%20de%20Ays%C3%A9n%20valora%20resultado%20Imacec%3A%20econom%C3%ADa%20nacional%20sorprende%20con%20crecimiento%20sobre%20el%2018%25%20en%20mayo&#038;url=https:\/\/radiorevelacionfm.cl\/?p=5845' aria-hidden='false' data-av_icon='\ue8f1' data-av_iconfont='entypo-fontello' title='' data-avia-related-tooltip='Compartir en Twitter' rel=\"noopener\"><span class='avia_hidden_link_text'>Compartir en Twitter<\/span><\/a><\/li><li class='av-share-link av-social-link-whatsapp' ><a target=\"_blank\" aria-label=\"Compartir en Whatsapp\" href='https:\/\/api.whatsapp.com\/send?text=https:\/\/radiorevelacionfm.cl\/?p=5845' aria-hidden='false' data-av_icon='\uf232' data-av_iconfont='entypo-fontello' title='' data-avia-related-tooltip='Compartir en Whatsapp' rel=\"noopener\"><span class='avia_hidden_link_text'>Compartir en Whatsapp<\/span><\/a><\/li><li class='av-share-link av-social-link-linkedin' ><a target=\"_blank\" aria-label=\"Compartir en LinkedIn\" href='https:\/\/linkedin.com\/shareArticle?mini=true&#038;title=Intendenta%20de%20Ays%C3%A9n%20valora%20resultado%20Imacec%3A%20econom%C3%ADa%20nacional%20sorprende%20con%20crecimiento%20sobre%20el%2018%25%20en%20mayo&#038;url=https:\/\/radiorevelacionfm.cl\/?p=5845' aria-hidden='false' data-av_icon='\ue8fc' data-av_iconfont='entypo-fontello' title='' data-avia-related-tooltip='Compartir en LinkedIn' rel=\"noopener\"><span class='avia_hidden_link_text'>Compartir en LinkedIn<\/span><\/a><\/li><li class='av-share-link av-social-link-mail' ><a  aria-label=\"Compartir por correo\" href='mailto:?subject=Intendenta%20de%20Ays%C3%A9n%20valora%20resultado%20Imacec%3A%20econom%C3%ADa%20nacional%20sorprende%20con%20crecimiento%20sobre%20el%2018%25%20en%20mayo&#038;body=https:\/\/radiorevelacionfm.cl\/?p=5845' aria-hidden='false' data-av_icon='\ue805' data-av_iconfont='entypo-fontello' title='' data-avia-related-tooltip='Compartir por correo'><span class='avia_hidden_link_text'>Compartir por correo<\/span><\/a><\/li><\/ul><\/div><\/div>\n<div  style='height:50px' class='hr hr-invisible   avia-builder-el-8  el_after_av_social_share  el_before_av_comments_list '><span class='hr-inner ' ><span class='hr-inner-style'><\/span><\/span><\/div>\n<div  class='av-buildercomment  av-blog-meta-html-info-disabled av-blog-meta-tag-disabled  '><\/div>\n","protected":false},"excerpt":{"rendered":"","protected":false},"author":1,"featured_media":0,"comment_status":"open","ping_status":"open","sticky":false,"template":"","format":"standard","meta":{"footnotes":""},"categories":[38],"tags":[],"class_list":["post-5845","post","type-post","status-publish","format-standard","hentry","category-regional"],"jetpack_featured_media_url":"","_links":{"self":[{"href":"https:\/\/radiorevelacionfm.cl\/index.php?rest_route=\/wp\/v2\/posts\/5845","targetHints":{"allow":["GET"]}}],"collection":[{"href":"https:\/\/radiorevelacionfm.cl\/index.php?rest_route=\/wp\/v2\/posts"}],"about":[{"href":"https:\/\/radiorevelacionfm.cl\/index.php?rest_route=\/wp\/v2\/types\/post"}],"author":[{"embeddable":true,"href":"https:\/\/radiorevelacionfm.cl\/index.php?rest_route=\/wp\/v2\/users\/1"}],"replies":[{"embeddable":true,"href":"https:\/\/radiorevelacionfm.cl\/index.php?rest_route=%2Fwp%2Fv2%2Fcomments&post=5845"}],"version-history":[{"count":1,"href":"https:\/\/radiorevelacionfm.cl\/index.php?rest_route=\/wp\/v2\/posts\/5845\/revisions"}],"predecessor-version":[{"id":5847,"href":"https:\/\/radiorevelacionfm.cl\/index.php?rest_route=\/wp\/v2\/posts\/5845\/revisions\/5847"}],"wp:attachment":[{"href":"https:\/\/radiorevelacionfm.cl\/index.php?rest_route=%2Fwp%2Fv2%2Fmedia&parent=5845"}],"wp:term":[{"taxonomy":"category","embeddable":true,"href":"https:\/\/radiorevelacionfm.cl\/index.php?rest_route=%2Fwp%2Fv2%2Fcategories&post=5845"},{"taxonomy":"post_tag","embeddable":true,"href":"https:\/\/radiorevelacionfm.cl\/index.php?rest_route=%2Fwp%2Fv2%2Ftags&post=5845"}],"curies":[{"name":"wp","href":"https:\/\/api.w.org\/{rel}","templated":true}]}}