{"id":58447,"date":"2025-08-29T10:45:44","date_gmt":"2025-08-29T13:45:44","guid":{"rendered":"https:\/\/radiorevelacionfm.cl\/?p=58447"},"modified":"2025-08-29T10:45:44","modified_gmt":"2025-08-29T13:45:44","slug":"observatorio-laboral-se-despliega-en-la-region-para-avanzar-en-sus-estudios-de-turismo-y-movilidad-laboral","status":"publish","type":"post","link":"https:\/\/radiorevelacionfm.cl\/?p=58447","title":{"rendered":"Observatorio Laboral se despliega en la regi\u00f3n para avanzar en sus estudios de turismo y movilidad laboral"},"content":{"rendered":"<div class=\"flex_column av_one_full  flex_column_div av-zero-column-padding first  avia-builder-el-0  el_before_av_one_full  avia-builder-el-first  \" style='border-radius:0px; '><div  class='avia-image-container  av-styling-    avia-builder-el-1  avia-builder-el-no-sibling  avia-align-center '  itemprop=\"image\" itemscope=\"itemscope\" itemtype=\"https:\/\/schema.org\/ImageObject\"  ><div class='avia-image-container-inner'><div class='avia-image-overlay-wrap'><img decoding=\"async\" class='wp-image-58448 avia-img-lazy-loading-not-58448 avia_image' src=\"https:\/\/radiorevelacionfm.cl\/wp-content\/uploads\/2025\/08\/Caminata-sobre-glaciar-Exploradores-Parque-Nacional-Laguna-San-Rafael-XI-region-1-1.jpg\" alt='' title='Caminata sobre glaciar Exploradores - Parque Nacional Laguna San Rafael - XI regi\u00f3n (1) (1)' height=\"600\" width=\"1067\"  itemprop=\"thumbnailUrl\" srcset=\"https:\/\/radiorevelacionfm.cl\/wp-content\/uploads\/2025\/08\/Caminata-sobre-glaciar-Exploradores-Parque-Nacional-Laguna-San-Rafael-XI-region-1-1.jpg 1067w, https:\/\/radiorevelacionfm.cl\/wp-content\/uploads\/2025\/08\/Caminata-sobre-glaciar-Exploradores-Parque-Nacional-Laguna-San-Rafael-XI-region-1-1-300x169.jpg 300w, https:\/\/radiorevelacionfm.cl\/wp-content\/uploads\/2025\/08\/Caminata-sobre-glaciar-Exploradores-Parque-Nacional-Laguna-San-Rafael-XI-region-1-1-1030x579.jpg 1030w, https:\/\/radiorevelacionfm.cl\/wp-content\/uploads\/2025\/08\/Caminata-sobre-glaciar-Exploradores-Parque-Nacional-Laguna-San-Rafael-XI-region-1-1-768x432.jpg 768w, https:\/\/radiorevelacionfm.cl\/wp-content\/uploads\/2025\/08\/Caminata-sobre-glaciar-Exploradores-Parque-Nacional-Laguna-San-Rafael-XI-region-1-1-705x396.jpg 705w, https:\/\/radiorevelacionfm.cl\/wp-content\/uploads\/2025\/08\/Caminata-sobre-glaciar-Exploradores-Parque-Nacional-Laguna-San-Rafael-XI-region-1-1-450x253.jpg 450w, https:\/\/radiorevelacionfm.cl\/wp-content\/uploads\/2025\/08\/Caminata-sobre-glaciar-Exploradores-Parque-Nacional-Laguna-San-Rafael-XI-region-1-1-600x337.jpg 600w\" sizes=\"(max-width: 1067px) 100vw, 1067px\" \/><\/div><\/div><\/div><\/div><div class=\"flex_column av_one_full  flex_column_div av-zero-column-padding first  avia-builder-el-2  el_after_av_one_full  el_before_av_one_full  column-top-margin\" style='border-radius:0px; '><section class=\"av_textblock_section \"  itemscope=\"itemscope\" itemtype=\"https:\/\/schema.org\/BlogPosting\" itemprop=\"blogPost\" ><div class='avia_textblock  '   itemprop=\"text\" ><p style=\"text-align: center;\"><strong><span style=\"font-size: 18pt;\">Observatorio Laboral se despliega en la regi\u00f3n para avanzar en sus estudios de turismo y movilidad laboral<\/span><\/strong><\/p>\n<div id=\"gtx-trans\" style=\"position: absolute; left: -50px; top: 4.31534px;\">\n<div class=\"gtx-trans-icon\"><\/div>\n<\/div>\n<\/div><\/section><\/div><div class=\"flex_column av_one_full  flex_column_div av-zero-column-padding first  avia-builder-el-4  el_after_av_one_full  el_before_av_hr  column-top-margin\" style='border-radius:0px; '><section class=\"av_textblock_section \"  itemscope=\"itemscope\" itemtype=\"https:\/\/schema.org\/BlogPosting\" itemprop=\"blogPost\" ><div class='avia_textblock  '   itemprop=\"text\" ><ul>\n<li style=\"text-align: justify;\"><em>El plan estrat\u00e9gico de la entidad considera la elaboraci\u00f3n de 8 productos cualitativos y cuantitativos que consideran sondear la empleabilidad, movilidad y caracter\u00edsticas propias de la regi\u00f3n en materias laborales.<\/em><\/li>\n<\/ul>\n<p style=\"text-align: justify;\">Ays\u00e9n, agosto 2025.- El Observatorio Laboral de Ays\u00e9n, programa de la Subsecretar\u00eda del Trabajo y ejecutado por el Centro de Formaci\u00f3n T\u00e9cnica Estatal de la regi\u00f3n de Ays\u00e9n, cuenta con un equipo multidisciplinario con las competencias necesarias para hacer un completo levantamiento de informaci\u00f3n atingente a tem\u00e1ticas laborales en nuestro territorio.<\/p>\n<p style=\"text-align: justify;\">Es as\u00ed como este equipo de profesionales se ha desplegado, espec\u00edficamente en las comunas de Ays\u00e9n, Coyhaique y Cisnes, siendo \u00e9sta \u00faltima donde se hizo el catastro m\u00e1s reciente para alimentar de informaci\u00f3n los estudios de Realidad Comunal y el de Pertinencia Regional.<\/p>\n<p style=\"text-align: justify;\"><strong><u>Estudio de Realidad Comunal: un panorama actualizado<\/u><\/strong><\/p>\n<p style=\"text-align: justify;\">El Estudio de Realidad Comunal (ERC) 2025 le dar\u00e1 continuidad al Estudio OMIL 2024, ampliando el foco y dejando de tener a los representantes OMIL como \u00fanicos y principales informantes. Este producto aportar\u00e1 a conocer en profundidad la realidad laboral de las comunas del pa\u00eds, en el caso de Ays\u00e9n, se consider\u00f3 Cisnes poniendo el foco en poblaci\u00f3n joven y como encontrar el primer empleo ante la falta de experiencia laboral.<\/p>\n<p style=\"text-align: justify;\">De este modo se realizaron 2 talleres, siendo el primero en las inmediaciones del Liceo Arturo Prat, donde, mediante un grupo focal con metodolog\u00eda participativa, orientado a alumnos que est\u00e1n ad-portas de egresar de educaci\u00f3n media se les formul\u00f3 la idea de c\u00f3mo ellos visualizan el futuro de la b\u00fasqueda del primer empleo formal, lo que dio paso a una conversaci\u00f3n bastante fluida sobre sus expectativas como tambi\u00e9n sus inquietudes.<\/p>\n<p style=\"text-align: justify;\">En la misma l\u00ednea, pero en horas de la tarde, se reunieron en la biblioteca municipal de Puerto Cisnes, actores claves de la industria, empleadores y representantes de la comunidad, quienes, en la misma metodolog\u00eda que los estudiantes del liceo, intercambiaron opiniones sobre c\u00f3mo ven las instituciones la inserci\u00f3n laboral de los j\u00f3venes en b\u00fasqueda de su primer empleo viendo las principales adversidades.<\/p>\n<p style=\"text-align: justify;\">Frente a este levantamiento de datos y la participaci\u00f3n activa de la comunidad, para el seremi (s) del Trabajo y Previsi\u00f3n Social, Rodrigo D\u00edaz Cordaro, es valorable el inter\u00e9s que existe en la ciudadan\u00eda de aportar en c\u00f3mo mejorar los ambientes laborales o qu\u00e9 ayudas pueden ser necesarias, desde la cartera, para seguir promoviendo el empleo decente y aportar en la formalidad.<\/p>\n<p style=\"text-align: justify;\"><em>\u201cEl trabajo en terreno del Observatorio Laboral nos permite conectar con la ciudadan\u00eda y saber de primera fuente sus necesidades y las soluciones que plantean para promover el trabajo decente e igualdad de oportunidades para todos, que es algo sumamente importante para nuestro Gobierno porque queremos responder con mejores pol\u00edticas p\u00fablicas y que sean eficaces a la hora de cumplir con las demandas de todos los trabajadores y trabajadoras del pa\u00eds\u201d,<\/em> afirm\u00f3 la autoridad laboral.<\/p>\n<p style=\"text-align: justify;\">Junto a ello, el Seremi(s) del Trabajo y Previsi\u00f3n Social, Rodrigo D\u00edaz a\u00f1adi\u00f3 <em>\u201cTambi\u00e9n relevamos la importancia de incluir a la poblaci\u00f3n joven en sus estudios, porque es una preocupaci\u00f3n constante para la cartera en c\u00f3mo entregar mejores herramientas de apoyo y oportunidades, adem\u00e1s del Subsidio al Empleo Joven que entrega el Sence o de los programas de capacitaci\u00f3n que aportan a tener mayor conocimiento para enfrentar el mundo laboral y obtener empleos acorde a sus necesidades, enfatizando la continuidad de estudios, por ejemplo, a trav\u00e9s de Sence y en los centros de formaci\u00f3n de la regi\u00f3n, que nos permitan tener trabajadores y trabajadoras m\u00e1s capacitados y especializados, que es lo que requiere el mundo laboral hoy, y no se busque en otras regiones \u00e9se capital humano. Los cursos priorizados por el Consejo Regional de Capacitaci\u00f3n en \u00e1reas como patr\u00f3n de nave buscan precisamente entregar esas oportunidades\u201d.<\/em><\/p>\n<p style=\"text-align: justify;\"><strong><u>\u201cTurismo y Movilidad Laboral\u201d: un estudio regional con perspectiva<\/u><\/strong><\/p>\n<p style=\"text-align: justify;\">La regi\u00f3n de Ays\u00e9n es una de las m\u00e1s extensas del pa\u00eds y m\u00e1s del 50% de su superficie est\u00e1 compuesta por \u00c1reas Silvestres Protegidas, adem\u00e1s de una innegable y exuberante belleza natural. Con respecto a su econom\u00eda, est\u00e1 basada en la ganader\u00eda, salmonicultura y turismo, por nombrar a las m\u00e1s significativas. He ah\u00ed donde radica la justificaci\u00f3n del por qu\u00e9 estudiar el turismo en la regi\u00f3n, puesto que, por una parte, concentra gran inversi\u00f3n p\u00fablica y genera empleos, y, por otro lado, tiene una alta movilidad por estacionalidad de la industria en la zona y conmutaci\u00f3n laboral.<\/p>\n<p style=\"text-align: justify;\">Para C\u00e9sar G\u00f3mez Berrocal, director del Observatorio, la decisi\u00f3n de abordar el turismo tambi\u00e9n pasa porque que es un mercado transversal que ha tomado mucha fuerza en el territorio y que cada a\u00f1o busca fortalecerse como el sello de la regi\u00f3n.<\/p>\n<p style=\"text-align: justify;\"><em>\u201cLa estrategia de Desarrollo Regional establece como un sector estrat\u00e9gico en la regi\u00f3n el sector del turismo y al mismo tiempo es importante destacar que durante el \u00faltimo a\u00f1o calendario nuestra regi\u00f3n tuvo cifras r\u00e9cord de visitantes, lo cual obviamente demanda mejorar la calidad del servicio en t\u00e9rminos de infraestructura, pero obviamente tambi\u00e9n en t\u00e9rminos de capital humano. Es en ese contexto que cobra relevancia el hecho de poder levantar informaci\u00f3n del mercado laboral en el sector desde el punto de vista de poder determinar, cu\u00e1les son las principales ocupaciones que se requieren formar, ya sea en t\u00e9rminos de carreras t\u00e9cnicos de nivel superior, como tambi\u00e9n formaci\u00f3n en oficios y\/o certificaci\u00f3n de competencias laborales, con lo cual obviamente estamos buscando generar informaci\u00f3n tanto cuantitativa como cualitativa para poder profundizar respecto a la din\u00e1mica del sector en aspectos, ya sea de movilidad laboral o informalidad, entre otros, de manera tal de generar informaci\u00f3n que sea pertinente y de calidad para los tomadores de decisi\u00f3n\u201d<\/em> expres\u00f3 el director del programa.<\/p>\n<p style=\"text-align: justify;\">El enfoque de este estudio es exploratorio descriptivo, donde se realizar\u00e1 una metodolog\u00eda mixta con enfoque cualitativo y cuantitativo a trav\u00e9s de informaci\u00f3n obtenida de fuentes primarias (entrevistas y encuestas) y secundarias (datos macroecon\u00f3micos y microecon\u00f3micos de la industria del turismo).<\/p>\n<p style=\"text-align: justify;\">Con respecto a las entrevistas, estas han sido presenciales y telem\u00e1ticas a actores relevantes de la industria, mientras que la encuesta es autoaplicada a trav\u00e9s de una <a href=\"https:\/\/es.surveymonkey.com\/r\/55BVKMK\">plataforma web<\/a> donde se invita a trabajadores y due\u00f1os de empresas ligadas al turismo, a responder un cuestionario, el que luego ser\u00e1 analizado para ahondar sobre las caracter\u00edsticas territoriales de la regi\u00f3n y de las actividades estrat\u00e9gicas seleccionadas respecto al sector, su matriz productiva y su movilidad laboral.<\/p>\n<p style=\"text-align: justify;\"><strong><u>Sobre nosotros<\/u><\/strong><\/p>\n<p style=\"text-align: justify;\">El Observatorio Laboral de Ays\u00e9n, es parte de la Estrategia Nacional de Prospecci\u00f3n Laboral, convenio firmado entre el Centro de Formaci\u00f3n T\u00e9cnica Estatal de Ays\u00e9n y la Subsecretaria del Trabajo, representada por la Seremi de Trabajo y Previsi\u00f3n Social.<\/p>\n<p style=\"text-align: justify;\">Si quieres conocer m\u00e1s del trabajo del Observatorio Laboral Ays\u00e9n, pueden revisar sus redes sociales en Instagram como @olraysen, en X como @OLRAysen y su fanpage de Facebook: Observatorio Laboral Ays\u00e9n.<\/p>\n<\/div><\/section><\/div><div  style='height:50px' class='hr hr-invisible   avia-builder-el-6  el_after_av_one_full  el_before_av_social_share '><span class='hr-inner ' ><span class='hr-inner-style'><\/span><\/span><\/div><\/p>\n<div  class='av-social-sharing-box  avia-builder-el-7  el_after_av_hr  el_before_av_hr  '><div class='av-share-box'><h5 class='av-share-link-description av-no-toc '>Compartir esta noticia<\/h5><ul class='av-share-box-list noLightbox'><li class='av-share-link av-social-link-facebook' ><a target=\"_blank\" aria-label=\"Compartir en Facebook\" href='https:\/\/www.facebook.com\/sharer.php?u=https:\/\/radiorevelacionfm.cl\/?p=58447&#038;t=Observatorio%20Laboral%20se%20despliega%20en%20la%20regi%C3%B3n%20para%20avanzar%20en%20sus%20estudios%20de%20turismo%20y%20movilidad%20laboral' aria-hidden='false' data-av_icon='\ue8f3' data-av_iconfont='entypo-fontello' title='' data-avia-related-tooltip='Compartir en Facebook' rel=\"noopener\"><span class='avia_hidden_link_text'>Compartir en Facebook<\/span><\/a><\/li><li class='av-share-link av-social-link-twitter' ><a target=\"_blank\" aria-label=\"Compartir en Twitter\" href='https:\/\/twitter.com\/share?text=Observatorio%20Laboral%20se%20despliega%20en%20la%20regi%C3%B3n%20para%20avanzar%20en%20sus%20estudios%20de%20turismo%20y%20movilidad%20laboral&#038;url=https:\/\/radiorevelacionfm.cl\/?p=58447' aria-hidden='false' data-av_icon='\ue8f1' data-av_iconfont='entypo-fontello' title='' data-avia-related-tooltip='Compartir en Twitter' rel=\"noopener\"><span class='avia_hidden_link_text'>Compartir en Twitter<\/span><\/a><\/li><li class='av-share-link av-social-link-whatsapp' ><a target=\"_blank\" aria-label=\"Compartir en Whatsapp\" href='https:\/\/api.whatsapp.com\/send?text=https:\/\/radiorevelacionfm.cl\/?p=58447' aria-hidden='false' data-av_icon='\uf232' data-av_iconfont='entypo-fontello' title='' data-avia-related-tooltip='Compartir en Whatsapp' rel=\"noopener\"><span class='avia_hidden_link_text'>Compartir en Whatsapp<\/span><\/a><\/li><li class='av-share-link av-social-link-linkedin' ><a target=\"_blank\" aria-label=\"Compartir en LinkedIn\" href='https:\/\/linkedin.com\/shareArticle?mini=true&#038;title=Observatorio%20Laboral%20se%20despliega%20en%20la%20regi%C3%B3n%20para%20avanzar%20en%20sus%20estudios%20de%20turismo%20y%20movilidad%20laboral&#038;url=https:\/\/radiorevelacionfm.cl\/?p=58447' aria-hidden='false' data-av_icon='\ue8fc' data-av_iconfont='entypo-fontello' title='' data-avia-related-tooltip='Compartir en LinkedIn' rel=\"noopener\"><span class='avia_hidden_link_text'>Compartir en LinkedIn<\/span><\/a><\/li><li class='av-share-link av-social-link-mail' ><a  aria-label=\"Compartir por correo\" href='mailto:?subject=Observatorio%20Laboral%20se%20despliega%20en%20la%20regi%C3%B3n%20para%20avanzar%20en%20sus%20estudios%20de%20turismo%20y%20movilidad%20laboral&#038;body=https:\/\/radiorevelacionfm.cl\/?p=58447' aria-hidden='false' data-av_icon='\ue805' data-av_iconfont='entypo-fontello' title='' data-avia-related-tooltip='Compartir por correo'><span class='avia_hidden_link_text'>Compartir por correo<\/span><\/a><\/li><\/ul><\/div><\/div>\n<div  style='height:50px' class='hr hr-invisible   avia-builder-el-8  el_after_av_social_share  el_before_av_comments_list '><span class='hr-inner ' ><span class='hr-inner-style'><\/span><\/span><\/div>\n<div  class='av-buildercomment  av-blog-meta-html-info-disabled av-blog-meta-tag-disabled  '><\/div>\n","protected":false},"excerpt":{"rendered":"","protected":false},"author":1,"featured_media":58448,"comment_status":"closed","ping_status":"closed","sticky":false,"template":"","format":"standard","meta":{"footnotes":""},"categories":[38],"tags":[],"class_list":["post-58447","post","type-post","status-publish","format-standard","has-post-thumbnail","hentry","category-regional"],"jetpack_featured_media_url":"https:\/\/radiorevelacionfm.cl\/wp-content\/uploads\/2025\/08\/Caminata-sobre-glaciar-Exploradores-Parque-Nacional-Laguna-San-Rafael-XI-region-1-1.jpg","_links":{"self":[{"href":"https:\/\/radiorevelacionfm.cl\/index.php?rest_route=\/wp\/v2\/posts\/58447","targetHints":{"allow":["GET"]}}],"collection":[{"href":"https:\/\/radiorevelacionfm.cl\/index.php?rest_route=\/wp\/v2\/posts"}],"about":[{"href":"https:\/\/radiorevelacionfm.cl\/index.php?rest_route=\/wp\/v2\/types\/post"}],"author":[{"embeddable":true,"href":"https:\/\/radiorevelacionfm.cl\/index.php?rest_route=\/wp\/v2\/users\/1"}],"replies":[{"embeddable":true,"href":"https:\/\/radiorevelacionfm.cl\/index.php?rest_route=%2Fwp%2Fv2%2Fcomments&post=58447"}],"version-history":[{"count":2,"href":"https:\/\/radiorevelacionfm.cl\/index.php?rest_route=\/wp\/v2\/posts\/58447\/revisions"}],"predecessor-version":[{"id":58451,"href":"https:\/\/radiorevelacionfm.cl\/index.php?rest_route=\/wp\/v2\/posts\/58447\/revisions\/58451"}],"wp:featuredmedia":[{"embeddable":true,"href":"https:\/\/radiorevelacionfm.cl\/index.php?rest_route=\/wp\/v2\/media\/58448"}],"wp:attachment":[{"href":"https:\/\/radiorevelacionfm.cl\/index.php?rest_route=%2Fwp%2Fv2%2Fmedia&parent=58447"}],"wp:term":[{"taxonomy":"category","embeddable":true,"href":"https:\/\/radiorevelacionfm.cl\/index.php?rest_route=%2Fwp%2Fv2%2Fcategories&post=58447"},{"taxonomy":"post_tag","embeddable":true,"href":"https:\/\/radiorevelacionfm.cl\/index.php?rest_route=%2Fwp%2Fv2%2Ftags&post=58447"}],"curies":[{"name":"wp","href":"https:\/\/api.w.org\/{rel}","templated":true}]}}